{"id":72783,"date":"2024-11-18T11:13:00","date_gmt":"2024-11-18T10:13:00","guid":{"rendered":"https:\/\/miradordeatarfe.es\/?p=72783"},"modified":"2024-11-18T13:08:26","modified_gmt":"2024-11-18T12:08:26","slug":"otra-gran-protesta-contra-la-gestion-de-la-sanidad-publica-del-gobierno-de-moreno","status":"publish","type":"post","link":"https:\/\/miradordeatarfe.es\/?p=72783","title":{"rendered":"ATARFE PARTICIPA EN LA PROTESTA contra la gesti\u00f3n de la sanidad p\u00fablica ANDALUZA"},"content":{"rendered":"\n<p><strong>\u00c9xito de la convocatoria, que llama a implicarse a la ciudadan\u00eda: \u00abLa sanidad p\u00fablica est\u00e1 en tus manos\u00bb<\/strong><\/p>\n\n\n\n<p>Convocada por la Mesa en Defensa de la Sanidad P\u00fablica de Granada, la protesta ha reflejado el enfado por el grave deterioro de la sanidad p\u00fablica, mientras el Gobierno de mayor\u00eda absoluta del PP apuesta por la sanidad privada.<\/p>\n\n\n\n<figure class=\"wp-block-image\"><img data-recalc-dims=\"1\" decoding=\"async\" src=\"https:\/\/i0.wp.com\/www.elindependientedegranada.es\/sites\/default\/files\/styles\/large\/public\/ciudadania\/sanidad_publica_0.jpg?w=640&#038;ssl=1\" alt=\"Detalle de la manifestaci\u00f3n a su paso por Reyes Cat\u00f3licos.\"\/><\/figure>\n\n\n\n<p>IndeGranada<\/p>\n\n\n\n<p>Detalle de la manifestaci\u00f3n a su paso por Reyes Cat\u00f3licos.<\/p>\n\n\n\n<p>\u00abDestrozan la Atenci\u00f3n Primaria, prolongan hasta el infinito las listas de espera, abandonan las zonas rurales\u00bb y \u00abmaltratan al personal del SAS\u00bb. Ese es el diagn\u00f3stico de la Mesa en Defensa de la Sanidad P\u00fablica de Granada, que ha reunido este domingo una marea blanca que ha recorrido el centro de la capital para denunciar el grave deterioro de la sanidad p\u00fablica y censurar la gesti\u00f3n del Gobierno de Juan Manuel Moreno, al que exigen una sanidad \u00ab100% p\u00fablica, universal y de calidad\u00bb y que abandone la pol\u00edtica de privatizaci\u00f3n que tanto da\u00f1o est\u00e1 haciendo.<\/p>\n\n\n\n<figure class=\"wp-block-image\"><img data-recalc-dims=\"1\" decoding=\"async\" src=\"https:\/\/i0.wp.com\/www.elindependientedegranada.es\/sites\/default\/files\/manifa_salud.jpg?w=640&#038;ssl=1\" alt=\"\"\/><\/figure>\n\n\n\n<p>Llegada de la protesta a la plaza Isabel la Cat\u00f3lica. Foto: Manolo Codina<\/p>\n\n\n\n<p>La movilizaci\u00f3n, con una gran respuesta ciudadana, ha evidenciado el enfado por la situaci\u00f3n de la sanidad p\u00fablica<\/p>\n\n\n\n<p>La movilizaci\u00f3n, con una gran respuesta ciudadana, ha evidenciado el enfado por la situaci\u00f3n de la sanidad p\u00fablica. No hay citas para acudir al centro de salud y las listas de espera para recibir atenci\u00f3n del especialista o para una intervenci\u00f3n quir\u00fargica se eternizan. Un deterioro que aumenta en la misma proporci\u00f3n que el Gobierno de mayor\u00eda absoluta del PP riega con contratos a la sanidad privada y sus empresas.<\/p>\n\n\n\n<figure class=\"wp-block-image\"><img data-recalc-dims=\"1\" decoding=\"async\" src=\"https:\/\/i0.wp.com\/www.elindependientedegranada.es\/sites\/default\/files\/senora_en_manifa_0.jpg?w=640&#038;ssl=1\" alt=\"\"\/><\/figure>\n\n\n\n<figure class=\"wp-block-image\"><img data-recalc-dims=\"1\" decoding=\"async\" src=\"https:\/\/i0.wp.com\/www.elindependientedegranada.es\/sites\/default\/files\/detalle_senoras.jpg?w=640&#038;ssl=1\" alt=\"\"\/><\/figure>\n\n\n\n<p>Participantes en la manifestaci\u00f3n. Fotos: IndeGranada<\/p>\n\n\n\n<figure class=\"wp-block-image\"><img data-recalc-dims=\"1\" decoding=\"async\" src=\"https:\/\/i0.wp.com\/www.elindependientedegranada.es\/sites\/default\/files\/detalle_pancartas.jpg?w=640&#038;ssl=1\" alt=\"\"\/><\/figure>\n\n\n\n<p>Detalles de las pancartas en una Gran V\u00eda en la que ya se ha instalado la iluminaci\u00f3n navide\u00f1a. Foto: IndeGranada<\/p>\n\n\n\n<p>La Mesa en Defensa de la Sanidad P\u00fablica, en la que est\u00e1n integrados sindicatos, organizaciones como Facua y partidos de izquierda, apela con esta movilizaci\u00f3n a la implicaci\u00f3n ciudadana. El descontento es evidente. \u00abLa sanidad p\u00fablica est\u00e1 en tus mano\u00bb, era el lema que se le\u00eda en la pancarta de cabecera de la manifestaci\u00f3n, que ha partido de los Jardines del Triunfo para finalizar en la Fuente de las Batallas.&nbsp;<\/p>\n\n\n\n<p>Durante su recorrido, los participantes han lanzado mensajes y c\u00e1nticos, entre ellos: \u00abJuanma, escucha, Granada est\u00e1 en la lucha\u00bb; \u00abLas listas de espera nos desesperan\u00bb; \u00abQue no queremos, que no nos interesa, una sanidad al servicio de la empresa\u00bb. Y apelando directamente a la ciudadan\u00eda: \u00abPor ti que est\u00e1s mirando, tambi\u00e9n estoy luchando\u00bb.&nbsp;<\/p>\n\n\n\n<p>En la Fuente de las Batallas se ha le\u00eddo un manifiesto que exige revertir esta situaci\u00f3n.&nbsp;<\/p>\n\n\n\n<p><strong>Reproducimos a continuaci\u00f3n el manifiesto:&nbsp;<\/strong><\/p>\n\n\n\n<p>Hoy en Granada y en todas las capitales de Andaluc\u00eda se oye un clamor popular contra el deterioro del sistema sanitario, contra las listas de espera, contra la privatizaciones.<\/p>\n\n\n\n<p>No nos conformamos, no nos callamos, vamos a seguir saliendo a la calle, con argumetnos, reclamando all\u00e1 donde sea necesario porque nos merecemos como sociedad que nuestros impuestos se empleen en cuidar en nuestra salud y no en aumentar los beneficios de ninguna empresa.<\/p>\n\n\n\n<p>No estamos ciegos, estamos viendo c\u00f3mo destrozan el sistema poco a poco:<\/p>\n\n\n\n<ul class=\"wp-block-list\">\n<li>Maltratan de forma sistem\u00e1tica al personal del SAS, de forma que acabe cansado, desmotivado y a veces directamente se marche.<\/li>\n\n\n\n<li>Destrozan la Atenci\u00f3n Primaria, dej\u00e1ndola sin recursos ni materiales ni personales ni organizativos, de forma que no se pueda dar respuesta a la creciente demanda de atenci\u00f3n sanitaria de la poblaci\u00f3n.<\/li>\n\n\n\n<li>Prolongoan hasta el infinito las listas de espera, que al final desesperan. Nunca llega esa cita para consulta, para la prueba diagn\u00f3stica, para la cirug\u00eda&#8230; Solo obtentemos un \u00abya te llamar\u00e1n\u00bb por respuesta. M\u00e1s del 12% de la poblaci\u00f3n andaluza est\u00e1 en lista de espera y en casi el 60% de los casos, los tiempos de espera superan el l\u00edmite legal establecido.<\/li>\n\n\n\n<li>Abandonan las zonas rurales, conden\u00e1ndolas a tener un sistema sanitario de segunda categor\u00eda.&nbsp;<\/li>\n\n\n\n<li>Construyen barreras -tel\u00e9fonos, teleconsultas, cartas con resultados- que alejan a las personas de las respuestas sanitarias que necesitan, sobre todo a las personas mayores, a las personas migrantes, a las m\u00e1s vulnerables.&nbsp;<\/li>\n\n\n\n<li>Olvidan que gran parte de los problemas de salud tanto f\u00edsica como mental tienen relaci\u00f3n con las condiciones de vida, la vivienda, el trabajo&#8230; omitiendo todo tio de intervenciones de prevenci\u00f3n y promoci\u00f3n de la salud de la comunidad.<\/li>\n\n\n\n<li>Desv\u00edan el dinero p\u00fablico hacia la industria farmac\u00e9utica y hacia las empresas de medicina privada, en vez de dedicarlo a mejorar la salud de la ciudadan\u00eda.<\/li>\n<\/ul>\n\n\n\n<figure class=\"wp-block-image\"><img data-recalc-dims=\"1\" decoding=\"async\" src=\"https:\/\/i0.wp.com\/www.elindependientedegranada.es\/sites\/default\/files\/detalle_cabecera.jpg?w=640&#038;ssl=1\" alt=\"\"\/><\/figure>\n\n\n\n<p>Nuestra postura est\u00e1 muy clara. Estamos convencidos de que gestionando de forma eficiente los recursos p\u00fablicos y tratando bien a los y las profesionales se puede revertir esta situaci\u00f3n.<\/p>\n\n\n\n<p>Exigimos que la Atenci\u00f3n Primaria sea el verdadero eje del sistema, que disponga de recursos y tiempo para trabajar en la prevenci\u00f3n y promoci\u00f3n de la salud, a la vez que atiende a las personas enfermas de una manera \u00e1gil y resolutiva.<\/p>\n\n\n\n<p>Demandamos que los hospitales respondan pronto y bien, para disminuir tanto el sufrimiento como el riesgo de complicaciones que suponen las largas espera.&nbsp;<\/p>\n\n\n\n<p>Reclamamos accesibilidad, consultas eminentemente presenciales y facilidades para la comprensi\u00f3n de citas a todas las personas que lo necesiten.<\/p>\n\n\n\n<p>Queremos, como sociedad informada, acceder a los datos reales sobre la situaci\u00f3n del sistema, con transparencia, y ser escuchados, tener voz.&nbsp;<\/p>\n\n\n\n<p>Y por todo esto vamos a seguir luchando de forma colectiva y unitaria, en toda Andaluc\u00eda.&nbsp;<\/p>\n\n\n\n<p>La sanidad no se vende, se defiende.<\/p>\n\n\n\n<p>No te quedes esperando, m\u00faevete por tu salud\u00bb.&nbsp;<\/p>\n\n\n\n<h4 class=\"wp-block-heading\">Un gran participaci\u00f3n<\/h4>\n\n\n\n<p>La movilizaci\u00f3n de la Marea Blanca de Granada ha estado respaldada por el PSOE, IU, Podemos, Adelante, Sumar y PCA, adem\u00e1s de los sindicatos CCOO, UGT, ATSAS o el de T\u00e9cnicos Sanitarios. Tambi\u00e9n colectivos como la plataforma de pensionistas metropolitana, vecinos y vecinas de Atarfe y la red vecinal del Zaid\u00edn, entre otros muchos colectivos.&nbsp;<\/p>\n\n\n\n<p>A la protesta no se ha sumado la Asociaci\u00f3n Justicia por la Sanidad, que cre\u00f3 el malogrado Jes\u00fas Candel y que recientemente organiz\u00f3 su propia marcha<\/p>\n\n\n\n<figure class=\"wp-block-image\"><img data-recalc-dims=\"1\" decoding=\"async\" src=\"https:\/\/i0.wp.com\/www.elindependientedegranada.es\/sites\/default\/files\/ugt_9.jpg?w=640&#038;ssl=1\" alt=\"\"\/><\/figure>\n\n\n\n<figure class=\"wp-block-image\"><img data-recalc-dims=\"1\" decoding=\"async\" src=\"https:\/\/i0.wp.com\/www.elindependientedegranada.es\/sites\/default\/files\/ccoo_17.jpg?w=640&#038;ssl=1\" alt=\"\"\/><\/figure>\n\n\n\n<figure class=\"wp-block-image\"><img data-recalc-dims=\"1\" decoding=\"async\" src=\"https:\/\/i0.wp.com\/www.elindependientedegranada.es\/sites\/default\/files\/atsas.jpg?w=640&#038;ssl=1\" alt=\"\"\/><\/figure>\n\n\n\n<figure class=\"wp-block-image\"><img data-recalc-dims=\"1\" decoding=\"async\" src=\"https:\/\/i0.wp.com\/www.elindependientedegranada.es\/sites\/default\/files\/tss.jpg?w=640&#038;ssl=1\" alt=\"\"\/><\/figure>\n\n\n\n<p>Fotos: IndeGranada<\/p>\n\n\n\n<figure class=\"wp-block-image\"><img data-recalc-dims=\"1\" decoding=\"async\" src=\"https:\/\/i0.wp.com\/www.elindependientedegranada.es\/sites\/default\/files\/psoe_10.jpg?w=640&#038;ssl=1\" alt=\"\"\/><\/figure>\n\n\n\n<figure class=\"wp-block-image\"><img data-recalc-dims=\"1\" decoding=\"async\" src=\"https:\/\/i0.wp.com\/www.elindependientedegranada.es\/sites\/default\/files\/iu_10.jpg?w=640&#038;ssl=1\" alt=\"\"\/><\/figure>\n\n\n\n<figure class=\"wp-block-image\"><img data-recalc-dims=\"1\" decoding=\"async\" src=\"https:\/\/i0.wp.com\/www.elindependientedegranada.es\/sites\/default\/files\/adelante_0.jpg?w=640&#038;ssl=1\" alt=\"\"\/><\/figure>\n\n\n\n<p>Fotos: IndeGranada<\/p>\n\n\n\n<figure class=\"wp-block-image\"><img data-recalc-dims=\"1\" decoding=\"async\" src=\"https:\/\/i0.wp.com\/www.elindependientedegranada.es\/sites\/default\/files\/plataforma_pensiones_0.jpg?w=640&#038;ssl=1\" alt=\"\"\/><\/figure>\n\n\n\n<figure class=\"wp-block-image\"><img data-recalc-dims=\"1\" decoding=\"async\" src=\"https:\/\/i0.wp.com\/www.elindependientedegranada.es\/sites\/default\/files\/atarfe_salud.jpg?w=640&#038;ssl=1\" alt=\"\"\/><\/figure>\n\n\n\n<figure class=\"wp-block-image\"><img data-recalc-dims=\"1\" decoding=\"async\" src=\"https:\/\/i0.wp.com\/www.elindependientedegranada.es\/sites\/default\/files\/red_zaidin.jpg?w=640&#038;ssl=1\" alt=\"\"\/><\/figure>\n\n\n\n<figure class=\"wp-block-image\"><img data-recalc-dims=\"1\" decoding=\"async\" src=\"https:\/\/i0.wp.com\/www.elindependientedegranada.es\/sites\/default\/files\/andalucia_laica.jpg?w=640&#038;ssl=1\" alt=\"\"\/><\/figure>\n\n\n\n<figure class=\"wp-block-image\"><img data-recalc-dims=\"1\" decoding=\"async\" src=\"https:\/\/i0.wp.com\/www.elindependientedegranada.es\/sites\/default\/files\/medicos_del_mundo.jpg?w=640&#038;ssl=1\" alt=\"\"\/><\/figure>\n\n\n\n<p>Fotos: IndeGranada<\/p>\n\n\n\n<figure class=\"wp-block-embed is-type-rich is-provider-gestor-del-servicio wp-block-embed-gestor-del-servicio\"><div class=\"wp-block-embed__wrapper\">\nhttps:\/\/youtube.com\/watch?v=QBF4JTBbzR8%3Fsi%3DosXJLFfaC6_PDkDt\n<\/div><\/figure>\n\n\n\n<p>Adem\u00e1s de en Granada, miles de personas de personas han participado este domingo en las manifestaciones convocadas en las capitales de provincia andaluzas, salvo en la de C\u00e1diz, que fue ayer, por la plataforma Marea Blanca en defensa de la sanidad p\u00fablica. En la provincia, en Motril, tambi\u00e9n se ha celebrado una manifestaci\u00f3n.<\/p>\n\n\n\n<p>MARIA ANDRADE DEL INDEPENDIENTE DE GRANADA<\/p>\n\n\n\n<p>FOTO PORTADA: Manuel Codina<\/p>\n\n\n\n<p><a href=\"http:\/\/www.elindependientedegranada.es\/ciudadania\/otra-gran-protesta-gestion-sanidad-publica-gobierno-moreno\">http:\/\/www.elindependientedegranada.es\/ciudadania\/otra-gran-protesta-gestion-sanidad-publica-gobierno-moreno<\/a><\/p>\n\n\n\n<figure class=\"wp-block-embed aligncenter is-type-rich is-provider-gestor-del-servicio wp-block-embed-gestor-del-servicio\"><div class=\"wp-block-embed__wrapper\">\nhttps:\/\/youtube.com\/watch?v=QBF4JTBbzR8%3Fsi%3DosXJLFfaC6_PDkDt\n<\/div><\/figure>\n","protected":false},"excerpt":{"rendered":"<p>\u00c9xito de la convocatoria, que llama a implicarse a la ciudadan\u00eda: \u00abLa sanidad p\u00fablica est\u00e1&#8230;<\/p>\n","protected":false},"author":1,"featured_media":72811,"comment_status":"closed","ping_status":"closed","sticky":false,"template":"","format":"standard","meta":{"_coblocks_attr":"","_coblocks_dimensions":"","_coblocks_responsive_height":"","_coblocks_accordion_ie_support":"","jetpack_post_was_ever_published":false,"_jetpack_newsletter_access":"","_jetpack_dont_email_post_to_subs":true,"_jetpack_newsletter_tier_id":0,"_jetpack_memberships_contains_paywalled_content":false,"_jetpack_memberships_contains_paid_content":false,"footnotes":"","jetpack_publicize_message":"","jetpack_publicize_feature_enabled":true,"jetpack_social_post_already_shared":true,"jetpack_social_options":{"image_generator_settings":{"template":"highway","enabled":false},"version":2}},"categories":[2,186,44,10],"tags":[],"class_list":["post-72783","post","type-post","status-publish","format-standard","has-post-thumbnail","hentry","category-atarfe","category-instituciones","category-noticias-de-hoy","category-salud"],"jetpack_publicize_connections":[],"jetpack_featured_media_url":"https:\/\/i0.wp.com\/miradordeatarfe.es\/wp-content\/uploads\/2024\/11\/Imagen-de-WhatsApp-2024-11-17-a-las-19.25.11_52f486f5.jpg?fit=2048%2C1536&ssl=1","jetpack_likes_enabled":true,"jetpack_sharing_enabled":true,"_links":{"self":[{"href":"https:\/\/miradordeatarfe.es\/index.php?rest_route=\/wp\/v2\/posts\/72783","targetHints":{"allow":["GET"]}}],"collection":[{"href":"https:\/\/miradordeatarfe.es\/index.php?rest_route=\/wp\/v2\/posts"}],"about":[{"href":"https:\/\/miradordeatarfe.es\/index.php?rest_route=\/wp\/v2\/types\/post"}],"author":[{"embeddable":true,"href":"https:\/\/miradordeatarfe.es\/index.php?rest_route=\/wp\/v2\/users\/1"}],"replies":[{"embeddable":true,"href":"https:\/\/miradordeatarfe.es\/index.php?rest_route=%2Fwp%2Fv2%2Fcomments&post=72783"}],"version-history":[{"count":5,"href":"https:\/\/miradordeatarfe.es\/index.php?rest_route=\/wp\/v2\/posts\/72783\/revisions"}],"predecessor-version":[{"id":72812,"href":"https:\/\/miradordeatarfe.es\/index.php?rest_route=\/wp\/v2\/posts\/72783\/revisions\/72812"}],"wp:featuredmedia":[{"embeddable":true,"href":"https:\/\/miradordeatarfe.es\/index.php?rest_route=\/wp\/v2\/media\/72811"}],"wp:attachment":[{"href":"https:\/\/miradordeatarfe.es\/index.php?rest_route=%2Fwp%2Fv2%2Fmedia&parent=72783"}],"wp:term":[{"taxonomy":"category","embeddable":true,"href":"https:\/\/miradordeatarfe.es\/index.php?rest_route=%2Fwp%2Fv2%2Fcategories&post=72783"},{"taxonomy":"post_tag","embeddable":true,"href":"https:\/\/miradordeatarfe.es\/index.php?rest_route=%2Fwp%2Fv2%2Ftags&post=72783"}],"curies":[{"name":"wp","href":"https:\/\/api.w.org\/{rel}","templated":true}]}}