{"id":72800,"date":"2024-11-22T10:00:00","date_gmt":"2024-11-22T09:00:00","guid":{"rendered":"https:\/\/miradordeatarfe.es\/?p=72800"},"modified":"2024-11-21T14:54:15","modified_gmt":"2024-11-21T13:54:15","slug":"exposicion-benefica-fotografias-de-atarfe","status":"publish","type":"post","link":"https:\/\/miradordeatarfe.es\/?p=72800","title":{"rendered":"Exposici\u00f3n Ben\u00e9fica \u00abFOTOGRAFIAS DE ATARFE\u00bb"},"content":{"rendered":"\n<p class=\"has-medium-font-size\"><strong>Del 18 al 30 de Noviembre, disfruta de esta preciosa exposici\u00f3n fotogr\u00e1fica en el Centro Cultural Medina Elvira. A trav\u00e9s de la lente de Serrano Fot\u00f3grafo, podr\u00e1s redescubrir la esencia de Atarfe y, al mismo tiempo, colaborar con una gran causa.<\/strong><\/p>\n\n\n\n<p>Con m\u00e1s de 25 a\u00f1os de experiencia en fotograf\u00eda profesional, &nbsp;<strong>Serrano Fot\u00f3grafo<\/strong> realiza esta exposici\u00f3n para recaudar fondos. Todos los fondos recaudados ser\u00e1n destinados a la Asociaci\u00f3n Espa\u00f1ola Contra el C\u00e1ncer (Sede Atarfe). La Inauguraci\u00f3n: fue el Lunes 18 de Noviembre a las 18:00<\/p>\n\n\n\n<p>Una oportunidad \u00fanica para admirar nuestro entorno y aportar tu granito de arena en la lucha contra el c\u00e1ncer.<\/p>\n\n\n\n<p>Las fotograf\u00edas, donadas por el estudio de fotograf\u00eda de Atarfe <strong>SERRANO FOT\u00d3GRAFO<\/strong>, representan las calles, plazas, patrimonio cultural y paisajes naturales de nuestro municipio.<\/p>\n\n\n\n<figure class=\"wp-block-image size-full\"><img data-recalc-dims=\"1\" loading=\"lazy\" decoding=\"async\" width=\"600\" height=\"849\" src=\"https:\/\/i0.wp.com\/miradordeatarfe.es\/wp-content\/uploads\/2024\/11\/Imagen-de-WhatsApp-2024-11-18-a-las-12.31.28_4b8615b5.jpg?resize=600%2C849&#038;ssl=1\" alt=\"\" class=\"wp-image-72803\" srcset=\"https:\/\/i0.wp.com\/miradordeatarfe.es\/wp-content\/uploads\/2024\/11\/Imagen-de-WhatsApp-2024-11-18-a-las-12.31.28_4b8615b5.jpg?w=600&amp;ssl=1 600w, https:\/\/i0.wp.com\/miradordeatarfe.es\/wp-content\/uploads\/2024\/11\/Imagen-de-WhatsApp-2024-11-18-a-las-12.31.28_4b8615b5.jpg?resize=212%2C300&amp;ssl=1 212w\" sizes=\"auto, (max-width: 600px) 100vw, 600px\" \/><\/figure>\n\n\n\n\n","protected":false},"excerpt":{"rendered":"<p>Del 18 al 30 de Noviembre, disfruta de esta preciosa exposici\u00f3n fotogr\u00e1fica en el Centro&#8230;<\/p>\n","protected":false},"author":1,"featured_media":72804,"comment_status":"closed","ping_status":"closed","sticky":false,"template":"","format":"standard","meta":{"_coblocks_attr":"","_coblocks_dimensions":"","_coblocks_responsive_height":"","_coblocks_accordion_ie_support":"","jetpack_post_was_ever_published":false,"_jetpack_newsletter_access":"","_jetpack_dont_email_post_to_subs":true,"_jetpack_newsletter_tier_id":0,"_jetpack_memberships_contains_paywalled_content":false,"_jetpack_memberships_contains_paid_content":false,"footnotes":"","jetpack_publicize_message":"","jetpack_publicize_feature_enabled":true,"jetpack_social_post_already_shared":true,"jetpack_social_options":{"image_generator_settings":{"template":"highway","enabled":false},"version":2}},"categories":[12,186,44,1],"tags":[],"class_list":["post-72800","post","type-post","status-publish","format-standard","has-post-thumbnail","hentry","category-cultura","category-instituciones","category-noticias-de-hoy","category-uncategorized"],"jetpack_publicize_connections":[],"jetpack_featured_media_url":"https:\/\/i0.wp.com\/miradordeatarfe.es\/wp-content\/uploads\/2024\/11\/Imagen-de-WhatsApp-2024-11-18-a-las-12.31.28_4b8615b5-1.jpg?fit=595%2C342&ssl=1","jetpack_likes_enabled":true,"jetpack_sharing_enabled":true,"_links":{"self":[{"href":"https:\/\/miradordeatarfe.es\/index.php?rest_route=\/wp\/v2\/posts\/72800","targetHints":{"allow":["GET"]}}],"collection":[{"href":"https:\/\/miradordeatarfe.es\/index.php?rest_route=\/wp\/v2\/posts"}],"about":[{"href":"https:\/\/miradordeatarfe.es\/index.php?rest_route=\/wp\/v2\/types\/post"}],"author":[{"embeddable":true,"href":"https:\/\/miradordeatarfe.es\/index.php?rest_route=\/wp\/v2\/users\/1"}],"replies":[{"embeddable":true,"href":"https:\/\/miradordeatarfe.es\/index.php?rest_route=%2Fwp%2Fv2%2Fcomments&post=72800"}],"version-history":[{"count":5,"href":"https:\/\/miradordeatarfe.es\/index.php?rest_route=\/wp\/v2\/posts\/72800\/revisions"}],"predecessor-version":[{"id":72854,"href":"https:\/\/miradordeatarfe.es\/index.php?rest_route=\/wp\/v2\/posts\/72800\/revisions\/72854"}],"wp:featuredmedia":[{"embeddable":true,"href":"https:\/\/miradordeatarfe.es\/index.php?rest_route=\/wp\/v2\/media\/72804"}],"wp:attachment":[{"href":"https:\/\/miradordeatarfe.es\/index.php?rest_route=%2Fwp%2Fv2%2Fmedia&parent=72800"}],"wp:term":[{"taxonomy":"category","embeddable":true,"href":"https:\/\/miradordeatarfe.es\/index.php?rest_route=%2Fwp%2Fv2%2Fcategories&post=72800"},{"taxonomy":"post_tag","embeddable":true,"href":"https:\/\/miradordeatarfe.es\/index.php?rest_route=%2Fwp%2Fv2%2Ftags&post=72800"}],"curies":[{"name":"wp","href":"https:\/\/api.w.org\/{rel}","templated":true}]}}