{"id":72825,"date":"2024-11-20T11:12:00","date_gmt":"2024-11-20T10:12:00","guid":{"rendered":"https:\/\/miradordeatarfe.es\/?p=72825"},"modified":"2024-11-19T11:07:17","modified_gmt":"2024-11-19T10:07:17","slug":"la-comunidad-energetica-de-atarfe-se-pone-hoy-en-marcha","status":"publish","type":"post","link":"https:\/\/miradordeatarfe.es\/?p=72825","title":{"rendered":"ATARFE: \u00a1La Comunidad Energ\u00e9tica  se pone HOY en marcha!"},"content":{"rendered":"\n<p class=\"has-medium-font-size\"><strong>Te invitamos a participar en la Primera Asamblea Operativa de la Asociaci\u00f3n CE de Atarfe. Este importante encuentro marcar\u00e1 el inicio de un proyecto para producir y consumir energ\u00eda renovable de manera colectiva. <\/strong><\/p>\n\n\n\n<p>Si vives en ATARFE y quieres saber qu\u00e9 es una COMUNIDAD ENERG\u00c9TICA (c\u00f3mo se crean, c\u00f3mo funcionan, para qu\u00e9 sirven)\u00a0 si quieres tener autoconsumo de energ\u00eda y no tienes tejado o si lo tienes y no ves como pagarlo\u2026 si tienes un negocio y quieres ahorrar en tu gasto de electricidad tienes una cita el MI\u00c9RCOLES 20 DE ABRIL a las 18:30h en el Centro C\u00edvico<\/p>\n\n\n\n<p>\u00bfQu\u00e9 es el <strong>autoconsumo energ\u00e9tico<\/strong>? El <strong>autoconsumo<\/strong> el\u00e9ctrico permite a cualquier persona o empresa producir y consumir su propia electricidad instalando en su hogar, local o comunidad de vecinos paneles solares fotovoltaicos u otros sistemas de generaci\u00f3n renovable, o servirse de la instalaci\u00f3n en el municipio de paneles solares municipales puestos a disposici\u00f3n de la comunidad para favorecer dicho autoconsumo. <\/p>\n\n\n\n<p><strong>Fecha: Mi\u00e9rcoles, 20 de Noviembre<\/strong><\/p>\n\n\n\n<p><strong>Hora: 18:30<\/strong><br \/><strong>Lugar: Centro C\u00edvico, Calle Peonia, 5<\/strong><\/p>\n\n\n\n<p>Para m\u00e1s informaci\u00f3n: info@cesocial.es<br \/>Contacto: 613 50 76 83<\/p>\n\n\n\n<p>Encuentro a cargo de la OSCE (Oficina Social de las Comunidades Energ\u00e9ticas), en colaboraci\u00f3n con el Ayuntamiento de Atarfe.<\/p>\n\n\n\n<p>\u00a1No faltes! Tu participaci\u00f3n marca la diferencia.<\/p>\n\n\n\n<figure class=\"wp-block-image size-full\"><img data-recalc-dims=\"1\" loading=\"lazy\" decoding=\"async\" width=\"600\" height=\"849\" src=\"https:\/\/i0.wp.com\/miradordeatarfe.es\/wp-content\/uploads\/2024\/11\/Imagen-de-WhatsApp-2024-11-19-a-las-10.40.48_5fec1ae0.jpg?resize=600%2C849&#038;ssl=1\" alt=\"\" class=\"wp-image-72826\" srcset=\"https:\/\/i0.wp.com\/miradordeatarfe.es\/wp-content\/uploads\/2024\/11\/Imagen-de-WhatsApp-2024-11-19-a-las-10.40.48_5fec1ae0.jpg?w=600&amp;ssl=1 600w, https:\/\/i0.wp.com\/miradordeatarfe.es\/wp-content\/uploads\/2024\/11\/Imagen-de-WhatsApp-2024-11-19-a-las-10.40.48_5fec1ae0.jpg?resize=212%2C300&amp;ssl=1 212w\" sizes=\"auto, (max-width: 600px) 100vw, 600px\" \/><\/figure>\n","protected":false},"excerpt":{"rendered":"<p>Te invitamos a participar en la Primera Asamblea Operativa de la Asociaci\u00f3n CE de Atarfe&#8230;.<\/p>\n","protected":false},"author":1,"featured_media":72827,"comment_status":"closed","ping_status":"closed","sticky":false,"template":"","format":"standard","meta":{"_coblocks_attr":"","_coblocks_dimensions":"","_coblocks_responsive_height":"","_coblocks_accordion_ie_support":"","jetpack_post_was_ever_published":false,"_jetpack_newsletter_access":"","_jetpack_dont_email_post_to_subs":true,"_jetpack_newsletter_tier_id":0,"_jetpack_memberships_contains_paywalled_content":false,"_jetpack_memberships_contains_paid_content":false,"footnotes":"","jetpack_publicize_message":"","jetpack_publicize_feature_enabled":true,"jetpack_social_post_already_shared":true,"jetpack_social_options":{"image_generator_settings":{"template":"highway","enabled":false},"version":2}},"categories":[7725,6916,44],"tags":[],"class_list":["post-72825","post","type-post","status-publish","format-standard","has-post-thumbnail","hentry","category-atarfe-sostenible","category-ayuntamiento-de-atarfe","category-noticias-de-hoy"],"jetpack_publicize_connections":[],"jetpack_featured_media_url":"https:\/\/i0.wp.com\/miradordeatarfe.es\/wp-content\/uploads\/2024\/11\/potencia-placas-solares.webp?fit=1280%2C915&ssl=1","jetpack_likes_enabled":true,"jetpack_sharing_enabled":true,"_links":{"self":[{"href":"https:\/\/miradordeatarfe.es\/index.php?rest_route=\/wp\/v2\/posts\/72825","targetHints":{"allow":["GET"]}}],"collection":[{"href":"https:\/\/miradordeatarfe.es\/index.php?rest_route=\/wp\/v2\/posts"}],"about":[{"href":"https:\/\/miradordeatarfe.es\/index.php?rest_route=\/wp\/v2\/types\/post"}],"author":[{"embeddable":true,"href":"https:\/\/miradordeatarfe.es\/index.php?rest_route=\/wp\/v2\/users\/1"}],"replies":[{"embeddable":true,"href":"https:\/\/miradordeatarfe.es\/index.php?rest_route=%2Fwp%2Fv2%2Fcomments&post=72825"}],"version-history":[{"count":2,"href":"https:\/\/miradordeatarfe.es\/index.php?rest_route=\/wp\/v2\/posts\/72825\/revisions"}],"predecessor-version":[{"id":72829,"href":"https:\/\/miradordeatarfe.es\/index.php?rest_route=\/wp\/v2\/posts\/72825\/revisions\/72829"}],"wp:featuredmedia":[{"embeddable":true,"href":"https:\/\/miradordeatarfe.es\/index.php?rest_route=\/wp\/v2\/media\/72827"}],"wp:attachment":[{"href":"https:\/\/miradordeatarfe.es\/index.php?rest_route=%2Fwp%2Fv2%2Fmedia&parent=72825"}],"wp:term":[{"taxonomy":"category","embeddable":true,"href":"https:\/\/miradordeatarfe.es\/index.php?rest_route=%2Fwp%2Fv2%2Fcategories&post=72825"},{"taxonomy":"post_tag","embeddable":true,"href":"https:\/\/miradordeatarfe.es\/index.php?rest_route=%2Fwp%2Fv2%2Ftags&post=72825"}],"curies":[{"name":"wp","href":"https:\/\/api.w.org\/{rel}","templated":true}]}}