{"id":72867,"date":"2024-11-23T11:25:00","date_gmt":"2024-11-23T10:25:00","guid":{"rendered":"https:\/\/miradordeatarfe.es\/?p=72867"},"modified":"2024-11-21T10:31:03","modified_gmt":"2024-11-21T09:31:03","slug":"el-atarfeno-jose-miguel-jimenez-carvajal","status":"publish","type":"post","link":"https:\/\/miradordeatarfe.es\/?p=72867","title":{"rendered":"EL ATARFE\u00d1O JOS\u00c9 MIGUEL JIM\u00c9NEZ CARVAJAL"},"content":{"rendered":"\n<p><a href=\"https:\/\/es.wikipedia.org\/wiki\/Wikipedia:Mes_de_Asia\/2024\"><\/a><\/p>\n\n\n\n<p><strong>Jos\u00e9 Miguel Jim\u00e9nez Carvajal<\/strong> (<a href=\"https:\/\/es.wikipedia.org\/wiki\/Atarfe\">Atarfe<\/a>, Granada, 13 de diciembre de 1968) es un doctor en <a href=\"https:\/\/es.wikipedia.org\/wiki\/F%C3%ADsica_aplicada\">F\u00edsica aplicada<\/a>, actualmente director del Departamento de Tecnolog\u00edas del <a href=\"https:\/\/es.wikipedia.org\/wiki\/Organizaci%C3%B3n_Europea_para_la_Investigaci%C3%B3n_Nuclear\">CERN<\/a>. Es experto en el \u00e1rea de <a href=\"https:\/\/es.wikipedia.org\/wiki\/Tecnolog%C3%ADa_de_vac%C3%ADo\">tecnolog\u00eda de vac\u00edo<\/a> para haces de part\u00edculas de altas energ\u00edas e intensidades as\u00ed como en fen\u00f3menos inducidos por la circulaci\u00f3n de haces, incluyendo los mecanismos de avalancha de electrones.<\/p>\n\n\n\n<figure class=\"wp-block-table\"><table class=\"has-fixed-layout\"><tbody><tr><th colspan=\"3\">Jos\u00e9 Miguel Jim\u00e9nez<\/th><\/tr><tr><td colspan=\"3\"><a href=\"https:\/\/es.wikipedia.org\/wiki\/Archivo:Jos%C3%A9_Miguel_Jim%C3%A9nez.jpg\"><\/a><\/td><\/tr><tr><th colspan=\"3\">Informaci\u00f3n personal<\/th><\/tr><tr><th>Nombre de nacimiento<\/th><td colspan=\"2\">Jos\u00e9 Miguel Jim\u00e9nez Carvajal <a href=\"https:\/\/www.wikidata.org\/wiki\/Q43080068?uselang=es#P1477\"><\/a><\/td><\/tr><tr><th>Nacimiento<\/th><td colspan=\"2\">13 de diciembre de 1968<\/td><\/tr><tr><th>Nacionalidad<\/th><td colspan=\"2\">Espa\u00f1ol<\/td><\/tr><tr><th colspan=\"3\">Educaci\u00f3n<\/th><\/tr><tr><th>Educaci\u00f3n<\/th><td colspan=\"2\">Ph.D.<\/td><\/tr><tr><th>Educado en<\/th><td colspan=\"2\">CEA Saclay<\/td><\/tr><tr><th colspan=\"3\">Informaci\u00f3n profesional<\/th><\/tr><tr><th>Ocupaci\u00f3n<\/th><td colspan=\"2\">F\u00edsica<\/td><\/tr><tr><th>\u00c1rea<\/th><td colspan=\"2\">F\u00edsica aplicada<\/td><\/tr><tr><th>Distinciones<\/th><td colspan=\"2\"><a href=\"https:\/\/es.wikipedia.org\/wiki\/Encomienda_de_la_Orden_Civil_de_Alfonso_X_el_Sabio\">Encomienda de la Orden Civil de Alfonso X el Sabio<\/a>&nbsp;<small>(2016)<\/small> <a href=\"https:\/\/www.wikidata.org\/wiki\/Q43080068?uselang=es#P166\"><\/a><\/td><\/tr><tr><td colspan=\"3\"><\/td><\/tr><\/tbody><\/table><\/figure>\n\n\n\n<p>Jos\u00e9 Miguel Jim\u00e9nez es ingeniero en F\u00edsica aplicada por la Escuela Superior de Ingenieros de Clermont Ferrand (Francia) y Doctor en F\u00edsica aplicada y f\u00edsica de superficies por el <a href=\"http:\/\/www-centre-saclay.cea.fr\/\">centro CEA de Saclay<\/a>. Realiz\u00f3 su doctorado sobre los mecanismos de emisi\u00f3n de electrones por efecto de campo en estructuras aceleradoras radiofrecuencias.<\/p>\n\n\n\n<p>Al finalizar su doctorado, permaneci\u00f3 en el CEA como encargado de establecer colaboraciones de I+D en nuevas tecnolog\u00edas entre este centro y grandes industrias de tratamiento de superficies y capas finas en Francia. En 1994 se integra en la plantilla del <a href=\"https:\/\/es.wikipedia.org\/wiki\/Organizaci%C3%B3n_Europea_para_la_Investigaci%C3%B3n_Nuclear\">CERN<\/a> como f\u00edsico aplicado para trabajar en el LEP (gran colisionador de electrones y positrones). Dos a\u00f1os despu\u00e9s es nombrado Ingeniero de proyecto en relaci\u00f3n con este proyecto y tambi\u00e9n con el SPS (S\u00faper prot\u00f3n sincrotr\u00f3n).<\/p>\n\n\n\n<p>En el a\u00f1o 2002, como Jefe de secci\u00f3n, asume la responsabilidad de la instalaci\u00f3n, preparaci\u00f3n y puesta en marcha de las secciones rectas del <a href=\"https:\/\/es.wikipedia.org\/wiki\/Gran_colisionador_de_hadrones\">LHC (Gran colisionador de Hadrones)<\/a>. Posteriormente es ascendido a Jefe de Grupo de Vac\u00edo, Capas finas y Superficies, integrando todos los aspectos de ingenier\u00eda, instrumentaci\u00f3n y capas finas por procesos qu\u00edmicos o plasma.<\/p>\n\n\n\n<p>Desde 2014 lidera el Departamento de Tecnolog\u00eda del CERN, responsable de la tecnolog\u00eda relativa a los acelerados de part\u00edculas de la organizaci\u00f3n: un equipo de m\u00e1s de 700 personas clave para la investigaci\u00f3n y desarrollo de nuevos proyectos en el CERN.<\/p>\n\n\n\n<p>En 2016 se le concede el ingreso en la <a href=\"https:\/\/es.wikipedia.org\/wiki\/Orden_de_Alfonso_X_el_Sabio\">Orden Civil de Alfonso X el Sabio<\/a>, con la categor\u00eda de Encomienda,\u200b en una ceremonia realizada el 12 de julio de 2016 en la Biblioteca Nacional de Espa\u00f1a.<\/p>\n\n\n\n<p class=\"has-small-font-size\">Datos extra\u00eddos de WIPIPEDIA<\/p>\n","protected":false},"excerpt":{"rendered":"<p>Jos\u00e9 Miguel Jim\u00e9nez Carvajal (Atarfe, Granada, 13 de diciembre de 1968) es un doctor en&#8230;<\/p>\n","protected":false},"author":1,"featured_media":72868,"comment_status":"closed","ping_status":"closed","sticky":false,"template":"","format":"standard","meta":{"_coblocks_attr":"","_coblocks_dimensions":"","_coblocks_responsive_height":"","_coblocks_accordion_ie_support":"","jetpack_post_was_ever_published":false,"_jetpack_newsletter_access":"","_jetpack_dont_email_post_to_subs":true,"_jetpack_newsletter_tier_id":0,"_jetpack_memberships_contains_paywalled_content":false,"_jetpack_memberships_contains_paid_content":false,"footnotes":"","jetpack_publicize_message":"","jetpack_publicize_feature_enabled":true,"jetpack_social_post_already_shared":true,"jetpack_social_options":{"image_generator_settings":{"template":"highway","enabled":false},"version":2}},"categories":[9597,186,44,6539],"tags":[],"class_list":["post-72867","post","type-post","status-publish","format-standard","has-post-thumbnail","hentry","category-cientificos-atarfenos","category-instituciones","category-noticias-de-hoy","category-personajes-de-ataref"],"jetpack_publicize_connections":[],"jetpack_featured_media_url":"https:\/\/i0.wp.com\/miradordeatarfe.es\/wp-content\/uploads\/2024\/11\/Jose_Miguel_Jimenez.jpg?fit=220%2C236&ssl=1","jetpack_likes_enabled":true,"jetpack_sharing_enabled":true,"_links":{"self":[{"href":"https:\/\/miradordeatarfe.es\/index.php?rest_route=\/wp\/v2\/posts\/72867","targetHints":{"allow":["GET"]}}],"collection":[{"href":"https:\/\/miradordeatarfe.es\/index.php?rest_route=\/wp\/v2\/posts"}],"about":[{"href":"https:\/\/miradordeatarfe.es\/index.php?rest_route=\/wp\/v2\/types\/post"}],"author":[{"embeddable":true,"href":"https:\/\/miradordeatarfe.es\/index.php?rest_route=\/wp\/v2\/users\/1"}],"replies":[{"embeddable":true,"href":"https:\/\/miradordeatarfe.es\/index.php?rest_route=%2Fwp%2Fv2%2Fcomments&post=72867"}],"version-history":[{"count":1,"href":"https:\/\/miradordeatarfe.es\/index.php?rest_route=\/wp\/v2\/posts\/72867\/revisions"}],"predecessor-version":[{"id":72869,"href":"https:\/\/miradordeatarfe.es\/index.php?rest_route=\/wp\/v2\/posts\/72867\/revisions\/72869"}],"wp:featuredmedia":[{"embeddable":true,"href":"https:\/\/miradordeatarfe.es\/index.php?rest_route=\/wp\/v2\/media\/72868"}],"wp:attachment":[{"href":"https:\/\/miradordeatarfe.es\/index.php?rest_route=%2Fwp%2Fv2%2Fmedia&parent=72867"}],"wp:term":[{"taxonomy":"category","embeddable":true,"href":"https:\/\/miradordeatarfe.es\/index.php?rest_route=%2Fwp%2Fv2%2Fcategories&post=72867"},{"taxonomy":"post_tag","embeddable":true,"href":"https:\/\/miradordeatarfe.es\/index.php?rest_route=%2Fwp%2Fv2%2Ftags&post=72867"}],"curies":[{"name":"wp","href":"https:\/\/api.w.org\/{rel}","templated":true}]}}