{"id":72894,"date":"2024-11-24T11:38:00","date_gmt":"2024-11-24T10:38:00","guid":{"rendered":"https:\/\/miradordeatarfe.es\/?p=72894"},"modified":"2024-11-21T20:55:29","modified_gmt":"2024-11-21T19:55:29","slug":"atarfe-vega-rock-2025","status":"publish","type":"post","link":"https:\/\/miradordeatarfe.es\/?p=72894","title":{"rendered":"ATARFE VEGA ROCK 2025"},"content":{"rendered":"\n<p class=\"has-medium-font-size\"><strong>Atarfe se prepara para ser, una vez m\u00e1s, el epicentro del Rock con una nueva edici\u00f3n del legendario Festival Atarfe Vega Rock. Entre 2002 y 2008, fuimos pioneros en festivales de Rock y Metal, y el a\u00f1o pasado recuperamos ese esp\u00edritu con un gran \u00e9xito.<\/strong><\/p>\n\n\n\n<p> El Atarfe Vega Rock regresa para consolidar su lugar en el panorama nacional del rock, el punk y el metal el pr\u00f3ximo <strong>10 de Mayo de 2025<\/strong>.<\/p>\n\n\n\n<p>La diputada de Cultura y Educaci\u00f3n, <strong>Pilar Caracuel<\/strong>, junto a la alcaldesa de Atarfe, <strong>Yolanda Fern\u00e1ndez<\/strong>, y la concejala de Cultura del municipio,<strong> Jennifer Garc\u00eda<\/strong>, han presentado la IX edici\u00f3n del Atarfe Vega Rock, que se celebrar\u00e1 el pr\u00f3ximo 10 de mayo de 2025 en el ic\u00f3nico Coliseo atarfe\u00f1o. Este evento, que marc\u00f3 un antes y un despu\u00e9s en el panorama del rock, el punk y el metal entre 2002 y 2008, vuelve a posicionarse como una referencia ineludible para los amantes de estos g\u00e9neros.<\/p>\n\n\n\n<p>Caracuel ha se\u00f1alado que \u201ceste festival representa el compromiso de nuestra provincia con la promoci\u00f3n del talento local y nacional, a la vez que devuelve a Atarfe su lugar destacado en el mapa de la m\u00fasica en directo. Queremos que esta localidad vuelva a ser ese lugar donde los sue\u00f1os de los amantes del rock y el punk se hacen realidad. Este festival es una experiencia que revive la esencia de aquellos a\u00f1os en los que el Coliseo se llenaba de melenas al viento y acordes inolvidables\u201d.<\/p>\n\n\n\n<p>Por su parte, la alcaldesa de Atarfe, Yolanda Fern\u00e1ndez, ha indicado que <em><strong>\u201cel a\u00f1o pasado ya recuperamos este festival y desde el momento en el que son\u00f3 la \u00faltima canci\u00f3n supimos que ten\u00edamos que continuar trabajando en la misma direcci\u00f3n. Atarfe espera con los brazos abiertos a todos los amantes del rock que el pr\u00f3ximo mes de mayo se dar\u00e1n cita en nuestra localidad<\/strong><\/em>\u201d.<\/p>\n\n\n\n<p><strong>Grupos participantes<\/strong><\/p>\n\n\n\n<p>Entre los artistas m\u00e1s esperados se encuentra <strong>Soziedad Alkoholika<\/strong>, que aterriza en Atarfe con su nuevo \u00e1lbum, \u2018Confrontaci\u00f3n\u2019. Este trabajo, su d\u00e9cimo \u00e1lbum de estudio, es una prueba de que la intensidad y contundencia que los caracteriza sigue intacta. Las nuevas composiciones de S.A. traspasan l\u00edmites con una precisi\u00f3n quir\u00fargica que aborda temas inc\u00f3modos con una energ\u00eda s\u00f3nica arrolladora, demostrando por qu\u00e9 son una de las bandas m\u00e1s respetadas del g\u00e9nero.<\/p>\n\n\n\n<p>Junto a ellos estar\u00e1 <strong>Tropa do Carallo,<\/strong> el \u00faltimo proyecto liderado por el legendario Evaristo P\u00e1ramos. La banda presentar\u00e1 \u2018Habr\u00e1 que verlo\u2019, un \u00e1lbum que combina veinte temas cargados de iron\u00eda y fuerza. Su l\u00edder, que es ya un icono en la historia del punk espa\u00f1ol, promete un directo cargado de la intensidad que siempre le ha caracterizado.<\/p>\n\n\n\n<p>Los incombustibles <strong>Lendakaris Muertos<\/strong> tambi\u00e9n ser\u00e1n parte del cartel, celebrando sus dos d\u00e9cadas de carrera con su mordaz punk caracter\u00edstico. El grupo regresa m\u00e1s afilado que nunca, con canciones cargadas de sarcasmo y una velocidad fren\u00e9tica.<\/p>\n\n\n\n<p><strong>Los Enemigos,<\/strong> por su parte, traer\u00e1n a Atarfe su \u00e1lbum \u2018Bestieza\u2019, una obra que mezcla contundencia l\u00edrica y actitud rockera. Con m\u00e1s de treinta a\u00f1os de trayectoria, la banda madrile\u00f1a demuestra por qu\u00e9 sigue siendo una pieza clave en el rock espa\u00f1ol, desplegando toda su energ\u00eda en cada directo.<\/p>\n\n\n\n<p>La cuota de innovaci\u00f3n y frescura la aportar\u00e1 <strong>Bala, el d\u00fao gallego<\/strong> que ha cautivado con su capacidad para mezclar grunge, stoner y punk en un sonido poderoso y \u00fanico. Con su \u00e1lbum \u2018Besta\u2019, lleno de colaboraciones sorprendentes, promete un espect\u00e1culo demoledor.<\/p>\n\n\n\n<p>Adem\u00e1s, los granadinos<strong> Saed\u00edn,<\/strong> representantes del metal sinf\u00f3nico con ra\u00edces, ser\u00e1n los encargados de aportar ese toque especial que conecta al festival con su tierra. Con bases metaleras, ritmos progresivos y melod\u00edas \u00e1rabes, esta banda local promete un directo cargado de personalidad y emoci\u00f3n.<\/p>\n\n\n\n<p><strong>Un evento inolvidable para los amantes de la m\u00fasica<\/strong><\/p>\n\n\n\n<p>El Atarfe Vega Rock 2025 contar\u00e1 con una oferta de lanzamiento de 20 euros para las primeras 500 entradas, disponibles ya en las plataformas oficiales del festival. El Coliseo de Atarfe, que en sus mejores a\u00f1os alberg\u00f3 a figuras internacionales como Megadeth o Testament, volver\u00e1 a vibrar al ritmo de guitarras afiladas y voces intensas, consolid\u00e1ndose como el epicentro del rock en directo en la provincia.<\/p>\n\n\n\n<p>\u00a1No te pierdas la oferta de lanzamiento!<strong> Las primeras 500 entradas por solo 20\u20ac + gastos de gesti\u00f3n.<\/strong><\/p>\n\n\n\n<p>Compra ya en:<\/p>\n\n\n\n<p> <a href=\"https:\/\/www.redentradas.com\/?entradas=atarfe-vega-rock&amp;provincia=granada&amp;cpro=18&amp;eid=2683\">https:\/\/www.redentradas.com\/?entradas=atarfe-vega-rock&amp;provincia=granada&amp;cpro=18&amp;eid=2683<\/a><\/p>\n\n\n\n<p>Nos vemos en Atarfe para vivir un Festival que har\u00e1 historia. &#x1f525;<\/p>\n\n\n\n\n","protected":false},"excerpt":{"rendered":"<p>Atarfe se prepara para ser, una vez m\u00e1s, el epicentro del Rock con una nueva&#8230;<\/p>\n","protected":false},"author":1,"featured_media":72896,"comment_status":"closed","ping_status":"closed","sticky":false,"template":"","format":"standard","meta":{"_coblocks_attr":"","_coblocks_dimensions":"","_coblocks_responsive_height":"","_coblocks_accordion_ie_support":"","jetpack_post_was_ever_published":false,"_jetpack_newsletter_access":"","_jetpack_dont_email_post_to_subs":true,"_jetpack_newsletter_tier_id":0,"_jetpack_memberships_contains_paywalled_content":false,"_jetpack_memberships_contains_paid_content":false,"footnotes":"","jetpack_publicize_message":"","jetpack_publicize_feature_enabled":true,"jetpack_social_post_already_shared":true,"jetpack_social_options":{"image_generator_settings":{"template":"highway","enabled":false},"version":2}},"categories":[6916,1161,44,6937],"tags":[],"class_list":["post-72894","post","type-post","status-publish","format-standard","has-post-thumbnail","hentry","category-ayuntamiento-de-atarfe","category-ciudadania","category-noticias-de-hoy","category-sociedad"],"jetpack_publicize_connections":[],"jetpack_featured_media_url":"https:\/\/i0.wp.com\/miradordeatarfe.es\/wp-content\/uploads\/2024\/11\/RM_FestivalAtarfeVegaRock_1.jpg_1515856084.jpg?fit=850%2C480&ssl=1","jetpack_likes_enabled":true,"jetpack_sharing_enabled":true,"_links":{"self":[{"href":"https:\/\/miradordeatarfe.es\/index.php?rest_route=\/wp\/v2\/posts\/72894","targetHints":{"allow":["GET"]}}],"collection":[{"href":"https:\/\/miradordeatarfe.es\/index.php?rest_route=\/wp\/v2\/posts"}],"about":[{"href":"https:\/\/miradordeatarfe.es\/index.php?rest_route=\/wp\/v2\/types\/post"}],"author":[{"embeddable":true,"href":"https:\/\/miradordeatarfe.es\/index.php?rest_route=\/wp\/v2\/users\/1"}],"replies":[{"embeddable":true,"href":"https:\/\/miradordeatarfe.es\/index.php?rest_route=%2Fwp%2Fv2%2Fcomments&post=72894"}],"version-history":[{"count":1,"href":"https:\/\/miradordeatarfe.es\/index.php?rest_route=\/wp\/v2\/posts\/72894\/revisions"}],"predecessor-version":[{"id":72895,"href":"https:\/\/miradordeatarfe.es\/index.php?rest_route=\/wp\/v2\/posts\/72894\/revisions\/72895"}],"wp:featuredmedia":[{"embeddable":true,"href":"https:\/\/miradordeatarfe.es\/index.php?rest_route=\/wp\/v2\/media\/72896"}],"wp:attachment":[{"href":"https:\/\/miradordeatarfe.es\/index.php?rest_route=%2Fwp%2Fv2%2Fmedia&parent=72894"}],"wp:term":[{"taxonomy":"category","embeddable":true,"href":"https:\/\/miradordeatarfe.es\/index.php?rest_route=%2Fwp%2Fv2%2Fcategories&post=72894"},{"taxonomy":"post_tag","embeddable":true,"href":"https:\/\/miradordeatarfe.es\/index.php?rest_route=%2Fwp%2Fv2%2Ftags&post=72894"}],"curies":[{"name":"wp","href":"https:\/\/api.w.org\/{rel}","templated":true}]}}