{"id":72897,"date":"2024-11-23T10:59:00","date_gmt":"2024-11-23T09:59:00","guid":{"rendered":"https:\/\/miradordeatarfe.es\/?p=72897"},"modified":"2024-11-21T21:10:10","modified_gmt":"2024-11-21T20:10:10","slug":"atarfe-fiesta-del-jamon-en-solidaridad-con-la-dana-de-valencia","status":"publish","type":"post","link":"https:\/\/miradordeatarfe.es\/?p=72897","title":{"rendered":"ATARFE: FIESTA DEL JAM\u00d3N EN SOLIDARIDAD CON LA DANA DE VALENCIA"},"content":{"rendered":"\n<p class=\"has-medium-font-size\"><strong>Este domingo 24 de Noviembre a partir de las 12:00, la Plaza del Ayuntamiento<\/strong> <strong>se convertir\u00e1 en el epicentro de la solidaridad y la fiesta. <\/strong><\/p>\n\n\n\n<p> M\u00e1s de 300 cortadores de jam\u00f3n en 10 ciudades diferentes se reunir\u00e1n en un evento \u00fanico. Atarfe ser\u00e1 una de esas ciudades protagonistas. El evento estar\u00e1 acompa\u00f1ado de m\u00fasica en directo \u00a1Una experiencia que no te puedes perder!<\/p>\n\n\n\n<p><strong>Conciertos<\/strong><\/p>\n\n\n\n<p>&#x1f55b; 12:00 h: Coro Rociero<br \/>&#x1f550; 13:00 h: Subversi\u00f3n<br \/>&#x1f551; 14:00 h: Comparsa Ciudad Alhambra<br \/>&#x1f552; 15:00 h: Renacidos<br \/>&#x1f55e; 16:30 h: The New Band<\/p>\n\n\n\n<p> <strong><em>Por solo 5\u20ac, disfruta de un delicioso plato de jam\u00f3n y colabora con una buena causa. Todos los beneficios ir\u00e1n destinados \u00edntegramente a los afectados por la DANA.<\/em><\/strong><\/p>\n\n\n\n<p>Organizado por la Concejal\u00eda de Fiestas y la Asociaci\u00f3n Granadina de Cortadores de Jam\u00f3n, con el apoyo de muchos corazones solidarios. <\/p>\n\n\n\n<p>Ven, disfruta y aporta tu granito de arena.<\/p>\n\n\n\n<figure class=\"wp-block-image size-full\"><img data-recalc-dims=\"1\" loading=\"lazy\" decoding=\"async\" width=\"600\" height=\"849\" src=\"https:\/\/i0.wp.com\/miradordeatarfe.es\/wp-content\/uploads\/2024\/11\/web-2842.jpg?resize=600%2C849&#038;ssl=1\" alt=\"\" class=\"wp-image-72898\" srcset=\"https:\/\/i0.wp.com\/miradordeatarfe.es\/wp-content\/uploads\/2024\/11\/web-2842.jpg?w=600&amp;ssl=1 600w, https:\/\/i0.wp.com\/miradordeatarfe.es\/wp-content\/uploads\/2024\/11\/web-2842.jpg?resize=212%2C300&amp;ssl=1 212w\" sizes=\"auto, (max-width: 600px) 100vw, 600px\" \/><\/figure>\n","protected":false},"excerpt":{"rendered":"<p>Este domingo 24 de Noviembre a partir de las 12:00, la Plaza del Ayuntamiento se&#8230;<\/p>\n","protected":false},"author":1,"featured_media":72899,"comment_status":"closed","ping_status":"closed","sticky":false,"template":"","format":"standard","meta":{"_coblocks_attr":"","_coblocks_dimensions":"","_coblocks_responsive_height":"","_coblocks_accordion_ie_support":"","jetpack_post_was_ever_published":false,"_jetpack_newsletter_access":"","_jetpack_dont_email_post_to_subs":true,"_jetpack_newsletter_tier_id":0,"_jetpack_memberships_contains_paywalled_content":false,"_jetpack_memberships_contains_paid_content":false,"footnotes":"","jetpack_publicize_message":"","jetpack_publicize_feature_enabled":true,"jetpack_social_post_already_shared":true,"jetpack_social_options":{"image_generator_settings":{"template":"highway","enabled":false},"version":2}},"categories":[2,186,44],"tags":[],"class_list":["post-72897","post","type-post","status-publish","format-standard","has-post-thumbnail","hentry","category-atarfe","category-instituciones","category-noticias-de-hoy"],"jetpack_publicize_connections":[],"jetpack_featured_media_url":"https:\/\/i0.wp.com\/miradordeatarfe.es\/wp-content\/uploads\/2024\/11\/web-2842B.jpg?fit=563%2C213&ssl=1","jetpack_likes_enabled":true,"jetpack_sharing_enabled":true,"_links":{"self":[{"href":"https:\/\/miradordeatarfe.es\/index.php?rest_route=\/wp\/v2\/posts\/72897","targetHints":{"allow":["GET"]}}],"collection":[{"href":"https:\/\/miradordeatarfe.es\/index.php?rest_route=\/wp\/v2\/posts"}],"about":[{"href":"https:\/\/miradordeatarfe.es\/index.php?rest_route=\/wp\/v2\/types\/post"}],"author":[{"embeddable":true,"href":"https:\/\/miradordeatarfe.es\/index.php?rest_route=\/wp\/v2\/users\/1"}],"replies":[{"embeddable":true,"href":"https:\/\/miradordeatarfe.es\/index.php?rest_route=%2Fwp%2Fv2%2Fcomments&post=72897"}],"version-history":[{"count":1,"href":"https:\/\/miradordeatarfe.es\/index.php?rest_route=\/wp\/v2\/posts\/72897\/revisions"}],"predecessor-version":[{"id":72900,"href":"https:\/\/miradordeatarfe.es\/index.php?rest_route=\/wp\/v2\/posts\/72897\/revisions\/72900"}],"wp:featuredmedia":[{"embeddable":true,"href":"https:\/\/miradordeatarfe.es\/index.php?rest_route=\/wp\/v2\/media\/72899"}],"wp:attachment":[{"href":"https:\/\/miradordeatarfe.es\/index.php?rest_route=%2Fwp%2Fv2%2Fmedia&parent=72897"}],"wp:term":[{"taxonomy":"category","embeddable":true,"href":"https:\/\/miradordeatarfe.es\/index.php?rest_route=%2Fwp%2Fv2%2Fcategories&post=72897"},{"taxonomy":"post_tag","embeddable":true,"href":"https:\/\/miradordeatarfe.es\/index.php?rest_route=%2Fwp%2Fv2%2Ftags&post=72897"}],"curies":[{"name":"wp","href":"https:\/\/api.w.org\/{rel}","templated":true}]}}