{"id":72901,"date":"2024-11-26T11:07:49","date_gmt":"2024-11-26T10:07:49","guid":{"rendered":"https:\/\/miradordeatarfe.es\/?p=72901"},"modified":"2024-11-24T19:31:09","modified_gmt":"2024-11-24T18:31:09","slug":"atarfe-celebra-manana-el-dia-del-docente","status":"publish","type":"post","link":"https:\/\/miradordeatarfe.es\/?p=72901","title":{"rendered":"ATARFE CELEBRA MA\u00d1ANA EL D\u00cdA DEL DOCENTE"},"content":{"rendered":"\n<p class=\"has-medium-font-size\"><strong>El pr\u00f3ximo 27 de Noviembre a las 18h en el Centro Cultural Medina Elvira, celebraremos el D\u00eda del Docente viviendo una experiencia conmovedora con la proyecci\u00f3n de la pel\u00edcula:     \u00abEL MAESTRO QUE PROMETI\u00d3 EL MAR<\/strong>\u00ab<\/p>\n\n\n\n<p><strong><em>El maestro que prometi\u00f3 el mar <\/em><\/strong>es uno de los fen\u00f3menos del a\u00f1o en el cine espa\u00f1ol, despu\u00e9s de arrasar en taquilla y superar todas las expectativas de sus creadores. La gran acogida en su estreno en la <a href=\"https:\/\/www.rtve.es\/rtve\/20231019\/rtve-se-vuelca-con-68-edicion-seminci\/2458748.shtml\">Seminci<\/a> auguraba el \u00e9xito de la pel\u00edcula dirigida por Patricia Font, que ha arrasado en taquilla con m\u00e1s de 270.000 espectadores desde su estreno el pasado 10 de noviembre. Su nombre son\u00f3 <strong>cinco <\/strong>veces en la lectura de las nominaciones a los <a href=\"https:\/\/www.rtve.es\/rtve\/20240206\/goya-2024-rtve-prepara-gran-fiesta-cine-espanol\/15958847.shtml\">Premios Goya<\/a>, incluyendo mejor actor protagonista (<a href=\"https:\/\/www.rtve.es\/television\/20231110\/maestro-prometio-mar-enric-auquer-clip-exclusivo-discurso-educacion\/2460132.shtml\">Enric Auquer<\/a>), mejor actriz de reparto (Luisa Gavasa) mejor banda sonora original (Natasha Arizu), mejor vestuario (Mar\u00eda Armengol) y mejor guion adaptado (Albert Val). Un relato a trav\u00e9s de los ojos de Ariadna (Laia Costa), que buscando los restos de su bisabuelo encuentra el relato de una de las muchas promesas truncadas por la Guerra Civil. La historia del maestro Antoni Benaiges es la promesa formulada a unos ni\u00f1os que no hab\u00edan visto nunca el mar. Realizamos un viaje cronol\u00f3gico desde la historia a la ficci\u00f3n, conectando un pasado todav\u00eda vivo con el presente<\/p>\n\n\n\n<p>La pel\u00edcula da vida al maestro republicano Antoni Benaiges en este emotivo &#8216;biopic&#8217; ambientado en la Espa\u00f1a de preguerra y basado en el libro hom\u00f3nimo de Francesc Escribano.<\/p>\n\n\n\n<figure class=\"wp-block-image size-full\"><img data-recalc-dims=\"1\" loading=\"lazy\" decoding=\"async\" width=\"640\" height=\"360\" src=\"https:\/\/i0.wp.com\/miradordeatarfe.es\/wp-content\/uploads\/2024\/11\/img2.rtveB_.jpeg?resize=640%2C360&#038;ssl=1\" alt=\"\" class=\"wp-image-72902\" srcset=\"https:\/\/i0.wp.com\/miradordeatarfe.es\/wp-content\/uploads\/2024\/11\/img2.rtveB_.jpeg?w=900&amp;ssl=1 900w, https:\/\/i0.wp.com\/miradordeatarfe.es\/wp-content\/uploads\/2024\/11\/img2.rtveB_.jpeg?resize=300%2C169&amp;ssl=1 300w, https:\/\/i0.wp.com\/miradordeatarfe.es\/wp-content\/uploads\/2024\/11\/img2.rtveB_.jpeg?resize=768%2C432&amp;ssl=1 768w\" sizes=\"auto, (max-width: 640px) 100vw, 640px\" \/><\/figure>\n\n\n\n<p>Premio del P\u00fablico en los Gaud\u00ed 2024, la pel\u00edcula une dos historias separadas por 75 a\u00f1os. Una es la de Ariadna (interpretada por Laia Costa), una chica que descubre que su abuelo ha estado intentando encontrar la fosa en la que fue enterrado su padre. Ariadna decide viajar desde Barcelona al Monte de la Pedraja, en Burgos, para averiguar si los restos de su bisabuelo est\u00e1n en la fosa com\u00fan que se est\u00e1 excavando. Un anciano de la zona tambi\u00e9n conf\u00eda encontrar all\u00ed los de Antoni Benaiges, su maestro, un hombre que les ense\u00f1\u00f3 el valor del conocimiento y les hizo una promesa que no pudo cumplir: llevarlos a ver el mar..<\/p>\n\n\n\n<p>Este a\u00f1o lo celebramos con una pel\u00edcula inolvidable: \u00abEl Maestro que Prometi\u00f3 el Mar.&nbsp; Una historia entra\u00f1able y emocionante que te har\u00e1 reflexionar y emocionarte como nunca.<\/p>\n\n\n\n<p>&nbsp;<strong>Cu\u00e1ndo: 27 de noviembre<br \/>&nbsp;Hora: 18:00<br \/>&nbsp;D\u00f3nde: Centro Cultural Medina Elvira<\/strong><\/p>\n\n\n\n<p>&nbsp;Entrada gratuita: Recoge tus invitaciones en el Centro Cultural Medina Elvira (hasta completar aforo).<\/p>\n\n\n\n<p>Una forma especial de rendir homenaje a quienes nos inspiran d\u00eda a d\u00eda desde las aulas.<\/p>\n\n\n\n<figure class=\"wp-block-image size-full is-resized\"><img data-recalc-dims=\"1\" loading=\"lazy\" decoding=\"async\" width=\"313\" height=\"470\" src=\"https:\/\/i0.wp.com\/miradordeatarfe.es\/wp-content\/uploads\/2024\/11\/F4173439.jpeg?resize=313%2C470&#038;ssl=1\" alt=\"\" class=\"wp-image-72903\" style=\"width:474px;height:auto\" srcset=\"https:\/\/i0.wp.com\/miradordeatarfe.es\/wp-content\/uploads\/2024\/11\/F4173439.jpeg?w=313&amp;ssl=1 313w, https:\/\/i0.wp.com\/miradordeatarfe.es\/wp-content\/uploads\/2024\/11\/F4173439.jpeg?resize=200%2C300&amp;ssl=1 200w\" sizes=\"auto, (max-width: 313px) 100vw, 313px\" \/><\/figure>\n","protected":false},"excerpt":{"rendered":"<p>El pr\u00f3ximo 27 de Noviembre a las 18h en el Centro Cultural Medina Elvira, celebraremos&#8230;<\/p>\n","protected":false},"author":1,"featured_media":72905,"comment_status":"closed","ping_status":"closed","sticky":false,"template":"","format":"standard","meta":{"_coblocks_attr":"","_coblocks_dimensions":"","_coblocks_responsive_height":"","_coblocks_accordion_ie_support":"","jetpack_post_was_ever_published":false,"_jetpack_newsletter_access":"","_jetpack_dont_email_post_to_subs":true,"_jetpack_newsletter_tier_id":0,"_jetpack_memberships_contains_paywalled_content":false,"_jetpack_memberships_contains_paid_content":false,"footnotes":"","jetpack_publicize_message":"","jetpack_publicize_feature_enabled":true,"jetpack_social_post_already_shared":true,"jetpack_social_options":{"image_generator_settings":{"template":"highway","enabled":false},"version":2}},"categories":[187,186,44],"tags":[],"class_list":["post-72901","post","type-post","status-publish","format-standard","has-post-thumbnail","hentry","category-centros-educativos","category-instituciones","category-noticias-de-hoy"],"jetpack_publicize_connections":[],"jetpack_featured_media_url":"https:\/\/i0.wp.com\/miradordeatarfe.es\/wp-content\/uploads\/2024\/11\/F4172148.jpeg?fit=925%2C500&ssl=1","jetpack_likes_enabled":true,"jetpack_sharing_enabled":true,"_links":{"self":[{"href":"https:\/\/miradordeatarfe.es\/index.php?rest_route=\/wp\/v2\/posts\/72901","targetHints":{"allow":["GET"]}}],"collection":[{"href":"https:\/\/miradordeatarfe.es\/index.php?rest_route=\/wp\/v2\/posts"}],"about":[{"href":"https:\/\/miradordeatarfe.es\/index.php?rest_route=\/wp\/v2\/types\/post"}],"author":[{"embeddable":true,"href":"https:\/\/miradordeatarfe.es\/index.php?rest_route=\/wp\/v2\/users\/1"}],"replies":[{"embeddable":true,"href":"https:\/\/miradordeatarfe.es\/index.php?rest_route=%2Fwp%2Fv2%2Fcomments&post=72901"}],"version-history":[{"count":3,"href":"https:\/\/miradordeatarfe.es\/index.php?rest_route=\/wp\/v2\/posts\/72901\/revisions"}],"predecessor-version":[{"id":72908,"href":"https:\/\/miradordeatarfe.es\/index.php?rest_route=\/wp\/v2\/posts\/72901\/revisions\/72908"}],"wp:featuredmedia":[{"embeddable":true,"href":"https:\/\/miradordeatarfe.es\/index.php?rest_route=\/wp\/v2\/media\/72905"}],"wp:attachment":[{"href":"https:\/\/miradordeatarfe.es\/index.php?rest_route=%2Fwp%2Fv2%2Fmedia&parent=72901"}],"wp:term":[{"taxonomy":"category","embeddable":true,"href":"https:\/\/miradordeatarfe.es\/index.php?rest_route=%2Fwp%2Fv2%2Fcategories&post=72901"},{"taxonomy":"post_tag","embeddable":true,"href":"https:\/\/miradordeatarfe.es\/index.php?rest_route=%2Fwp%2Fv2%2Ftags&post=72901"}],"curies":[{"name":"wp","href":"https:\/\/api.w.org\/{rel}","templated":true}]}}