{"id":72909,"date":"2024-11-28T10:40:00","date_gmt":"2024-11-28T09:40:00","guid":{"rendered":"https:\/\/miradordeatarfe.es\/?p=72909"},"modified":"2024-11-28T10:45:03","modified_gmt":"2024-11-28T09:45:03","slug":"atarfe-celebra-un-homenaje-al-voluntariado-con-motivo-de-su-dia-internacional","status":"publish","type":"post","link":"https:\/\/miradordeatarfe.es\/?p=72909","title":{"rendered":"ATARFE CELEBRA UN \u00abHOMENAJE AL VOLUNTARIADO\u00bb CON  MOTIVO DE SU D\u00cdA INTERNACIONAL"},"content":{"rendered":"\n<p class=\"has-medium-font-size\"><strong>Ma\u00f1ana d\u00eda 29 de noviembre,  se va a celebrar un acto institucional en el Centro C\u00edvico en homenaje a todos\/as los\/as voluntarios\/as de nuestro municipio.<\/strong><\/p>\n\n\n\n<p class=\"has-medium-font-size\">El D\u00eda Internacional del Voluntariado se celebra cada a\u00f1o el <strong>5 de diciembre<\/strong>. Es una oportunidad para celebrar y agradecer a las personas de todo el mundo que dedican su valioso tiempo y esfuerzos al servicio voluntario. Atarfe lo adelanta para no hacerlo coincidir con el puente.<\/p>\n\n\n\n<p class=\"has-medium-font-size\">Asiste para homenajear la labor de todas las personas voluntarias que hacen de Atarfe un lugar mejor. <\/p>\n\n\n\n<p>El voluntariado <strong>representa sobre todo una apuesta por la participaci\u00f3n y la solidaridad<\/strong>. El voluntariado es sobre todo el reflejo de una conciencia social, convertida en acci\u00f3n para dar respuesta organizada a las necesidades sociales, desde el compromiso, la cooperaci\u00f3n y la apuesta por el bien com\u00fan. Es el <strong>trabajo que las personas hacen por solidaridad sin recibir un sueldo en organizaciones que no tienen como fin obtener ganancias<\/strong>.<\/p>\n\n\n\n<p>El voluntariado te permite <strong>conectarte con tu comunidad<\/strong> y hacer de ella un <strong>lugar mejor<\/strong>. Incluso ayudar con las tareas m\u00e1s peque\u00f1as que pueden marcar una diferencia real en las vidas de personas, animales y organizaciones necesitadas.<\/p>\n\n\n\n<p>Este reconocimiento de Atarfe a sus voluntarios\/as se va a desarrollar con la siguientes actividades.<\/p>\n\n\n\n<p class=\"has-medium-font-size\"><strong>Programaci\u00f3n:<\/strong><br \/>1&#xfe0f;&#x20e3; Acto Institucional: Saludo de la <strong>Alcaldesa Yolanda Fern\u00e1ndez<\/strong>, y <strong>lectura del manifiesto<\/strong> en reconocimiento a las voluntarias y voluntarios de Atarfe.<\/p>\n\n\n\n<p>2&#xfe0f;&#x20e3; Actuaciones: Disfruta del baile de la <strong>Asociaci\u00f3n Feeling Good<\/strong> y la m\u00fasica del taller de <strong>Rondalla del Centro de Participaci\u00f3n Activa.<\/strong><\/p>\n\n\n\n<p>3&#xfe0f;&#x20e3;<strong> Talleres y actividades infantiles<\/strong> &#x1f3a8;&#x1f467;&#x1f466;.<\/p>\n\n\n\n<p class=\"has-medium-font-size\">4&#xfe0f;&#x20e3; Convivencia: Comparte un aperitivo con todos los participantes.<\/p>\n\n\n\n<p> Todo voluntario\/a o persona que recibe el apoyo de cualquier instituci\u00f3n est\u00e1 llamado   a participar y a difundir entre las personas amigas, familiares y asociaciones etc. este acto emotivo y solidario.<\/p>\n\n\n\n<figure class=\"wp-block-image size-large\"><img data-recalc-dims=\"1\" loading=\"lazy\" decoding=\"async\" width=\"640\" height=\"905\" src=\"https:\/\/i0.wp.com\/miradordeatarfe.es\/wp-content\/uploads\/2024\/11\/Imagen-de-WhatsApp-2024-11-22-a-las-12.13.54_8e13ed5a.jpg?resize=640%2C905&#038;ssl=1\" alt=\"\" class=\"wp-image-72910\" srcset=\"https:\/\/i0.wp.com\/miradordeatarfe.es\/wp-content\/uploads\/2024\/11\/Imagen-de-WhatsApp-2024-11-22-a-las-12.13.54_8e13ed5a.jpg?resize=724%2C1024&amp;ssl=1 724w, https:\/\/i0.wp.com\/miradordeatarfe.es\/wp-content\/uploads\/2024\/11\/Imagen-de-WhatsApp-2024-11-22-a-las-12.13.54_8e13ed5a.jpg?resize=212%2C300&amp;ssl=1 212w, https:\/\/i0.wp.com\/miradordeatarfe.es\/wp-content\/uploads\/2024\/11\/Imagen-de-WhatsApp-2024-11-22-a-las-12.13.54_8e13ed5a.jpg?resize=768%2C1086&amp;ssl=1 768w, https:\/\/i0.wp.com\/miradordeatarfe.es\/wp-content\/uploads\/2024\/11\/Imagen-de-WhatsApp-2024-11-22-a-las-12.13.54_8e13ed5a.jpg?resize=1086%2C1536&amp;ssl=1 1086w, https:\/\/i0.wp.com\/miradordeatarfe.es\/wp-content\/uploads\/2024\/11\/Imagen-de-WhatsApp-2024-11-22-a-las-12.13.54_8e13ed5a.jpg?resize=1024%2C1448&amp;ssl=1 1024w, https:\/\/i0.wp.com\/miradordeatarfe.es\/wp-content\/uploads\/2024\/11\/Imagen-de-WhatsApp-2024-11-22-a-las-12.13.54_8e13ed5a.jpg?resize=1320%2C1867&amp;ssl=1 1320w, https:\/\/i0.wp.com\/miradordeatarfe.es\/wp-content\/uploads\/2024\/11\/Imagen-de-WhatsApp-2024-11-22-a-las-12.13.54_8e13ed5a.jpg?w=1448&amp;ssl=1 1448w\" sizes=\"auto, (max-width: 640px) 100vw, 640px\" \/><\/figure>\n","protected":false},"excerpt":{"rendered":"<p>Ma\u00f1ana d\u00eda 29 de noviembre, se va a celebrar un acto institucional en el Centro&#8230;<\/p>\n","protected":false},"author":1,"featured_media":72911,"comment_status":"closed","ping_status":"closed","sticky":false,"template":"","format":"standard","meta":{"_coblocks_attr":"","_coblocks_dimensions":"","_coblocks_responsive_height":"","_coblocks_accordion_ie_support":"","jetpack_post_was_ever_published":false,"_jetpack_newsletter_access":"","_jetpack_dont_email_post_to_subs":true,"_jetpack_newsletter_tier_id":0,"_jetpack_memberships_contains_paywalled_content":false,"_jetpack_memberships_contains_paid_content":false,"footnotes":"","jetpack_publicize_message":"","jetpack_publicize_feature_enabled":true,"jetpack_social_post_already_shared":false,"jetpack_social_options":{"image_generator_settings":{"template":"highway","enabled":false},"version":2}},"categories":[186,44,10801,10799],"tags":[],"class_list":["post-72909","post","type-post","status-publish","format-standard","has-post-thumbnail","hentry","category-instituciones","category-noticias-de-hoy","category-participa-atarfe","category-voluntariado"],"jetpack_publicize_connections":[],"jetpack_featured_media_url":"https:\/\/i0.wp.com\/miradordeatarfe.es\/wp-content\/uploads\/2024\/11\/Dia-del-voluntariado.jpg?fit=634%2C463&ssl=1","jetpack_likes_enabled":true,"jetpack_sharing_enabled":true,"_links":{"self":[{"href":"https:\/\/miradordeatarfe.es\/index.php?rest_route=\/wp\/v2\/posts\/72909","targetHints":{"allow":["GET"]}}],"collection":[{"href":"https:\/\/miradordeatarfe.es\/index.php?rest_route=\/wp\/v2\/posts"}],"about":[{"href":"https:\/\/miradordeatarfe.es\/index.php?rest_route=\/wp\/v2\/types\/post"}],"author":[{"embeddable":true,"href":"https:\/\/miradordeatarfe.es\/index.php?rest_route=\/wp\/v2\/users\/1"}],"replies":[{"embeddable":true,"href":"https:\/\/miradordeatarfe.es\/index.php?rest_route=%2Fwp%2Fv2%2Fcomments&post=72909"}],"version-history":[{"count":1,"href":"https:\/\/miradordeatarfe.es\/index.php?rest_route=\/wp\/v2\/posts\/72909\/revisions"}],"predecessor-version":[{"id":72912,"href":"https:\/\/miradordeatarfe.es\/index.php?rest_route=\/wp\/v2\/posts\/72909\/revisions\/72912"}],"wp:featuredmedia":[{"embeddable":true,"href":"https:\/\/miradordeatarfe.es\/index.php?rest_route=\/wp\/v2\/media\/72911"}],"wp:attachment":[{"href":"https:\/\/miradordeatarfe.es\/index.php?rest_route=%2Fwp%2Fv2%2Fmedia&parent=72909"}],"wp:term":[{"taxonomy":"category","embeddable":true,"href":"https:\/\/miradordeatarfe.es\/index.php?rest_route=%2Fwp%2Fv2%2Fcategories&post=72909"},{"taxonomy":"post_tag","embeddable":true,"href":"https:\/\/miradordeatarfe.es\/index.php?rest_route=%2Fwp%2Fv2%2Ftags&post=72909"}],"curies":[{"name":"wp","href":"https:\/\/api.w.org\/{rel}","templated":true}]}}