{"id":72913,"date":"2024-11-22T09:00:00","date_gmt":"2024-11-22T08:00:00","guid":{"rendered":"https:\/\/miradordeatarfe.es\/?p=72913"},"modified":"2024-11-22T13:09:09","modified_gmt":"2024-11-22T12:09:09","slug":"hoy-celebramos-el-dia-de-las-gitanas-y-gitanos-andaluces","status":"publish","type":"post","link":"https:\/\/miradordeatarfe.es\/?p=72913","title":{"rendered":"Hoy celebramos el D\u00eda de las Gitanas y Gitanos Andaluces"},"content":{"rendered":"\n<p>El 22 de Noviembre se conmemora la llegada en 1462 de Don Mart\u00edn y Don Tom\u00e1s del peque\u00f1o Egipto al Reino de Ja\u00e9n, donde fueron recibidos por el Condestable Lucas de Iranzo. Una fecha hist\u00f3rica que recuerda el inicio de una rica herencia cultural que forma parte esencial de Andaluc\u00eda.<\/p>\n\n\n\n<p>El objetivo de esta jornada es irradiar la cultura gitana para un mayor conocimiento, eliminando estereotipos y prejuicios, fomentando la interculturalidad y convivencia<\/p>\n\n\n\n<p>Con la llegada de la democracia en nuestro pa\u00eds, el Pueblo Gitano ha ido alcanzando cuotas de igualdad y ha mejorado sus condiciones de vida. Sin embargo, son muchos los retos todav\u00eda pendientes. La brecha que separa a la gran mayor\u00eda del Pueblo Gitano de la poblaci\u00f3n en su conjunto muestra la desventaja social en la que viven muchas familias gitanas andaluzas, situaciones impropias de nuestro estado de derecho que proclama como uno de sus principales pilares la igualdad de oportunidades.<\/p>\n\n\n\n<p>Con una poblaci\u00f3n aproximada de 15 millones en todo el mundo, los gitanos son una de las minor\u00edas \u00e9tnicas m\u00e1s grandes del mundo. A pesar de llevar varios siglos presentes en la mayor\u00eda de las sociedades, siguen siendo unos grandes desconocidos y su imagen se asocia con frecuencia a estereotipos que poco tienen que ver con la realidad. Presentes mayoritariamente en Europa central y oriental, donde viven <a href=\"https:\/\/www.amnesty.org.uk\/files\/roma_in_europe_briefing.pdf\">el 70% de todos los roman\u00eds<\/a>, los gitanos luchan por preservar su cultura en un siglo que se presenta lleno de desaf\u00edos tras superar un pasado de persecuciones y dificultades.<\/p>\n\n\n\n<p>Desde Atarfe el Ayuntamiento de Atarfe se ha unido a esta conmemoraci\u00f3n para celebrar la diversidad, la riqueza cultural y la gran aportaci\u00f3n del pueblo gitano a nuestra tierra.<\/p>\n\n\n\n<p>\u00a1Atarfe por la Igualdad y la Inclusi\u00f3n!<\/p>\n\n\n\n<figure class=\"wp-block-image size-full\"><img data-recalc-dims=\"1\" loading=\"lazy\" decoding=\"async\" width=\"600\" height=\"750\" src=\"https:\/\/i0.wp.com\/miradordeatarfe.es\/wp-content\/uploads\/2024\/11\/web-2852.jpg?resize=600%2C750&#038;ssl=1\" alt=\"\" class=\"wp-image-72916\" srcset=\"https:\/\/i0.wp.com\/miradordeatarfe.es\/wp-content\/uploads\/2024\/11\/web-2852.jpg?w=600&amp;ssl=1 600w, https:\/\/i0.wp.com\/miradordeatarfe.es\/wp-content\/uploads\/2024\/11\/web-2852.jpg?resize=240%2C300&amp;ssl=1 240w\" sizes=\"auto, (max-width: 600px) 100vw, 600px\" \/><\/figure>\n\n\n\n<p>FOTO:Campamento de gitanos con carromatos, de Vincent Van Gogh (1888). Fuente: VincentVanGogh.org<\/p>\n\n\n\n\n","protected":false},"excerpt":{"rendered":"<p>El 22 de Noviembre se conmemora la llegada en 1462 de Don Mart\u00edn y Don&#8230;<\/p>\n","protected":false},"author":1,"featured_media":72917,"comment_status":"closed","ping_status":"closed","sticky":false,"template":"","format":"standard","meta":{"_coblocks_attr":"","_coblocks_dimensions":"","_coblocks_responsive_height":"","_coblocks_accordion_ie_support":"","jetpack_post_was_ever_published":false,"_jetpack_newsletter_access":"","_jetpack_dont_email_post_to_subs":true,"_jetpack_newsletter_tier_id":0,"_jetpack_memberships_contains_paywalled_content":false,"_jetpack_memberships_contains_paid_content":false,"footnotes":"","jetpack_publicize_message":"","jetpack_publicize_feature_enabled":true,"jetpack_social_post_already_shared":false,"jetpack_social_options":{"image_generator_settings":{"template":"highway","enabled":false},"version":2}},"categories":[12,186,44],"tags":[],"class_list":["post-72913","post","type-post","status-publish","format-standard","has-post-thumbnail","hentry","category-cultura","category-instituciones","category-noticias-de-hoy"],"jetpack_publicize_connections":[],"jetpack_featured_media_url":"https:\/\/i0.wp.com\/miradordeatarfe.es\/wp-content\/uploads\/2024\/11\/gitanos-portada.png.webp?fit=847%2C563&ssl=1","jetpack_likes_enabled":true,"jetpack_sharing_enabled":true,"_links":{"self":[{"href":"https:\/\/miradordeatarfe.es\/index.php?rest_route=\/wp\/v2\/posts\/72913","targetHints":{"allow":["GET"]}}],"collection":[{"href":"https:\/\/miradordeatarfe.es\/index.php?rest_route=\/wp\/v2\/posts"}],"about":[{"href":"https:\/\/miradordeatarfe.es\/index.php?rest_route=\/wp\/v2\/types\/post"}],"author":[{"embeddable":true,"href":"https:\/\/miradordeatarfe.es\/index.php?rest_route=\/wp\/v2\/users\/1"}],"replies":[{"embeddable":true,"href":"https:\/\/miradordeatarfe.es\/index.php?rest_route=%2Fwp%2Fv2%2Fcomments&post=72913"}],"version-history":[{"count":1,"href":"https:\/\/miradordeatarfe.es\/index.php?rest_route=\/wp\/v2\/posts\/72913\/revisions"}],"predecessor-version":[{"id":72918,"href":"https:\/\/miradordeatarfe.es\/index.php?rest_route=\/wp\/v2\/posts\/72913\/revisions\/72918"}],"wp:featuredmedia":[{"embeddable":true,"href":"https:\/\/miradordeatarfe.es\/index.php?rest_route=\/wp\/v2\/media\/72917"}],"wp:attachment":[{"href":"https:\/\/miradordeatarfe.es\/index.php?rest_route=%2Fwp%2Fv2%2Fmedia&parent=72913"}],"wp:term":[{"taxonomy":"category","embeddable":true,"href":"https:\/\/miradordeatarfe.es\/index.php?rest_route=%2Fwp%2Fv2%2Fcategories&post=72913"},{"taxonomy":"post_tag","embeddable":true,"href":"https:\/\/miradordeatarfe.es\/index.php?rest_route=%2Fwp%2Fv2%2Ftags&post=72913"}],"curies":[{"name":"wp","href":"https:\/\/api.w.org\/{rel}","templated":true}]}}