{"id":72928,"date":"2024-11-28T09:34:00","date_gmt":"2024-11-28T08:34:00","guid":{"rendered":"https:\/\/miradordeatarfe.es\/?p=72928"},"modified":"2024-11-26T12:16:21","modified_gmt":"2024-11-26T11:16:21","slug":"campana-25n-24-7-de-la-universidad-de-granada","status":"publish","type":"post","link":"https:\/\/miradordeatarfe.es\/?p=72928","title":{"rendered":"Campa\u00f1a \u201c25N 24\/7 de la Universidad de Granada"},"content":{"rendered":"\n<p class=\"has-medium-font-size\"><strong>La campa\u00f1a \u201c25N 24\/7\u201d, promovida por la Unidad de Igualdad y Conciliaci\u00f3n de la UGR, es otra de las acciones de sensibilizaci\u00f3n en la que se subraya que las violencias contra las mujeres suceden las veinticuatro horas del d\u00eda, los siete d\u00edas de la semana.<\/strong> <\/p>\n\n\n\n<p>Tanto desde el \u00e1mbito acad\u00e9mico, como desde el activismo y colectivismo, o a partir de testimonios de historias de violencia vividas y superadas, distintas voces feministas de la provincia de Granada aportan referencias, datos contrastados y estudios cr\u00edticos, que permitan adquirir conocimiento y toma de conciencia sobre la realidad de la violencia machista.<\/p>\n\n\n\n<p>Desde el Vicerrectorado de Igualdad, Inclusi\u00f3n y Sostenibilidad, se convoca a toda la comunidad universitaria, estudiantado, profesorado y PAS de la Universidad de Granada a la participaci\u00f3n en la Manifestaci\u00f3n que tendr\u00e1 lugar el viernes 25 de noviembre, a las 18 horas en el centro de Granada, \u201cpara tomar conciencia y luchar juntas contra la violencia machista\u201d. La Unidad de Igualdad y Conciliaci\u00f3n colabora con la Plataforma 25N de Granada en la organizaci\u00f3n de la Manifestaci\u00f3n y se adhiere a su manifiesto.<\/p>\n\n\n\n<figure class=\"wp-block-embed is-type-video is-provider-youtube wp-block-embed-youtube wp-embed-aspect-16-9 wp-has-aspect-ratio\"><div class=\"wp-block-embed__wrapper\">\n<iframe loading=\"lazy\" title=\"&quot;25N 24\/7&quot; \u00b7 Teaser\" width=\"640\" height=\"360\" src=\"https:\/\/www.youtube.com\/embed\/zkaTPNDCBxU?feature=oembed\" frameborder=\"0\" allow=\"accelerometer; autoplay; clipboard-write; encrypted-media; gyroscope; picture-in-picture; web-share\" referrerpolicy=\"strict-origin-when-cross-origin\" allowfullscreen><\/iframe>\n<\/div><\/figure>\n","protected":false},"excerpt":{"rendered":"<p>La campa\u00f1a \u201c25N 24\/7\u201d, promovida por la Unidad de Igualdad y Conciliaci\u00f3n de la UGR,&#8230;<\/p>\n","protected":false},"author":1,"featured_media":72929,"comment_status":"closed","ping_status":"closed","sticky":false,"template":"","format":"standard","meta":{"_coblocks_attr":"","_coblocks_dimensions":"","_coblocks_responsive_height":"","_coblocks_accordion_ie_support":"","jetpack_post_was_ever_published":false,"_jetpack_newsletter_access":"","_jetpack_dont_email_post_to_subs":true,"_jetpack_newsletter_tier_id":0,"_jetpack_memberships_contains_paywalled_content":false,"_jetpack_memberships_contains_paid_content":false,"footnotes":"","jetpack_publicize_message":"","jetpack_publicize_feature_enabled":true,"jetpack_social_post_already_shared":true,"jetpack_social_options":{"image_generator_settings":{"template":"highway","enabled":false},"version":2}},"categories":[14,10781,186,44],"tags":[],"class_list":["post-72928","post","type-post","status-publish","format-standard","has-post-thumbnail","hentry","category-feminismo","category-granada","category-instituciones","category-noticias-de-hoy"],"jetpack_publicize_connections":[],"jetpack_featured_media_url":"https:\/\/i0.wp.com\/miradordeatarfe.es\/wp-content\/uploads\/2024\/11\/mani-1-1024x471-1.jpg?fit=1024%2C471&ssl=1","jetpack_likes_enabled":true,"jetpack_sharing_enabled":true,"_links":{"self":[{"href":"https:\/\/miradordeatarfe.es\/index.php?rest_route=\/wp\/v2\/posts\/72928","targetHints":{"allow":["GET"]}}],"collection":[{"href":"https:\/\/miradordeatarfe.es\/index.php?rest_route=\/wp\/v2\/posts"}],"about":[{"href":"https:\/\/miradordeatarfe.es\/index.php?rest_route=\/wp\/v2\/types\/post"}],"author":[{"embeddable":true,"href":"https:\/\/miradordeatarfe.es\/index.php?rest_route=\/wp\/v2\/users\/1"}],"replies":[{"embeddable":true,"href":"https:\/\/miradordeatarfe.es\/index.php?rest_route=%2Fwp%2Fv2%2Fcomments&post=72928"}],"version-history":[{"count":1,"href":"https:\/\/miradordeatarfe.es\/index.php?rest_route=\/wp\/v2\/posts\/72928\/revisions"}],"predecessor-version":[{"id":72930,"href":"https:\/\/miradordeatarfe.es\/index.php?rest_route=\/wp\/v2\/posts\/72928\/revisions\/72930"}],"wp:featuredmedia":[{"embeddable":true,"href":"https:\/\/miradordeatarfe.es\/index.php?rest_route=\/wp\/v2\/media\/72929"}],"wp:attachment":[{"href":"https:\/\/miradordeatarfe.es\/index.php?rest_route=%2Fwp%2Fv2%2Fmedia&parent=72928"}],"wp:term":[{"taxonomy":"category","embeddable":true,"href":"https:\/\/miradordeatarfe.es\/index.php?rest_route=%2Fwp%2Fv2%2Fcategories&post=72928"},{"taxonomy":"post_tag","embeddable":true,"href":"https:\/\/miradordeatarfe.es\/index.php?rest_route=%2Fwp%2Fv2%2Ftags&post=72928"}],"curies":[{"name":"wp","href":"https:\/\/api.w.org\/{rel}","templated":true}]}}