{"id":72937,"date":"2024-11-25T11:19:00","date_gmt":"2024-11-25T10:19:00","guid":{"rendered":"https:\/\/miradordeatarfe.es\/?p=72937"},"modified":"2025-10-16T10:01:29","modified_gmt":"2025-10-16T08:01:29","slug":"el-machismo-posmoderno-por-remedios-sanchez","status":"publish","type":"post","link":"https:\/\/miradordeatarfe.es\/?p=72937","title":{"rendered":"EL MACHISMO POSMODERNO por Remedios S\u00e1nchez"},"content":{"rendered":"\n<p class=\"has-medium-font-size\"><strong>\u00a0Pasan los a\u00f1os de este siglo XXI, avanzan las tecnolog\u00edas, tenemos cada vez m\u00e1s informaci\u00f3n de lo que sucede y, mientras, el machismo progresa, silente y eficaz, penetrando en todas las capas de la sociedad.<\/strong> <\/p>\n\n\n\n<p>Porque esa idea de prevalencia del hombre sobre la mujer se expande por instantes abrazada a los radicalismos patriarcales, a esta derecha extrema que nos ubica como seres dependientes, incapaces de tomar decisiones, y que se apoya para la amplificaci\u00f3n de sus discursos en ciertos medios de desinformaci\u00f3n ultraconservadores que alcanzan a los j\u00f3venes y alientan patrones de conducta inaceptables. Sigue teniendo vigencia aquella frase que una se\u00f1ora que acudi\u00f3 a la consulta del profesor Miguel Lorente le espet\u00f3: \u201cMi marido me pega lo normal\u201d. Esas peligrosas actitudes de machos antediluvianos se ven nuevamente ahora en los veintea\u00f1eros, y son la evidencia de que las estrategias de Irene Montero no surtieron efecto -salvo en lo negativo- y que seguimos sin tener claro c\u00f3mo afrontar socialmente un problema grav\u00edsimo que ya ha supuesto cuarenta mujeres asesinadas desde enero. No muertas: asesinadas, que hay que utilizar las palabras precisas.<\/p>\n\n\n\n<p>Esas mujeres, ya hoy sangre que se bebe la tierra, como en las tragedias lorquianas, denunciaron a sus asesinos en muy pocos casos porque a\u00fan se tiene asentada la peligrosa idea de que los celos son una muestra de amor, que los gritos y los insultos se quedan en nada porque, el fulano, al d\u00eda siguiente pide perd\u00f3n entre llantos, que un bofet\u00f3n -preludio de la primera paliza- ha sido por una crisis de ansiedad ocasional o una borrachera del pobrecito (y luego se repite y se repite); o, sencillamente, se callaron por verg\u00fcenza social. Porque no todas las afectadas pertenecen a clases desfavorecidas ni dependen junto a sus hijos del sueldo del canalla de turno y por esto, como si eso fuese una raz\u00f3n, aguantan. Muchas son directivas de empresas, m\u00e9dicos, ingenieras, presentadoras de televisi\u00f3n, o cualquier oficio que se les ocurra. <\/p>\n\n\n\n<p>El perfil de la mujer maltratada es tan heterodoxo como quepa imaginar, pero ellas no siempre son conscientes del da\u00f1o hasta que es demasiado tarde, hasta que un canalla les ha destrozado externa e interiormente. A veces, no lo olvidemos este 25N, las heridas s\u00f3lo est\u00e1n por dentro. El maltrato psicol\u00f3gico, esa gota perpetua que va horadando la voluntad con frases del tipo \u201ct\u00fa no sirves para nada\u201d, \u201ceres t\u00fa la que me provocas y por eso pasa lo que pasa\u201d, \u201cte quedas sin hijos si te separas, t\u00fa sabr\u00e1s\u201d, es tan peligrosa y puede doler tanto como una paliza. Tambi\u00e9n resulta m\u00e1s dif\u00edcil de demostrar, porque quienes lo perpetran son maquiav\u00e9licos en su trabajo, afables con sus amigos, corteses en cualquier espacio p\u00fablico. Parecen ciudadanos ejemplares pero, en cuanto suenan sus llaves en la cerradura de casa, la familia tiembla porque sabe lo que le espera: esa refinada capacidad para la tortura que deja marcas imborrables en el alma. Lo explicita magistralmente Birgit Vanderbeke en su valiosa novela \u201cMejillones para cenar\u201d, l\u00e9anla. Por eso no caben m\u00e1s que dos medidas para empezar: unidad institucional para desarrollar medidas legales en\u00e9rgicas que propicien la protecci\u00f3n de las mujeres desde el primer mal gesto que sufran y trabajar sin descanso para reeducar a esta generaci\u00f3n que viene en que s\u00f3lo merece compartir la vida con otra persona desde la libertad y el mutuo respeto.<\/p>\n\n\n\n<p>FOTO: <a href=\"https:\/\/www.corella.es\/8-de-marzo-silencia-el-machismo\/\">https:\/\/www.corella.es\/8-de-marzo-silencia-el-machismo\/<\/a><\/p>\n","protected":false},"excerpt":{"rendered":"<p>\u00a0Pasan los a\u00f1os de este siglo XXI, avanzan las tecnolog\u00edas, tenemos cada vez m\u00e1s informaci\u00f3n&#8230;<\/p>\n","protected":false},"author":1,"featured_media":72938,"comment_status":"closed","ping_status":"closed","sticky":false,"template":"","format":"standard","meta":{"_coblocks_attr":"","_coblocks_dimensions":"","_coblocks_responsive_height":"","_coblocks_accordion_ie_support":"","jetpack_post_was_ever_published":false,"_jetpack_newsletter_access":"","_jetpack_dont_email_post_to_subs":true,"_jetpack_newsletter_tier_id":0,"_jetpack_memberships_contains_paywalled_content":false,"_jetpack_memberships_contains_paid_content":false,"footnotes":"","jetpack_publicize_message":"","jetpack_publicize_feature_enabled":true,"jetpack_social_post_already_shared":true,"jetpack_social_options":{"image_generator_settings":{"template":"highway","enabled":false},"version":2}},"categories":[14,186,44,6914],"tags":[],"class_list":["post-72937","post","type-post","status-publish","format-standard","has-post-thumbnail","hentry","category-feminismo","category-instituciones","category-noticias-de-hoy","category-opinion-de-reme-sanchez"],"jetpack_publicize_connections":[],"jetpack_featured_media_url":"https:\/\/i0.wp.com\/miradordeatarfe.es\/wp-content\/uploads\/2024\/11\/cabecera-machismo.jpg?fit=1131%2C527&ssl=1","jetpack_likes_enabled":true,"jetpack_sharing_enabled":true,"_links":{"self":[{"href":"https:\/\/miradordeatarfe.es\/index.php?rest_route=\/wp\/v2\/posts\/72937","targetHints":{"allow":["GET"]}}],"collection":[{"href":"https:\/\/miradordeatarfe.es\/index.php?rest_route=\/wp\/v2\/posts"}],"about":[{"href":"https:\/\/miradordeatarfe.es\/index.php?rest_route=\/wp\/v2\/types\/post"}],"author":[{"embeddable":true,"href":"https:\/\/miradordeatarfe.es\/index.php?rest_route=\/wp\/v2\/users\/1"}],"replies":[{"embeddable":true,"href":"https:\/\/miradordeatarfe.es\/index.php?rest_route=%2Fwp%2Fv2%2Fcomments&post=72937"}],"version-history":[{"count":1,"href":"https:\/\/miradordeatarfe.es\/index.php?rest_route=\/wp\/v2\/posts\/72937\/revisions"}],"predecessor-version":[{"id":72939,"href":"https:\/\/miradordeatarfe.es\/index.php?rest_route=\/wp\/v2\/posts\/72937\/revisions\/72939"}],"wp:featuredmedia":[{"embeddable":true,"href":"https:\/\/miradordeatarfe.es\/index.php?rest_route=\/wp\/v2\/media\/72938"}],"wp:attachment":[{"href":"https:\/\/miradordeatarfe.es\/index.php?rest_route=%2Fwp%2Fv2%2Fmedia&parent=72937"}],"wp:term":[{"taxonomy":"category","embeddable":true,"href":"https:\/\/miradordeatarfe.es\/index.php?rest_route=%2Fwp%2Fv2%2Fcategories&post=72937"},{"taxonomy":"post_tag","embeddable":true,"href":"https:\/\/miradordeatarfe.es\/index.php?rest_route=%2Fwp%2Fv2%2Ftags&post=72937"}],"curies":[{"name":"wp","href":"https:\/\/api.w.org\/{rel}","templated":true}]}}