{"id":72953,"date":"2024-11-27T10:39:00","date_gmt":"2024-11-27T09:39:00","guid":{"rendered":"https:\/\/miradordeatarfe.es\/?p=72953"},"modified":"2024-11-24T20:29:08","modified_gmt":"2024-11-24T19:29:08","slug":"novillada-en-atarfe","status":"publish","type":"post","link":"https:\/\/miradordeatarfe.es\/?p=72953","title":{"rendered":"Novillada en Atarfe"},"content":{"rendered":"\n<p class=\"has-medium-font-size\">E<strong>l Centro Cultural Medina Elvira de Atarfe acogi\u00f3 la presentaci\u00f3n oficial del cartel de la tercera novillada del I Circuito de la Diputaci\u00f3n de Granada, que se celebrar\u00e1 en el Coliseo Ciudad de Atarfe el pr\u00f3ximo 1 de diciembre a las 12:00 horas<\/strong> <\/p>\n\n\n\n<p>Tras su paso por las plazas de Baza y Gor, el \u00faltimo festejo de este certamen contar\u00e1 con la presencia de los espadas I<strong><em>v\u00e1n Rejas, de la Escuela Taurina de Atarfe, Ernesto Lorenzo y Gustavo Martos, de la Escuela de Motril, Martin Mendoza, de la Escuela de Granada<\/em><\/strong>, <strong><em>Hugo Casado, de la Escuela de Catalu\u00f1a, y Pablo Fern\u00e1ndez, de la Escuela de Atarfe. <\/em><\/strong>Los erales pertenecer\u00e1n al hierro de La Espuela.<\/p>\n\n\n\n<p>En el acto de presentaci\u00f3n intervinieron la alcaldesa de Atarfe, Yolanda Fern\u00e1ndez, el diputado de Agua, Promoci\u00f3n Agraria y Medio Ambiente, Antonio Mancilla, el coordinador del Cap\u00edtulo Granada de la Fundaci\u00f3n del Toro de Lidia, Fernando Navarro y el empresario Antonio Ganivet. Entre los asistentes destac\u00f3 igualmente la presencia del diputado de Fondos Europeos, Desarrollo, Industria y Empleo, Antonio D\u00edaz, de los novilleros participantes y representantes de las escuelas taurinas granadinas.<\/p>\n\n\n\n<p>Atarfe acoger\u00e1 <strong>la tercera novillada del I Circuito Provincial de Novilladas sin Picadores, <\/strong>organizado por la Diputaci\u00f3n de Granada. Nuestra emblem\u00e1tica Plaza de Toros, una de las mejores cubiertas de Espa\u00f1a, ser\u00e1 el escenario de este evento que apoya a las nuevas generaciones de toreros.<\/p>\n\n\n\n<p>&nbsp;Nuestro joven talento, Iv\u00e1n Rejas, de la Escuela Taurina de Atarfe, nos representar\u00e1 en esta jornada.&nbsp;<\/p>\n\n\n\n<p class=\"has-medium-font-size\"> <strong>La novillada ser\u00e1 el 1 DE DICIEMBRE a las 12 HORAS en el COLISEO DE ATARFE<\/strong><\/p>\n\n\n\n\n","protected":false},"excerpt":{"rendered":"<p>El Centro Cultural Medina Elvira de Atarfe acogi\u00f3 la presentaci\u00f3n oficial del cartel de la&#8230;<\/p>\n","protected":false},"author":1,"featured_media":72954,"comment_status":"closed","ping_status":"closed","sticky":false,"template":"","format":"standard","meta":{"_coblocks_attr":"","_coblocks_dimensions":"","_coblocks_responsive_height":"","_coblocks_accordion_ie_support":"","jetpack_post_was_ever_published":false,"_jetpack_newsletter_access":"","_jetpack_dont_email_post_to_subs":true,"_jetpack_newsletter_tier_id":0,"_jetpack_memberships_contains_paywalled_content":false,"_jetpack_memberships_contains_paid_content":false,"footnotes":"","jetpack_publicize_message":"","jetpack_publicize_feature_enabled":true,"jetpack_social_post_already_shared":true,"jetpack_social_options":{"image_generator_settings":{"template":"highway","enabled":false},"version":2}},"categories":[1161,186,44],"tags":[],"class_list":["post-72953","post","type-post","status-publish","format-standard","has-post-thumbnail","hentry","category-ciudadania","category-instituciones","category-noticias-de-hoy"],"jetpack_publicize_connections":[],"jetpack_featured_media_url":"https:\/\/i0.wp.com\/miradordeatarfe.es\/wp-content\/uploads\/2024\/11\/toros1-kxbC-U23078167352vCB-1200x840%40Ideal.webp?fit=1200%2C840&ssl=1","jetpack_likes_enabled":true,"jetpack_sharing_enabled":true,"_links":{"self":[{"href":"https:\/\/miradordeatarfe.es\/index.php?rest_route=\/wp\/v2\/posts\/72953","targetHints":{"allow":["GET"]}}],"collection":[{"href":"https:\/\/miradordeatarfe.es\/index.php?rest_route=\/wp\/v2\/posts"}],"about":[{"href":"https:\/\/miradordeatarfe.es\/index.php?rest_route=\/wp\/v2\/types\/post"}],"author":[{"embeddable":true,"href":"https:\/\/miradordeatarfe.es\/index.php?rest_route=\/wp\/v2\/users\/1"}],"replies":[{"embeddable":true,"href":"https:\/\/miradordeatarfe.es\/index.php?rest_route=%2Fwp%2Fv2%2Fcomments&post=72953"}],"version-history":[{"count":1,"href":"https:\/\/miradordeatarfe.es\/index.php?rest_route=\/wp\/v2\/posts\/72953\/revisions"}],"predecessor-version":[{"id":72955,"href":"https:\/\/miradordeatarfe.es\/index.php?rest_route=\/wp\/v2\/posts\/72953\/revisions\/72955"}],"wp:featuredmedia":[{"embeddable":true,"href":"https:\/\/miradordeatarfe.es\/index.php?rest_route=\/wp\/v2\/media\/72954"}],"wp:attachment":[{"href":"https:\/\/miradordeatarfe.es\/index.php?rest_route=%2Fwp%2Fv2%2Fmedia&parent=72953"}],"wp:term":[{"taxonomy":"category","embeddable":true,"href":"https:\/\/miradordeatarfe.es\/index.php?rest_route=%2Fwp%2Fv2%2Fcategories&post=72953"},{"taxonomy":"post_tag","embeddable":true,"href":"https:\/\/miradordeatarfe.es\/index.php?rest_route=%2Fwp%2Fv2%2Ftags&post=72953"}],"curies":[{"name":"wp","href":"https:\/\/api.w.org\/{rel}","templated":true}]}}