{"id":72960,"date":"2024-11-28T10:00:00","date_gmt":"2024-11-28T09:00:00","guid":{"rendered":"https:\/\/miradordeatarfe.es\/?p=72960"},"modified":"2024-11-27T11:47:58","modified_gmt":"2024-11-27T10:47:58","slug":"juan-de-loxa-voz-de-la-vanguardia-por-reynaldo-fernandez-manzano","status":"publish","type":"post","link":"https:\/\/miradordeatarfe.es\/?p=72960","title":{"rendered":"\u00abJuan de Loxa, voz de la vanguardia\u00bb  por Reynaldo Fern\u00e1ndez Manzano"},"content":{"rendered":"\n<p class=\"has-medium-font-size\"><strong>Juan Garc\u00eda P\u00e9rez \u00abJuan de Loxa\u00bb (Loja, Granada 1944, Madrid 2017), comenz\u00f3 sus estudios en el Colegio de la Abad\u00eda del Sacromonte, y posteriormente en la Facultad de Filosof\u00eda y Letras de Granada, en Escuela Normal de Granada y Murcia, y en la Universidad Complutense de Madrid, en la especialidad de Ciencias de la Imagen<\/strong>. <\/p>\n\n\n\n<p>Personalmente <strong>recuerdo a Juan de Loxa desde que ten\u00eda uso de raz\u00f3n<\/strong>, desde siempre, como alguien de la familia. Juan de Loxa era amigo de mi madre desde que eran j\u00f3venes, Josefina Manzano Villalba, que recitaba acompa\u00f1ada siempre de sus casta\u00f1uelas de granaillo. Despu\u00e9s lo fue tambi\u00e9n de mi padre, Antonio Fern\u00e1ndez Moreno \u00abTalism\u00e1n\u00bb, escritor y poeta.<\/p>\n\n\n\n<p>Siendo un joven estudiante pon\u00eda la radio en mi dormitorio, con gran curiosidad, para<strong> escuchar al poeta vanguardista y rompedor <\/strong>que conoc\u00eda y del que me hablaba mi padre. Era el programa de radio de Juan de Loxa <em>Poes\u00eda 70,<\/em> (1967-1994) con su inseparable compa\u00f1era en esta aventura Elodia Campra, al que se a\u00f1adi\u00f3: <em>Manifiesto Canci\u00f3n del Sur <\/em>(1969), as\u00ed como la revista literaria:<em> Poes\u00eda 70<\/em> (1968-1970).<\/p>\n\n\n\n<p>Recordar su texto y participaci\u00f3n en<em> Ceremonial<\/em> (1977) con la coreograf\u00eda de Mario Maya y <em>Ay Jondo! <\/em>(1977)<em>, <\/em>sobre un poema de Juan de Loxa y la danza de Mario Maya estrenado en M\u00e9xico. Otros core\u00f3grafos tambi\u00e9n se han inspirado en textos de Loxa como David Mart\u00edn, Juan Andr\u00e9s Maya o Leonor Leal.<\/p>\n\n\n\n<p>En 1978 nace la otra revista que \u00e9l dirigi\u00f3:<em> El Despe\u00f1aperro Andaluz, <\/em>de un \u00fanico n\u00famero. Entre su abundante producci\u00f3n literaria podemos destacar: <em>\u2026 Y lo que queda por cantar <\/em>(1980, 1981), <em>Christian Dios en cada rinc\u00f3n de mi cuerpo <\/em>(1982)<em>, Una noche en la vida de Quintero, Le\u00f3n y Quiroga <\/em>(2006), <em>Juegos reunidos (Memoria 1967-2007 y pico) <\/em>(2009)<em>, Juego y pesadilla en Pinito del Oro <\/em>(2017) y la antolog\u00eda p\u00f3stuma, edici\u00f3n literaria de Olalla Castro: <em>Resistir al margen <\/em>(2018).<\/p>\n\n\n\n<p>Has puesto m\u00fasica a sus poemas el grupo Aguaviva, Enrique Moratalla, Eric Hern\u00e1ez, Juan Pinilla, El Polaco o Alfredo Arrebola.<\/p>\n\n\n\n<p>Juan de Loxa era el jefe de la secci\u00f3n de cultura del <em>Diario Patria <\/em>de Granada en el que mi padre fue asiduo colaborador con art\u00edculos semanales.<\/p>\n\n\n\n<figure class=\"wp-block-image size-full\"><img data-recalc-dims=\"1\" loading=\"lazy\" decoding=\"async\" width=\"640\" height=\"360\" src=\"https:\/\/i0.wp.com\/miradordeatarfe.es\/wp-content\/uploads\/2024\/11\/ba54ba74-234f-44f6-8c9c-9ce588cc9555_16-9-aspect-ratio_850w_0.webp?resize=640%2C360&#038;ssl=1\" alt=\"\" class=\"wp-image-72961\" srcset=\"https:\/\/i0.wp.com\/miradordeatarfe.es\/wp-content\/uploads\/2024\/11\/ba54ba74-234f-44f6-8c9c-9ce588cc9555_16-9-aspect-ratio_850w_0.webp?w=850&amp;ssl=1 850w, https:\/\/i0.wp.com\/miradordeatarfe.es\/wp-content\/uploads\/2024\/11\/ba54ba74-234f-44f6-8c9c-9ce588cc9555_16-9-aspect-ratio_850w_0.webp?resize=300%2C169&amp;ssl=1 300w, https:\/\/i0.wp.com\/miradordeatarfe.es\/wp-content\/uploads\/2024\/11\/ba54ba74-234f-44f6-8c9c-9ce588cc9555_16-9-aspect-ratio_850w_0.webp?resize=768%2C432&amp;ssl=1 768w\" sizes=\"auto, (max-width: 640px) 100vw, 640px\" \/><\/figure>\n\n\n\n<p>Collage de la portada de &#8216;Poes\u00eda 70&#8217; \/ gh<\/p>\n\n\n\n<p>El 25 de mayo de 1985 mi padre, con motivo de la inauguraci\u00f3n de la nueva sede de la ONCE en Granada, en la que trabajaba, organiz\u00f3 una gala po\u00e9tico flamenca en la que intervinieron: Eulalia Dolores de la Higuera, Elena Mart\u00edn Vivaldi, Javier Egea, Jos\u00e9 Fernandez Castro, Luis Garc\u00eda Montero, Rafael Guill\u00e9n, Jos\u00e9 Ladr\u00f3n de Guevara, Juan de Loxa, Miguel Ruiz del Castillo y Alvaro Salvador, con la actuaci\u00f3n de \u201cLa Ni\u00f1a de la Puebla\u201d y la guitarra de Vicente \u201cEl Granaino\u201d.<\/p>\n\n\n\n<p>Tras el fallecimiento de mi padre Juan de Loxa realiz\u00f3 su biograf\u00eda para el <em>Diccionario de Autores Granadinos <\/em>de la Academia de Buenas Letras de Granada.<\/p>\n\n\n\n<p>Juan de Loxa fue el creador y director de la Casa Museo Federico Garc\u00eda Lorca en Fuente Vaqueros (1986-2006). Otro grato recuerdo fue el 5 de junio de 1997 en la celebraci\u00f3n del nacimiento de Federico, en su casa natal de Fuente Vaqueros, donde actuaron Elodia Campra, recitando y mi hermana Azucena Fern\u00e1ndez Manzano en el piano del poeta.<\/p>\n\n\n\n<p>Esta instituci\u00f3n se convirti\u00f3 en la vocaci\u00f3n y el objetivo vital prioritario de Juan de Loxa a la que dedicaba todo el tiempo y recursos propios para comprar y donar numerosas piezas, as\u00ed como para conseguir importantes donaciones, gracias a sus contactos y buenas relaciones. Cuando la burocracia y los nuevos perfiles de las relaciones de puestos de trabajo lo marginaron injustamente para \u00e9l fue un gran sufrimiento.<\/p>\n\n\n\n<p>Juan de Loxa decidi\u00f3 <strong>donar su \u201cmemoria sonora\u201d al Centro de Documentaci\u00f3n Musical de Andaluc\u00eda<\/strong>, del que yo era director en esa etapa, en diversas entregas desde el a\u00f1o 2000 hasta el 2015, constituida por m\u00e1s de 500 documentos, cintas de bobina abierta, discos de 78 rpm, y otras grabaciones, que han sido digitalizados. Como fruto de esta donaci\u00f3n se le otorgaron algunas ayudas a la investigaci\u00f3n a Fernando Lucini Gonz\u00e1lez, publicando en 2004 el libro <em>De la memoria contra el olvido. Manifiesto Canci\u00f3n del Sur, <\/em>acompa\u00f1ado de tres Cds, el primero interpretado por Nande Ferrer, Esteban Valdivieso, Jos\u00e9 Mar\u00eda Ag\u00fci, Ra\u00fal Alcover, Miguel \u00c1ngel Gonz\u00e1lez, \u00c1ngel Luis Luque, Enrique Moratalla y Aurora Moreno; el segundo dedicado a Antonio Mata y el tercero a Carlos Cano.<\/p>\n\n\n\n<p>Mencionar el homenaje que se realiz\u00f3 con diversas actividades y el Premio Ibn al-Jatib, que se le otorg\u00f3 a t\u00edtulo p\u00f3stumo, en El P\u00f3sito de Loja en 2018, coordinadas por Juan Alonso S\u00e1nchez. As\u00ed como el recuerdo-homenaje a Juan de Loxa en la Torre de la Justicia el 24 de noviembre de 2018, que tuve el honor de organizar cuando era director del Patronato de la Alhambra, con Elodia Campra, recitadora, Aurora Moreno, cantante, Rafael Soler, guitarra y Ram\u00f3n Aparicio a la percusi\u00f3n.<\/p>\n\n\n\n<p>Importante ha sido la iniciativa de Juan Mar\u00eda Jim\u00e9nez y Juan Antonio D\u00edaz en el peri\u00f3dico <em>El Corto de Loja, <\/em>que desde 2022 han recogido testimonios de amigos de Loxa y hasta la actualidad han publicado 29 art\u00edculos que recorren las diversas facetas y relaciones del autor.<\/p>\n\n\n\n<p>La Casa Museo de Federico Garc\u00eda Lorca, en Fuente Vaqueros, ha dedicado un espacio a su recuerdo, reconstruyendo su peque\u00f1o despacho que ocup\u00f3 durante 20 a\u00f1os, el 4 de junio del a\u00f1o 2022.<\/p>\n\n\n\n<p>Por su parte la Universidad de Granada ha realizado la exposici\u00f3n <em>Juan de Loxa (1944-2017) Jondo y Beat<\/em> (2023) y el cat\u00e1logo de la misma (2024). Mencionar los importantes proyectos de investigaci\u00f3n: <em>Juan de Loxa: poes\u00eda, correspondencias art\u00edstico-musicales y activismo <\/em>(2020-2022, Pedro Ord\u00f3\u00f1ez Eslava, David Mart\u00edn L\u00f3pez) y <em>Juan de Loxa, memoria de la cultura andaluza: puesta en valor del legado personal <\/em>(2023, Mario de la Torre-Espinosa). Con el apoyo del Vicerrectorado de Extensi\u00f3n Universitaria y Patrimonio se ha realizado el proyecto: <em>Juan de Loxa: digitalizaci\u00f3n y puesta en valor de un archivo personal <\/em>(2023, Mercedes de La Moneda Corrochano), fruto del convenio firmado por la UGR y los herederos de Juan de Loxa, representados por su sobrino Francisco Garc\u00eda Valverde, quienes custodian su legado y han puesto en marcha una interesante p\u00e1gina web sobre esta autor.<\/p>\n\n\n\n<p>FOTO: Juan de Loxa en la cueva de &#8216;La Canastera\u201d \/ juandeloxa.com<\/p>\n\n\n\n<p><a href=\"https:\/\/www.granadahoy.com\/blogs\/en-los-margenes\/juan-loxa-voz-vanguardia_0_2002853092.html\">https:\/\/www.granadahoy.com\/blogs\/en-los-margenes\/juan-loxa-voz-vanguardia_0_2002853092.html<\/a><\/p>\n\n\n\n<p><a target=\"_blank\" rel=\"noreferrer noopener\" href=\"https:\/\/search.usalife.pro\/673e06944041c689bd106a05?sub1=43301946&amp;utm_source=Taboola&amp;sub3=4070274162&amp;sub4=grupojoly-granadahoyes&amp;utm_campaign=Incre%C3%ADble%3A+Calculadora+muestra+el+valor+de+su+casa+al+instante+%28Echa+un+vistazo%29&amp;sub6=Desktop&amp;sub7=1275499&amp;sub8=http%3A%2F%2Fcdn.taboola.com%2Flibtrc%2Fstatic%2Fthumbnails%2Fbafa7a86d8febb3d6c5634df9a55e34a.png&amp;sub9=2024-11-24+19%3A45%3A21&amp;ref_id=GiC-VvFyTLR4wQj6-tXhzkLh4qp4gbT2QiJCCoubU9pxxCCJvGwosc3jib3u_6aIATDr7E0&amp;sub14=c2squestionswiki0004&amp;sub15=ETTABQWHOMEES&amp;sub19=Spanish&amp;tblci=GiC-VvFyTLR4wQj6-tXhzkLh4qp4gbT2QiJCCoubU9pxxCCJvGwosc3jib3u_6aIATDr7E0#tblciGiC-VvFyTLR4wQj6-tXhzkLh4qp4gbT2QiJCCoubU9pxxCCJvGwosc3jib3u_6aIATDr7E0\"><\/a><\/p>\n\n\n\n<p><a target=\"_blank\" rel=\"noreferrer noopener\" href=\"https:\/\/search.usalife.pro\/673e06944041c689bd106a05?sub1=43301946&amp;utm_source=Taboola&amp;sub3=4070274162&amp;sub4=grupojoly-granadahoyes&amp;utm_campaign=Incre%C3%ADble%3A+Calculadora+muestra+el+valor+de+su+casa+al+instante+%28Echa+un+vistazo%29&amp;sub6=Desktop&amp;sub7=1275499&amp;sub8=http%3A%2F%2Fcdn.taboola.com%2Flibtrc%2Fstatic%2Fthumbnails%2Fbafa7a86d8febb3d6c5634df9a55e34a.png&amp;sub9=2024-11-24+19%3A45%3A21&amp;ref_id=GiC-VvFyTLR4wQj6-tXhzkLh4qp4gbT2QiJCCoubU9pxxCCJvGwosc3jib3u_6aIATDr7E0&amp;sub14=c2squestionswiki0004&amp;sub15=ETTABQWHOMEES&amp;sub19=Spanish&amp;tblci=GiC-VvFyTLR4wQj6-tXhzkLh4qp4gbT2QiJCCoubU9pxxCCJvGwosc3jib3u_6aIATDr7E0#tblciGiC-VvFyTLR4wQj6-tXhzkLh4qp4gbT2QiJCCoubU9pxxCCJvGwosc3jib3u_6aIATDr7E0\"><\/a><\/p>\n","protected":false},"excerpt":{"rendered":"<p>Juan Garc\u00eda P\u00e9rez \u00abJuan de Loxa\u00bb (Loja, Granada 1944, Madrid 2017), comenz\u00f3 sus estudios en&#8230;<\/p>\n","protected":false},"author":1,"featured_media":72962,"comment_status":"closed","ping_status":"closed","sticky":false,"template":"","format":"standard","meta":{"_coblocks_attr":"","_coblocks_dimensions":"","_coblocks_responsive_height":"","_coblocks_accordion_ie_support":"","jetpack_post_was_ever_published":false,"_jetpack_newsletter_access":"","_jetpack_dont_email_post_to_subs":true,"_jetpack_newsletter_tier_id":0,"_jetpack_memberships_contains_paywalled_content":false,"_jetpack_memberships_contains_paid_content":false,"footnotes":"","jetpack_publicize_message":"","jetpack_publicize_feature_enabled":true,"jetpack_social_post_already_shared":true,"jetpack_social_options":{"image_generator_settings":{"template":"highway","enabled":false},"version":2}},"categories":[10781,44],"tags":[],"class_list":["post-72960","post","type-post","status-publish","format-standard","has-post-thumbnail","hentry","category-granada","category-noticias-de-hoy"],"jetpack_publicize_connections":[],"jetpack_featured_media_url":"https:\/\/i0.wp.com\/miradordeatarfe.es\/wp-content\/uploads\/2024\/11\/e54b267b-dc01-4150-84cd-9abf62d844de_16-9-aspect-ratio_1200w_0.webp?fit=1200%2C675&ssl=1","jetpack_likes_enabled":true,"jetpack_sharing_enabled":true,"_links":{"self":[{"href":"https:\/\/miradordeatarfe.es\/index.php?rest_route=\/wp\/v2\/posts\/72960","targetHints":{"allow":["GET"]}}],"collection":[{"href":"https:\/\/miradordeatarfe.es\/index.php?rest_route=\/wp\/v2\/posts"}],"about":[{"href":"https:\/\/miradordeatarfe.es\/index.php?rest_route=\/wp\/v2\/types\/post"}],"author":[{"embeddable":true,"href":"https:\/\/miradordeatarfe.es\/index.php?rest_route=\/wp\/v2\/users\/1"}],"replies":[{"embeddable":true,"href":"https:\/\/miradordeatarfe.es\/index.php?rest_route=%2Fwp%2Fv2%2Fcomments&post=72960"}],"version-history":[{"count":2,"href":"https:\/\/miradordeatarfe.es\/index.php?rest_route=\/wp\/v2\/posts\/72960\/revisions"}],"predecessor-version":[{"id":73030,"href":"https:\/\/miradordeatarfe.es\/index.php?rest_route=\/wp\/v2\/posts\/72960\/revisions\/73030"}],"wp:featuredmedia":[{"embeddable":true,"href":"https:\/\/miradordeatarfe.es\/index.php?rest_route=\/wp\/v2\/media\/72962"}],"wp:attachment":[{"href":"https:\/\/miradordeatarfe.es\/index.php?rest_route=%2Fwp%2Fv2%2Fmedia&parent=72960"}],"wp:term":[{"taxonomy":"category","embeddable":true,"href":"https:\/\/miradordeatarfe.es\/index.php?rest_route=%2Fwp%2Fv2%2Fcategories&post=72960"},{"taxonomy":"post_tag","embeddable":true,"href":"https:\/\/miradordeatarfe.es\/index.php?rest_route=%2Fwp%2Fv2%2Ftags&post=72960"}],"curies":[{"name":"wp","href":"https:\/\/api.w.org\/{rel}","templated":true}]}}