{"id":72964,"date":"2024-11-25T11:00:00","date_gmt":"2024-11-25T10:00:00","guid":{"rendered":"https:\/\/miradordeatarfe.es\/?p=72964"},"modified":"2024-11-24T21:09:42","modified_gmt":"2024-11-24T20:09:42","slug":"feministas-de-granada-piden-firmeza-contra-las-violencias-machistas-para-romper-el-silencio-y-la-impunidad","status":"publish","type":"post","link":"https:\/\/miradordeatarfe.es\/?p=72964","title":{"rendered":"Feministas de Granada piden \u00abfirmeza\u00bb contra las violencias machistas para \u00abromper el silencio y la impunidad\u00bb"},"content":{"rendered":"\n<p><strong>HOY 25 de noviembre marchar\u00e1n desde los Jardines del Triunfo hasta el Paseo del Sal\u00f3n a las 18h.<\/strong><\/p>\n\n\n\n<p>\u00abContra las violencias machistas: firmeza y sororidad para romper el silencio y la impunidad\u00bb. Ese es el mensaje que trasladar\u00e1 este pr\u00f3ximo lunes, 25 de noviembre, el movimiento feminista granadino en la manifestaci\u00f3n que recorrer\u00e1 la ciudad para denunciar la violencia que se se ejerce contra las mujeres.&nbsp;<\/p>\n\n\n\n<p>La manifestaci\u00f3n, convocada por la<strong> Plataforma 8M\/25N y el Espacio Feminista Unitario de Granada, partir\u00e1, a las 18.00 horas, de los Jardines del Triunfo para dirigirse hacia el Paseo del Sal\u00f3n, donde leer\u00e1n sus reivindicaciones.&nbsp;<\/strong><\/p>\n\n\n\n<p>Los dos colectivos feministas han llamado a participar en la manifestaci\u00f3n de este lunes<\/p>\n\n\n\n<p>Las cifras siguen siendo alarmantes, como han denunciado sus representantes este viernes al presentar la convocatoria. 40 feminicidios este a\u00f1o en Espa\u00f1a, 8 menores de edad v\u00edctimas de la violencia vicaria y una treintena hu\u00e9rfanos tras el asesinato de sus madres.&nbsp;<\/p>\n\n\n\n<p>Esa es la realidad que necesita seguir alzando la voz contra las violencias machistas.&nbsp;<\/p>\n\n\n\n<p>Los dos colectivos feministas han llamado a participar en la manifestaci\u00f3n del lunes para exigir que las mujeres que sufren violencia reciban un apoyo inmediato. \u00abPara romper el silencio y la impunidad\u00bb; para recordar a aquellas mujeres que han sido asesinadas; para reclamar m\u00e1s recursos y tambi\u00e9n m\u00e1s formaci\u00f3n en perspectiva de g\u00e9nero para profesionales que est\u00e1n en contacto con las v\u00edctimas.&nbsp;<\/p>\n\n\n\n<figure class=\"wp-block-image size-full\"><img data-recalc-dims=\"1\" loading=\"lazy\" decoding=\"async\" width=\"640\" height=\"360\" src=\"https:\/\/i0.wp.com\/miradordeatarfe.es\/wp-content\/uploads\/2024\/11\/paqui_0.jpg?resize=640%2C360&#038;ssl=1\" alt=\"\" class=\"wp-image-72966\" srcset=\"https:\/\/i0.wp.com\/miradordeatarfe.es\/wp-content\/uploads\/2024\/11\/paqui_0.jpg?w=650&amp;ssl=1 650w, https:\/\/i0.wp.com\/miradordeatarfe.es\/wp-content\/uploads\/2024\/11\/paqui_0.jpg?resize=300%2C169&amp;ssl=1 300w\" sizes=\"auto, (max-width: 640px) 100vw, 640px\" \/><\/figure>\n\n\n\n<p class=\"has-small-font-size\">Las portavoces de la Plataforma 8m\/25N y Espacio Feminista Unitario de Gran\u00e1, este viernes en la Plaza del carmen. Foto: Plataforma 8M\/25N<\/p>\n\n\n\n<p><strong>Reproducimos a continuaci\u00f3n el manifiesto de la Plataforma 8M\/25N:<\/strong><\/p>\n\n\n\n<h4 class=\"wp-block-heading\">\u201cCONTRA LAS VIOLENCIAS MACHISTAS: FIRMEZA Y SORORIDAD PARA ROMPER EL SILENCIO Y LA IMPUNIDAD\u201d<\/h4>\n\n\n\n<p>El 25 de noviembre de 2024 se conmemora el D\u00eda Internacional de la Eliminaci\u00f3n de la Violencia contra las Mujeres, con el objetivo de visibilizar la violencia machista, mediante la que se contin\u00faa vulnerando los Derechos Humanos de las Mujeres. En Granada, nos manifestamos, para alzar nuestras voces contra las violencias machistas, con firmeza y sororidad, para romper el silencio y la impunidad. Tambi\u00e9n para recordar a las v\u00edctimas que, cada d\u00eda, son agredidas, silenciadas y asesinadas por el hecho de ser mujeres.<\/p>\n\n\n\n<p>A pesar de los avances hacia la igualdad, las mujeres siguen enfrentando dificultades en su representaci\u00f3n en los medios, la pol\u00edtica y el \u00e1mbito profesional, donde a\u00fan se considera que el conocimiento y el \u00e9xito son dominios masculinos.<\/p>\n\n\n\n<p>La violencia de g\u00e9nero es una de las principales barreras para la igualdad, el desarrollo y la paz, y persiste debido a la cultura patriarcal que perpet\u00faa la estructura de poder que la sustenta y gracias a la cual se reproduce y se mantiene.&nbsp;<\/p>\n\n\n\n<p>Este a\u00f1o, destacamos cifras alarmantes, como los 40 feminicidios ocurridos en Espa\u00f1a en 2024, la mayor\u00eda de las v\u00edctimas entre 31 y 50 a\u00f1os, y m\u00e1s del 60% de las mujeres asesinadas conviv\u00edan con sus agresores. Adem\u00e1s, damos visibilidad a las 8 ni\u00f1as y\/o ni\u00f1os v\u00edctimas de violencia vicaria, asesinados en este a\u00f1o y a las 30 ni\u00f1as\/os que han quedado en situaci\u00f3n de orfandad tras el asesinato de sus madres.<\/p>\n\n\n\n<p>Del mismo modo, este a\u00f1o, criticamos el impacto de las redes sociales, que han exacerbado la cosificaci\u00f3n de las mujeres y han dado lugar a la \u00abmachosfera\u00bb, un entorno digital violento que perpet\u00faa la misoginia y fomenta la violencia sobre las mujeres redimension\u00e1ndola. Las plataformas digitales, al ser espacios de alta visibilidad y de interacci\u00f3n masiva, se han convertido en una extensi\u00f3n del mundo real, donde las mujeres contin\u00faan siendo objeto de descalificaci\u00f3n, hostigamiento, acoso y violencia verbal. Tambi\u00e9n es fundamental se\u00f1alar el papel que los medios de comunicaci\u00f3n desempe\u00f1an en la construcci\u00f3n de una realidad que a menudo minimiza, justifica o incluso normaliza la violencia de g\u00e9nero. Todo ello debido a que configuran una visi\u00f3n distorsionada de las mujeres y de las relaciones de poder entre g\u00e9neros&nbsp;<\/p>\n\n\n\n<p>284 mujeres, y 61 las criaturas asesinadas por violencia vicaria desde el a\u00f1o 2013, a\u00f1os en los que se crearon los registros oficiales de v\u00edctimas mortales. Hemos de decir que cada una de las v\u00edctimas son proyectos de vida cercenados, sue\u00f1os rotos, voces calladas&#8230;<\/p>\n\n\n\n<p><strong>MEDIANTE ESTE MANIFIESTO EXIGIMOS:<\/strong><\/p>\n\n\n\n<ul class=\"wp-block-list\">\n<li>Medidas urgentes para erradicar la violencia machista que cubran las necesidades de las v\u00edctimas para que puedan actuar r\u00e1pidamente, as\u00ed como denunciar y obtener un apoyo inmediato, y el cumplimiento de la normativa laboral que otorga derechos espec\u00edficos a las mujeres v\u00edctimas.<\/li>\n\n\n\n<li>Campa\u00f1as de concienciaci\u00f3n dirigidas a toda la sociedad, con especial \u00e9nfasis en los hombres.<\/li>\n\n\n\n<li>M\u00e1s recursos para la protecci\u00f3n de las v\u00edctimas, con especial atenci\u00f3n a las mujeres rurales, las mayores de 65 a\u00f1os, las que presentan diversidad funcional o aquellas pertenecientes a minor\u00edas \u00e9tnicas, las cuales enfrentan mayores obst\u00e1culos debido al cuestionamiento social y las dificultades de acceso a los recursos, influenciadas por la socializaci\u00f3n de g\u00e9nero y la falta de informaci\u00f3n en sus entornos.<\/li>\n\n\n\n<li>Formaci\u00f3n en perspectiva de g\u00e9nero y Derechos Humanos para las y los diferentes profesionales que desarrollan su trabajo en contacto con las v\u00edctimas.<\/li>\n\n\n\n<li>La eliminaci\u00f3n de pr\u00e1cticas como el falso \u00abS\u00edndrome de Alienaci\u00f3n Parental\u00bb que criminaliza a las Madres Protectoras.<\/li>\n\n\n\n<li>Demandamos a los medios de comunicaci\u00f3n, una narrativa que eduque, sensibilice y respete la dignidad de las mujeres y la de sus hijas y\/o hijos v\u00edctimas, para que impulsen el cambio social necesario que lleve a la erradicaci\u00f3n de la violencia de g\u00e9nero.<\/li>\n\n\n\n<li>Las mujeres de Granada nos solidarizamos con las Mujeres palestinas y el resto de mujeres que sobreviven en zonas de conflicto, exigiendo el alto el fuego y el fin de guerras.<\/li>\n<\/ul>\n\n\n\n<p>Desde la Plataforma 8M\/25N de Granada hacemos una llamada a la acci\u00f3n colectiva para eliminar las violencias machistas, fortalecer la igualdad real, garantizando la reparaci\u00f3n y protecci\u00f3n de las v\u00edctimas. Por ello, te emplazamos a la manifestaci\u00f3n del pr\u00f3ximo d\u00eda 25 de noviembre de 2024, en los Jardines del Triunfo a las 18:00 horas y acto de cierre en el Paseo del Sal\u00f3n.<\/p>\n\n\n\n<p><strong>CONTRA LAS VIOLENCIAS MACHISTAS: FIRMEZA Y SORORIDAD PARA ROMPER EL SILENCIO Y LA IMPUNIDAD<\/strong><\/p>\n\n\n\n<p><strong>IndeGranada<\/strong><\/p>\n\n\n\n<p>FOTO: Presentaci\u00f3n, este viernes, de la movilizaci\u00f3n del 25N. Plataforma8M25N<\/p>\n\n\n\n<p>http:\/\/www.elindependientedegranada.es\/ciudadania\/feministas-granada-piden-firmeza-violencias-machistas-romper-silencio-impunidad<\/p>\n","protected":false},"excerpt":{"rendered":"<p>HOY 25 de noviembre marchar\u00e1n desde los Jardines del Triunfo hasta el Paseo del Sal\u00f3n&#8230;<\/p>\n","protected":false},"author":1,"featured_media":72965,"comment_status":"closed","ping_status":"closed","sticky":false,"template":"","format":"standard","meta":{"_coblocks_attr":"","_coblocks_dimensions":"","_coblocks_responsive_height":"","_coblocks_accordion_ie_support":"","jetpack_post_was_ever_published":false,"_jetpack_newsletter_access":"","_jetpack_dont_email_post_to_subs":true,"_jetpack_newsletter_tier_id":0,"_jetpack_memberships_contains_paywalled_content":false,"_jetpack_memberships_contains_paid_content":false,"footnotes":"","jetpack_publicize_message":"","jetpack_publicize_feature_enabled":true,"jetpack_social_post_already_shared":true,"jetpack_social_options":{"image_generator_settings":{"template":"highway","enabled":false},"version":2}},"categories":[14,10781,44],"tags":[],"class_list":["post-72964","post","type-post","status-publish","format-standard","has-post-thumbnail","hentry","category-feminismo","category-granada","category-noticias-de-hoy"],"jetpack_publicize_connections":[],"jetpack_featured_media_url":"https:\/\/i0.wp.com\/miradordeatarfe.es\/wp-content\/uploads\/2024\/11\/25n_plataforma.jpg?fit=650%2C381&ssl=1","jetpack_likes_enabled":true,"jetpack_sharing_enabled":true,"_links":{"self":[{"href":"https:\/\/miradordeatarfe.es\/index.php?rest_route=\/wp\/v2\/posts\/72964","targetHints":{"allow":["GET"]}}],"collection":[{"href":"https:\/\/miradordeatarfe.es\/index.php?rest_route=\/wp\/v2\/posts"}],"about":[{"href":"https:\/\/miradordeatarfe.es\/index.php?rest_route=\/wp\/v2\/types\/post"}],"author":[{"embeddable":true,"href":"https:\/\/miradordeatarfe.es\/index.php?rest_route=\/wp\/v2\/users\/1"}],"replies":[{"embeddable":true,"href":"https:\/\/miradordeatarfe.es\/index.php?rest_route=%2Fwp%2Fv2%2Fcomments&post=72964"}],"version-history":[{"count":3,"href":"https:\/\/miradordeatarfe.es\/index.php?rest_route=\/wp\/v2\/posts\/72964\/revisions"}],"predecessor-version":[{"id":72970,"href":"https:\/\/miradordeatarfe.es\/index.php?rest_route=\/wp\/v2\/posts\/72964\/revisions\/72970"}],"wp:featuredmedia":[{"embeddable":true,"href":"https:\/\/miradordeatarfe.es\/index.php?rest_route=\/wp\/v2\/media\/72965"}],"wp:attachment":[{"href":"https:\/\/miradordeatarfe.es\/index.php?rest_route=%2Fwp%2Fv2%2Fmedia&parent=72964"}],"wp:term":[{"taxonomy":"category","embeddable":true,"href":"https:\/\/miradordeatarfe.es\/index.php?rest_route=%2Fwp%2Fv2%2Fcategories&post=72964"},{"taxonomy":"post_tag","embeddable":true,"href":"https:\/\/miradordeatarfe.es\/index.php?rest_route=%2Fwp%2Fv2%2Ftags&post=72964"}],"curies":[{"name":"wp","href":"https:\/\/api.w.org\/{rel}","templated":true}]}}