{"id":73014,"date":"2024-11-29T10:37:00","date_gmt":"2024-11-29T09:37:00","guid":{"rendered":"https:\/\/miradordeatarfe.es\/?p=73014"},"modified":"2024-11-28T10:09:22","modified_gmt":"2024-11-28T09:09:22","slug":"atarfe-recibe-a-la-compania-de-teatro-las-ninas-de-cadiz","status":"publish","type":"post","link":"https:\/\/miradordeatarfe.es\/?p=73014","title":{"rendered":"ATARFE RECIBE A LA COMPA\u00d1IA DE TEATRO \u00abLAS NI\u00d1AS DE CADIZ\u00bb"},"content":{"rendered":"\n<p class=\"has-medium-font-size\">\u00ab<strong>El viento es salvaje\u00bb de la Compa\u00f1\u00eda de Teatro Las Ni\u00f1as de C\u00e1diz, ganadora del Premio Max de Teatro al Mejor Espect\u00e1culo Revelaci\u00f3n 2020, estar\u00e1 ma\u00f1ana s\u00e1bado 30 de noviembre a las 20h en el Centro Cultural Medina Elvira<\/strong><\/p>\n\n\n\n<p>Dos amigas. Tan amigas que son hermanas. Solo una sombra sobre su amistad:<\/p>\n\n\n\n<p>\u201cMientras que una crec\u00eda confiada<br \/>Mimada por la vida y sonriente<br \/>La otra se sent\u00eda desgraciada\u2026\u201d<\/p>\n\n\n\n<p>Despojamos a Fedra y a Medea de sus peplos y las traemos hasta nuestros d\u00edas, convirti\u00e9ndolas en seres grises. Solo cuando surja el conflicto asumir\u00e1n de pronto una fatalidad antigua, bajo cuya influencia arrasar\u00e1n con cuanto se interponga en su camino. De fondo, C\u00e1diz, una ciudad de perfil macondiano, donde todos los elementos cotidianos adquieren una dimensi\u00f3n m\u00e1gica que presagia la tragedia: el perturbador viento de levante, anunciado por la flauta del afilador y por la presencia del circo en las afueras de la ciudad, el trino de los p\u00e1jaros, el coro de los vecinos..<br \/><br \/>Nuestro nuevo espect\u00e1culo es una reflexi\u00f3n l\u00fadica y \u201cjonda\u201d sobre la suerte y la culpa. Una tragedia atravesada por la carcajada, como no pod\u00eda ser de otra manera en un espect\u00e1culo de Las Ni\u00f1as de C\u00e1diz. Porque sabemos que en toda historia terrible hay una paradoja que puede llevar a la comedia; y, al contrario, en todo arranque de humor hay siempre un fondo tr\u00e1gico<\/p>\n\n\n\n<h2 class=\"wp-block-heading\">PREMIOS<\/h2>\n\n\n\n<p>Premio MAX Mejor Espect\u00e1culo Revelaci\u00f3n 2020.<br \/>Premio del P\u00fablico Festival de la Garnacha, Haro, 2020.<br \/>Premio del P\u00fablico en la Mostra Internacional de Teatro Festivo e Comico de Cangas de Morrazo, 2021.<br \/>Premio del P\u00fablico del Festival de Teatro Vegas Bajas 2021.<br \/>Premio \u00c1ngeles Rubio<br \/>\u2013<br \/>Arg\u00fcelles, otorgado por el Festival de Teatro de M\u00e1laga y el Teatro Cervantes, 2022.<br \/>Espect\u00e1culo Recomendado por la Red Nacional de Teatros<\/p>\n\n\n\n<figure class=\"wp-block-embed is-type-video is-provider-youtube wp-block-embed-youtube wp-embed-aspect-16-9 wp-has-aspect-ratio\"><div class=\"wp-block-embed__wrapper\">\n<iframe loading=\"lazy\" title=\"El viento es salvaje. V\u00eddeo promocional.\" width=\"640\" height=\"360\" src=\"https:\/\/www.youtube.com\/embed\/BXE2nHd6JL0?feature=oembed\" frameborder=\"0\" allow=\"accelerometer; autoplay; clipboard-write; encrypted-media; gyroscope; picture-in-picture; web-share\" referrerpolicy=\"strict-origin-when-cross-origin\" allowfullscreen><\/iframe>\n<\/div><\/figure>\n\n\n\n<p><strong>&#x1f5d3; Fecha: PR\u00d3XIMO S\u00c1BADO 30 de Noviembre<br \/>&#x1f557; Hora: 20:00<br \/>&#x1f4cd; Lugar: Centro Cultural Medina Elvira<\/strong><\/p>\n\n\n\n<p>Vive una noche de teatro emocionante y cautivadora. \u00a1Consigue tu entrada y disfruta de una obra que ha capturado los corazones de la cr\u00edtica y el p\u00fablico por igual!<\/p>\n","protected":false},"excerpt":{"rendered":"<p>\u00abEl viento es salvaje\u00bb de la Compa\u00f1\u00eda de Teatro Las Ni\u00f1as de C\u00e1diz, ganadora del&#8230;<\/p>\n","protected":false},"author":1,"featured_media":73015,"comment_status":"closed","ping_status":"closed","sticky":false,"template":"","format":"standard","meta":{"_coblocks_attr":"","_coblocks_dimensions":"","_coblocks_responsive_height":"","_coblocks_accordion_ie_support":"","jetpack_post_was_ever_published":false,"_jetpack_newsletter_access":"","_jetpack_dont_email_post_to_subs":true,"_jetpack_newsletter_tier_id":0,"_jetpack_memberships_contains_paywalled_content":false,"_jetpack_memberships_contains_paid_content":false,"footnotes":"","jetpack_publicize_message":"","jetpack_publicize_feature_enabled":true,"jetpack_social_post_already_shared":true,"jetpack_social_options":{"image_generator_settings":{"template":"highway","enabled":false},"version":2}},"categories":[12,186,44],"tags":[],"class_list":["post-73014","post","type-post","status-publish","format-standard","has-post-thumbnail","hentry","category-cultura","category-instituciones","category-noticias-de-hoy"],"jetpack_publicize_connections":[],"jetpack_featured_media_url":"https:\/\/i0.wp.com\/miradordeatarfe.es\/wp-content\/uploads\/2024\/11\/LAS-NINAS-DE-CADIZ_-09-2.jpg?fit=1000%2C630&ssl=1","jetpack_likes_enabled":true,"jetpack_sharing_enabled":true,"_links":{"self":[{"href":"https:\/\/miradordeatarfe.es\/index.php?rest_route=\/wp\/v2\/posts\/73014","targetHints":{"allow":["GET"]}}],"collection":[{"href":"https:\/\/miradordeatarfe.es\/index.php?rest_route=\/wp\/v2\/posts"}],"about":[{"href":"https:\/\/miradordeatarfe.es\/index.php?rest_route=\/wp\/v2\/types\/post"}],"author":[{"embeddable":true,"href":"https:\/\/miradordeatarfe.es\/index.php?rest_route=\/wp\/v2\/users\/1"}],"replies":[{"embeddable":true,"href":"https:\/\/miradordeatarfe.es\/index.php?rest_route=%2Fwp%2Fv2%2Fcomments&post=73014"}],"version-history":[{"count":2,"href":"https:\/\/miradordeatarfe.es\/index.php?rest_route=\/wp\/v2\/posts\/73014\/revisions"}],"predecessor-version":[{"id":73057,"href":"https:\/\/miradordeatarfe.es\/index.php?rest_route=\/wp\/v2\/posts\/73014\/revisions\/73057"}],"wp:featuredmedia":[{"embeddable":true,"href":"https:\/\/miradordeatarfe.es\/index.php?rest_route=\/wp\/v2\/media\/73015"}],"wp:attachment":[{"href":"https:\/\/miradordeatarfe.es\/index.php?rest_route=%2Fwp%2Fv2%2Fmedia&parent=73014"}],"wp:term":[{"taxonomy":"category","embeddable":true,"href":"https:\/\/miradordeatarfe.es\/index.php?rest_route=%2Fwp%2Fv2%2Fcategories&post=73014"},{"taxonomy":"post_tag","embeddable":true,"href":"https:\/\/miradordeatarfe.es\/index.php?rest_route=%2Fwp%2Fv2%2Ftags&post=73014"}],"curies":[{"name":"wp","href":"https:\/\/api.w.org\/{rel}","templated":true}]}}