{"id":73021,"date":"2024-11-30T08:09:00","date_gmt":"2024-11-30T07:09:00","guid":{"rendered":"https:\/\/miradordeatarfe.es\/?p=73021"},"modified":"2024-11-27T11:14:05","modified_gmt":"2024-11-27T10:14:05","slug":"las-celulas-guardan-memoria-de-la-obesidad-y-aumenta-la-probabilidad-de-engordar-de-nuevo","status":"publish","type":"post","link":"https:\/\/miradordeatarfe.es\/?p=73021","title":{"rendered":"Las c\u00e9lulas guardan memoria de la obesidad y aumenta la probabilidad de engordar de nuevo"},"content":{"rendered":"\n<p class=\"has-medium-font-size\"><strong>Un estudio de la revista &#8216;Nature&#8217; indica cambios en la qu\u00edmica de los componentes gen\u00e9ticos cuando una persona ha tenido obesidad, lo que podr\u00eda explicar el &#8216;efecto yo-yo&#8217; de algunas dietas.<\/strong><\/p>\n\n\n\n<p id=\"m273-272-274\">El tejido adiposo, coloquialmente conocido como grasa corporal, conserva <a href=\"https:\/\/www.publico.es\/sociedad\/obesidad-infantil-reduce-espana-excepto-ninos-pobres.html#analytics-noticia:contenido-enlace\">una &#8216;memoria&#8217; de la obesidad<\/a> que persiste tras la p\u00e9rdida de peso, lo que podr\u00eda aumentar <strong>la probabilidad de volver a engordar<\/strong> y puede ayudar a explicar el <em>efecto yo-yo<\/em> de las dietas, seg\u00fan experimentos con c\u00e9lulas humanas y de rat\u00f3n.<\/p>\n\n\n\n<p id=\"m278-1-279\">Esa memoria se describe en un estudio que publica <em>Nature<\/em>, encabezado por la Escuela Polit\u00e9cnica Federal de Z\u00farich y en el que particip\u00f3 el investigador <strong>Daniel Castellano-Castillo<\/strong>, del Instituto de Investigaci\u00f3n Biom\u00e9dica de M\u00e1laga y Plataforma en Nanomedicina (IBIMA).<\/p>\n\n\n\n<p id=\"m283-2-284\">El equipo us\u00f3 c\u00e9lulas de tejido adiposo de 18 individuos sin obesidad y de otros 20 antes y despu\u00e9s de <a href=\"https:\/\/www.publico.es\/sociedad\/obesidad-forma-comun-malnutricion-mundo.html#analytics-noticia:contenido-enlace\">la p\u00e9rdida de peso<\/a> tras una cirug\u00eda bari\u00e1trica \u2013un tipo de intervenci\u00f3n que ayuda a&nbsp; las personas con obesidad a adelgazar\u2013. Tambi\u00e9n estudiaron c\u00e9lulas de rat\u00f3n. La investigaci\u00f3n se\u00f1al\u00f3 que la obesidad provoca cambios epigen\u00e9ticos en el n\u00facleo de las c\u00e9lulas adiposas, los cuales permanecen incluso despu\u00e9s de una dieta.<\/p>\n\n\n\n<p id=\"m288-3-289\">La epigen\u00e9tica es la parte de la gen\u00e9tica que no se basa en la secuencia de los componentes gen\u00e9ticos, sino en <strong>peque\u00f1os marcadores qu\u00edmicos<\/strong> caracter\u00edsticos de dichos componentes.<\/p>\n\n\n\n<p id=\"m293-4-294\">Las c\u00e9lulas adiposas \u00abrecuerdan el estado de sobrepeso y pueden volver a \u00e9l m\u00e1s f\u00e1cilmente\u00bb, destac\u00f3 el l\u00edder del estudio <strong>Ferdinand von Meyenn<\/strong>, de la ETH. Los ratones con estos marcadores epigen\u00e9ticos recuperaban peso m\u00e1s r\u00e1pidamente cuando volv\u00edan a tener acceso a una dieta rica en grasas, es decir, sufr\u00edan un <em>efecto yo-yo<\/em>. Si bien la gen\u00e9tica es hereditaria, la epigen\u00e9tica es m\u00e1s din\u00e1mica<\/p>\n\n\n\n<p id=\"m303-6-304\">La secuencia de los componentes b\u00e1sicos ha evolucionado a lo largo del tiempo; todos los heredamos de nuestros padres, pero <strong>los marcadores epigen\u00e9ticos son m\u00e1s din\u00e1micos<\/strong>, por lo que factores ambientales, <a href=\"https:\/\/www.publico.es\/sociedad\/obesidad-infantil-reduce-espana-excepto-ninos-pobres.html#analytics-noticia:contenido-enlace\">los h\u00e1bitos alimentarios o el estado del organismo<\/a> \u2013como la obesidad\u2013 pueden modificarlos a lo largo de la vida.<\/p>\n\n\n\n<p id=\"m308-7-309\">Pero pueden permanecer estables durante muchos a\u00f1os, a veces d\u00e9cadas y durante este tiempo desempe\u00f1an un papel clave a la hora de determinar <strong>qu\u00e9 genes est\u00e1n activos en nuestras c\u00e9lulas y cu\u00e1les no<\/strong>, explica la ETH en un comunicado. \u00abLa epigen\u00e9tica le dice a una c\u00e9lula qu\u00e9 tipo de c\u00e9lula es y qu\u00e9 debe hacer\u00bb, explica Laura Hinte, una de las firmantes del estudio.<\/p>\n\n\n\n<p id=\"m313-8-314\">El estudio indica, seg\u00fan los investigadores, la existencia de <strong>una memoria obesog\u00e9nica<\/strong>, basada en gran medida en cambios epigen\u00e9ticos estables, en los adipocitos de rat\u00f3n y probablemente en otros tipos celulares.<\/p>\n\n\n\n<p id=\"m318-9-319\">Todos estos cambios parecen preparar a las c\u00e9lulas para respuestas patol\u00f3gicas, contribuyendo al <em>efecto yo-yo<\/em> que se observa a menudo con las dietas. Si en el futuro se actuara sobre estos cambios en las c\u00e9lulas adiposas y, potencialmente, en otras c\u00e9lulas, se podr\u00eda mejorar el control del peso y la salud a largo plazo.<\/p>\n\n\n\n<p><strong><a href=\"https:\/\/www.publico.es\/author\/publico#analytics-noticia:autor\">P\u00fablico<\/a> \/ <a href=\"https:\/\/www.publico.es\/author\/efe#analytics-noticia:autor\">EFE<\/a><\/strong><\/p>\n\n\n\n<p>FOTO: Test de sangre de obesidad, a 28 de febrero de 2024. Wladimir Bulgar \/ AFP<\/p>\n\n\n\n<p><a href=\"https:\/\/www.publico.es\/ciencias\/celulas-guardan-memoria-obesidad-aumenta-probabilidad-engordar-nuevo.html#analytics-seccion:listado\">https:\/\/www.publico.es\/ciencias\/celulas-guardan-memoria-obesidad-aumenta-probabilidad-engordar-nuevo.html#analytics-seccion:listado<\/a><\/p>\n","protected":false},"excerpt":{"rendered":"<p>Un estudio de la revista &#8216;Nature&#8217; indica cambios en la qu\u00edmica de los componentes gen\u00e9ticos&#8230;<\/p>\n","protected":false},"author":1,"featured_media":73022,"comment_status":"closed","ping_status":"closed","sticky":false,"template":"","format":"standard","meta":{"_coblocks_attr":"","_coblocks_dimensions":"","_coblocks_responsive_height":"","_coblocks_accordion_ie_support":"","jetpack_post_was_ever_published":false,"_jetpack_newsletter_access":"","_jetpack_dont_email_post_to_subs":true,"_jetpack_newsletter_tier_id":0,"_jetpack_memberships_contains_paywalled_content":false,"_jetpack_memberships_contains_paid_content":false,"footnotes":"","jetpack_publicize_message":"","jetpack_publicize_feature_enabled":true,"jetpack_social_post_already_shared":true,"jetpack_social_options":{"image_generator_settings":{"template":"highway","enabled":false},"version":2}},"categories":[1161,44,10],"tags":[],"class_list":["post-73021","post","type-post","status-publish","format-standard","has-post-thumbnail","hentry","category-ciudadania","category-noticias-de-hoy","category-salud"],"jetpack_publicize_connections":[],"jetpack_featured_media_url":"https:\/\/i0.wp.com\/miradordeatarfe.es\/wp-content\/uploads\/2024\/11\/673c406743a45.webp?fit=990%2C660&ssl=1","jetpack_likes_enabled":true,"jetpack_sharing_enabled":true,"_links":{"self":[{"href":"https:\/\/miradordeatarfe.es\/index.php?rest_route=\/wp\/v2\/posts\/73021","targetHints":{"allow":["GET"]}}],"collection":[{"href":"https:\/\/miradordeatarfe.es\/index.php?rest_route=\/wp\/v2\/posts"}],"about":[{"href":"https:\/\/miradordeatarfe.es\/index.php?rest_route=\/wp\/v2\/types\/post"}],"author":[{"embeddable":true,"href":"https:\/\/miradordeatarfe.es\/index.php?rest_route=\/wp\/v2\/users\/1"}],"replies":[{"embeddable":true,"href":"https:\/\/miradordeatarfe.es\/index.php?rest_route=%2Fwp%2Fv2%2Fcomments&post=73021"}],"version-history":[{"count":1,"href":"https:\/\/miradordeatarfe.es\/index.php?rest_route=\/wp\/v2\/posts\/73021\/revisions"}],"predecessor-version":[{"id":73023,"href":"https:\/\/miradordeatarfe.es\/index.php?rest_route=\/wp\/v2\/posts\/73021\/revisions\/73023"}],"wp:featuredmedia":[{"embeddable":true,"href":"https:\/\/miradordeatarfe.es\/index.php?rest_route=\/wp\/v2\/media\/73022"}],"wp:attachment":[{"href":"https:\/\/miradordeatarfe.es\/index.php?rest_route=%2Fwp%2Fv2%2Fmedia&parent=73021"}],"wp:term":[{"taxonomy":"category","embeddable":true,"href":"https:\/\/miradordeatarfe.es\/index.php?rest_route=%2Fwp%2Fv2%2Fcategories&post=73021"},{"taxonomy":"post_tag","embeddable":true,"href":"https:\/\/miradordeatarfe.es\/index.php?rest_route=%2Fwp%2Fv2%2Ftags&post=73021"}],"curies":[{"name":"wp","href":"https:\/\/api.w.org\/{rel}","templated":true}]}}