{"id":73034,"date":"2024-11-29T09:56:00","date_gmt":"2024-11-29T08:56:00","guid":{"rendered":"https:\/\/miradordeatarfe.es\/?p=73034"},"modified":"2024-11-27T11:59:28","modified_gmt":"2024-11-27T10:59:28","slug":"la-pension-de-jubilacion-y-la-de-viudedad-a-punto-de-alcanzar-dos-barreras-historicas","status":"publish","type":"post","link":"https:\/\/miradordeatarfe.es\/?p=73034","title":{"rendered":"La pensi\u00f3n de jubilaci\u00f3n y la de viudedad, a punto de alcanzar dos barreras hist\u00f3ricas"},"content":{"rendered":"\n<p><a href=\"https:\/\/www.65ymas.com\/raul-arias_159_115.html\"><\/a><\/p>\n\n\n\n<h2 class=\"wp-block-heading\">La Seguridad Social destina 25.565 millones a la n\u00f3mina de las pensiones y la extra de noviembre<\/h2>\n\n\n\n<p><a href=\"https:\/\/www.miia.ws\/miia-full\/\" target=\"_blank\" rel=\"noreferrer noopener\"><\/a><\/p>\n\n\n\n<p>La <strong>Seguridad Social <\/strong>destin\u00f3 en el presente mes de noviembre la cifra r\u00e9cord de <strong>12.941 millones de euros <\/strong>al pago de la n\u00f3mina ordinaria mensual de las <strong>pensiones contributivas,<\/strong> casi un 7% m\u00e1s que en igual mes de 2023, cantidad a la que hay que sumar la <strong><a href=\"https:\/\/www.65ymas.com\/economia\/pensiones\/pensionistas-no-contributivos-afectados-por-dana-recibiran-paga-extra-18-noviembre_64916_102.html\">paga extra<\/a><\/strong> que se cobra este mes y a la que ha dedicado <strong>12.624,2 millones de euros<\/strong>, seg\u00fan ha informado este martes el Ministerio de Inclusi\u00f3n, Seguridad Social y Migraciones.<\/p>\n\n\n\n<p>La n\u00f3mina mensual ordinaria de las pensiones super\u00f3 por primera vez en julio de 2023 los 12.000 millones de euros y este mes ha vuelto a marcar <strong>un nuevo r\u00e9cord<\/strong>, cerca ya de alcanzar los 13.000 millones de euros, tras la subida de las pensiones contributivas en un 3,8% para 2024.<\/p>\n\n\n\n<p>En noviembre del a\u00f1o pasado, la Seguridad Social destin\u00f3 unos 24.000 millones a la n\u00f3mina ordinaria y la extra de noviembre, por debajo de los <strong>25.565 millones de euros<\/strong> que ha dedicado en noviembre de este a\u00f1o.<\/p>\n\n\n\n<p>De los 12.941 millones de euros que se dedicaron en noviembre a la n\u00f3mina ordinaria de las pensiones contributivas, tres cuartas partes (el 73,1%) se destinaron al pago de las <strong>pensiones de jubilaci\u00f3n<\/strong>, que sumaron un importe de<strong> 9.467,1 millones de euros<\/strong>, un 7,1% m\u00e1s que en noviembre del a\u00f1o pasado.<\/p>\n\n\n\n<p>A las<strong> pensiones de viudedad<\/strong> se destinaron<strong> 2.114,8 millones de euros<\/strong>, un 5,2% m\u00e1s que hace un a\u00f1o, mientras que a las prestaciones por <strong>incapacidad permanente<\/strong> se dedicaron <strong>1.153,6 millones de euros<\/strong> (+9,3%).<\/p>\n\n\n\n<p>Por su parte, el pago de las prestaciones de <strong>orfandad <\/strong>conllev\u00f3 un importe de<strong> 170,8 millones<\/strong> (+4,7%), y el de las prestaciones <strong>a favor de familiares <\/strong>totaliz\u00f3 <strong>34,4 millones de euros<\/strong> (+7,6%).<\/p>\n\n\n\n<h3 class=\"wp-block-heading\">La de jubilaci\u00f3n, principal pensi\u00f3n para 6,4 millones de personas<\/h3>\n\n\n\n<p>En noviembre de este a\u00f1o se han abonado 10.263.079 pensiones contributivas, casi un 1,6% m\u00e1s que hace un a\u00f1o, a 9,3 millones de pensionistas. Del total de pensiones, m\u00e1s de 6,5 millones eran pensiones de jubilaci\u00f3n; 2,35 millones eran pensiones de viudedad; 989.767 eran de incapacidad permanente; 339.497 eran pensiones de orfandad, y 46.266, en favor de familiares.<\/p>\n\n\n\n<figure class=\"wp-block-image\"><img data-recalc-dims=\"1\" decoding=\"async\" src=\"https:\/\/i0.wp.com\/www.65ymas.com\/uploads\/s1\/17\/91\/21\/9\/mujer-mayor-apuros-economicos_6_928x621.jpeg?w=640&#038;ssl=1\" alt=\"La pensi\u00f3n de jubilaci\u00f3n no contributiva sube a 526 \u20ac, pero a\u00fan no llega ni a la mitad del SMI\" title=\"La pensi\u00f3n de jubilaci\u00f3n no contributiva sube a 526 \u20ac, pero a\u00fan no llega ni a la mitad del SMI\"\/><\/figure>\n\n\n\n<p>Del total de pensionistas (9.287.290 a 1 de noviembre de este a\u00f1o), <strong>4,7 millones son hombres y 4,6 millones, mujeres.<\/strong><\/p>\n\n\n\n<p>La pensi\u00f3n principal percibida es la de jubilaci\u00f3n para 6,4 millones de personas, de las que el 60% son varones; la de viudedad es la principal prestaci\u00f3n para 1,5 millones de personas (el 95,8% son mujeres); la de incapacidad permanente es la pensi\u00f3n principal para 985.333 pensionistas; la de orfandad para 321.398 personas, y la de favor de familiares para 45.705 pensionistas.<\/p>\n\n\n\n<h3 class=\"wp-block-heading\">La pensi\u00f3n media de jubilaci\u00f3n, de 1.448,8 euros al mes<\/h3>\n\n\n\n<p>Tras la subida de las pensiones aplicada desde principios de a\u00f1o, la pensi\u00f3n media de jubilaci\u00f3n se situ\u00f3 en <strong>1.448,8 euros mensuales<\/strong>, un 5,2% m\u00e1s que en igual mes de 2023. En noviembre, adem\u00e1s, se abonar\u00e1 a estos pensionistas la paga extraordinaria que, en el caso de la jubilaci\u00f3n, alcanza un importe medio de 1.428,5 euros.<\/p>\n\n\n\n<p>Por su parte, la pensi\u00f3n media del sistema, que comprende las distintas clases de pensi\u00f3n (jubilaci\u00f3n, incapacidad permanente, viudedad, orfandad y a favor de familiares), se increment\u00f3 un 5,3% interanual, hasta situarse a 1 de noviembre de este a\u00f1o en <strong>1.260,9 euros mensuales.<\/strong> La paga extra media de los pensionistas asciende este mes de noviembre a 1.232,3 euros.<\/p>\n\n\n\n<p>En cuanto a la <strong>pensi\u00f3n media de viudedad<\/strong>, en noviembre alcanz\u00f3 los <strong>898,8 euros al mes<\/strong>, un 5,3% interanual m\u00e1s, y su paga extra correspondiente es de 880,4 euros.<\/p>\n\n\n\n<p>En el <strong>R\u00e9gimen General<\/strong>, la pensi\u00f3n media de jubilaci\u00f3n ascendi\u00f3 a <strong>1.606,6 euros mensuales<\/strong>, frente a los <strong>966,8 euros<\/strong> al mes del <strong>R\u00e9gimen de <a href=\"https:\/\/www.65ymas.com\/economia\/planes-de-pensiones\/tres-cada-cuatro-autonomos-empresas-desconocen-planes-pensiones-empleo_64218_102.html\">Aut\u00f3nomos<\/a><\/strong>. En la <strong>Miner\u00eda del Carb\u00f3n<\/strong>, la pensi\u00f3n media de jubilaci\u00f3n es de 2.810,6 euros al mes y en el del <strong>Mar<\/strong>, de 1.604,2 euros.<\/p>\n\n\n\n<p>La cuant\u00eda media de las <strong>nuevas altas de jubilaci\u00f3n <\/strong>ascendi\u00f3 en octubre de este a\u00f1o (\u00faltimo dato disponible) a <strong>1.567,4 euros al mes.<\/strong><\/p>\n\n\n\n<p>El Ministerio ha informado de que en octubre (\u00faltimo dato disponible) la media de resoluci\u00f3n de los expedientes ha sido de<strong> 10,43 d\u00edas <\/strong>en el caso de las pensiones de jubilaci\u00f3n y de<strong> 10,08 d\u00edas<\/strong> en el caso de las de viudedad.<\/p>\n\n\n\n<p>En este sentido, el Departamento que dirige Elma Saiz ha recordado que, por ley, el plazo m\u00e1ximo de resoluci\u00f3n es de <strong>90 d\u00edas<\/strong> tanto para las pensiones de jubilaci\u00f3n como para las de viudedad.<\/p>\n\n\n\n<h3 class=\"wp-block-heading\">Crecen las jubilaciones demoradas y bajan las anticipadas<\/h3>\n\n\n\n<p>Seg\u00fan los datos del Ministerio, entre enero y octubre (\u00faltimo dato disponible) se han registrado<strong> 305.702 nuevas altas en pensiones<\/strong>, de las que el 70,9% se produjeron a la edad ordinaria (216.772).<\/p>\n\n\n\n<p>Por su parte,<strong> el 29,1% fueron jubilaciones anticipadas <\/strong>(88.860 en total), lo que supone un<strong> descenso del 10,9% respecto a 2019<\/strong>, cuando se anticipaban el 40% de las nuevas jubilaciones.<\/p>\n\n\n\n<p>En este mismo per\u00edodo, el 9,4% de las altas correspondieron a la modalidad de<strong> jubilaci\u00f3n demorada<\/strong>, frente al 4,8% que supon\u00edan en 2019.<\/p>\n\n\n\n<p>Como resultado del retraso voluntario del momento de retiro, la edad media de acceso a la jubilaci\u00f3n se sit\u00faa en 65,2 a\u00f1os, cuando en 2019 era de 64,4 a\u00f1os.<\/p>\n\n\n\n<p>El Ministerio ha recordado que desde entonces han entrado en vigor nuevos incentivos para la demora de la jubilaci\u00f3n y tambi\u00e9n se ha reconfigurado el marco de la jubilaci\u00f3n anticipada.<\/p>\n\n\n\n<h3 class=\"wp-block-heading\">Clases pasivas<\/h3>\n\n\n\n<p>Por otro lado, el n\u00famero de pensiones pertenecientes a <strong>clases pasivas <\/strong>en vigor a cierre de octubre de este a\u00f1o (\u00faltimo dato disponible) fue de 720.148, cifra un 2,1% superior a la del mismo mes de 2023. La n\u00f3mina mensual de estas pensiones ascendi\u00f3 a <strong>1.620 millones de euros<\/strong>, un 6,7% m\u00e1s que en igual mes del a\u00f1o pasado.<\/p>\n\n\n\n<p>El R\u00e9gimen de Clases Pasivas del Estado incluye fundamentalmente al personal militar y a funcionarios de la Administraci\u00f3n General del Estado, de la Administraci\u00f3n de Justicia, de las Cortes Generales y de otros \u00f3rganos constitucionales o estatales, as\u00ed como a los funcionarios transferidos a las comunidades aut\u00f3nomas.<\/p>\n\n\n\n<h3 class=\"wp-block-heading\">Casi 891.000 pensiones perciben complemento por brecha de g\u00e9nero<\/h3>\n\n\n\n<p>Con fecha 1 de noviembre, 890.872 pensiones percib\u00edan el <strong>complemento por brecha de g\u00e9nero,<\/strong> cuyo objetivo es corregir paulatinamente la diferencia que se produce entre la pensi\u00f3n media que recibe un hombre y la que recibe una mujer.<\/p>\n\n\n\n<p>El importe medio mensual de este complemento en la pensi\u00f3n, recibido en un 89% por mujeres, es de 70,2 euros. De las 890.872 pensiones complementadas, el 24,6% corresponde a pensionistas con un hijo (219.584); el 47,1%, con dos hijos (419.296); el 18,5%, con tres (165.152), y el 9,7% (86.840), con cuatro hijos.<\/p>\n\n\n\n<p>Este complemento, vigente desde febrero de 2021, consiste en una cuant\u00eda fija que, tras la revalorizaci\u00f3n para 2024, asciende a 33,2 euros al mes por hijo. El complemento se aplica desde el primer hijo y hasta un m\u00e1ximo de cuatro y se pide a la vez que se solicita la pensi\u00f3n.<\/p>\n\n\n\n<p><a href=\"https:\/\/www.65ymas.com\/raul-arias_159_115.html\"><strong>Ra\u00fal Arias<\/strong><\/a><\/p>\n\n\n\n<p><a href=\"https:\/\/www.65ymas.com\/economia\/pensiones\/pension-jubilacion-viudedad-punto-alcanzar-dos-barreras-historicas_65318_102.html\">https:\/\/www.65ymas.com\/economia\/pensiones\/pension-jubilacion-viudedad-punto-alcanzar-dos-barreras-historicas_65318_102.html<\/a><\/p>\n","protected":false},"excerpt":{"rendered":"<p>La Seguridad Social destina 25.565 millones a la n\u00f3mina de las pensiones y la extra&#8230;<\/p>\n","protected":false},"author":1,"featured_media":73035,"comment_status":"closed","ping_status":"closed","sticky":false,"template":"","format":"standard","meta":{"_coblocks_attr":"","_coblocks_dimensions":"","_coblocks_responsive_height":"","_coblocks_accordion_ie_support":"","jetpack_post_was_ever_published":false,"_jetpack_newsletter_access":"","_jetpack_dont_email_post_to_subs":true,"_jetpack_newsletter_tier_id":0,"_jetpack_memberships_contains_paywalled_content":false,"_jetpack_memberships_contains_paid_content":false,"footnotes":"","jetpack_publicize_message":"","jetpack_publicize_feature_enabled":true,"jetpack_social_post_already_shared":true,"jetpack_social_options":{"image_generator_settings":{"template":"highway","enabled":false},"version":2}},"categories":[1161,44,6937],"tags":[],"class_list":["post-73034","post","type-post","status-publish","format-standard","has-post-thumbnail","hentry","category-ciudadania","category-noticias-de-hoy","category-sociedad"],"jetpack_publicize_connections":[],"jetpack_featured_media_url":"https:\/\/i0.wp.com\/miradordeatarfe.es\/wp-content\/uploads\/2024\/11\/europapress-5609922-dos-mujeres-ancianas-caminando-parque-29-noviembre-2023-madrid-espana_1_621x621.jpeg?fit=621%2C621&ssl=1","jetpack_likes_enabled":true,"jetpack_sharing_enabled":true,"_links":{"self":[{"href":"https:\/\/miradordeatarfe.es\/index.php?rest_route=\/wp\/v2\/posts\/73034","targetHints":{"allow":["GET"]}}],"collection":[{"href":"https:\/\/miradordeatarfe.es\/index.php?rest_route=\/wp\/v2\/posts"}],"about":[{"href":"https:\/\/miradordeatarfe.es\/index.php?rest_route=\/wp\/v2\/types\/post"}],"author":[{"embeddable":true,"href":"https:\/\/miradordeatarfe.es\/index.php?rest_route=\/wp\/v2\/users\/1"}],"replies":[{"embeddable":true,"href":"https:\/\/miradordeatarfe.es\/index.php?rest_route=%2Fwp%2Fv2%2Fcomments&post=73034"}],"version-history":[{"count":1,"href":"https:\/\/miradordeatarfe.es\/index.php?rest_route=\/wp\/v2\/posts\/73034\/revisions"}],"predecessor-version":[{"id":73036,"href":"https:\/\/miradordeatarfe.es\/index.php?rest_route=\/wp\/v2\/posts\/73034\/revisions\/73036"}],"wp:featuredmedia":[{"embeddable":true,"href":"https:\/\/miradordeatarfe.es\/index.php?rest_route=\/wp\/v2\/media\/73035"}],"wp:attachment":[{"href":"https:\/\/miradordeatarfe.es\/index.php?rest_route=%2Fwp%2Fv2%2Fmedia&parent=73034"}],"wp:term":[{"taxonomy":"category","embeddable":true,"href":"https:\/\/miradordeatarfe.es\/index.php?rest_route=%2Fwp%2Fv2%2Fcategories&post=73034"},{"taxonomy":"post_tag","embeddable":true,"href":"https:\/\/miradordeatarfe.es\/index.php?rest_route=%2Fwp%2Fv2%2Ftags&post=73034"}],"curies":[{"name":"wp","href":"https:\/\/api.w.org\/{rel}","templated":true}]}}