{"id":73040,"date":"2024-11-29T11:36:57","date_gmt":"2024-11-29T10:36:57","guid":{"rendered":"https:\/\/miradordeatarfe.es\/?p=73040"},"modified":"2024-11-27T12:21:40","modified_gmt":"2024-11-27T11:21:40","slug":"el-pts-impulsa-la-vocacion-cientifica-en-las-jovenes-de-atarfe-con-talleres-charlas-y-exposiciones","status":"publish","type":"post","link":"https:\/\/miradordeatarfe.es\/?p=73040","title":{"rendered":"El PTS impulsa la vocaci\u00f3n cient\u00edfica en las j\u00f3venes DEL IES LA VEGA de Atarfe con talleres, charlas y exposiciones"},"content":{"rendered":"\n<p class=\"has-medium-font-size\"><strong>El evento ha sido promovido por la Fundaci\u00f3n PTS Granada y apoyado por la Consejer\u00eda de Universidades, Investigaci\u00f3n e Innovaci\u00f3n<\/strong><\/p>\n\n\n\n<p>El PTS ha impulsado la vocaci\u00f3n cient\u00edfica en las j\u00f3venes de <strong>Atarfe <\/strong>con talleres, charlas y exposiciones mediante la iniciativa &#8216;Ciencia y Tecnolog\u00eda en femenino&#8217;, a trav\u00e9s de la Asociaci\u00f3n de Parques Cient\u00edficos y Tecnol\u00f3gicos de Espa\u00f1a (APTE), que este a\u00f1o cumple su s\u00e9ptima edici\u00f3n.<\/p>\n\n\n\n<p>El evento, promovido por la fundaci\u00f3n y apoyado por la Consejer\u00eda de Universidades, Investigaci\u00f3n e Innovaci\u00f3n, busca fomentar la investigaci\u00f3n cient\u00edfica, la transferencia del conocimiento, la innovaci\u00f3n tecnol\u00f3gica y el emprendimiento de las estudiantes, ha se\u00f1alado la Fundaci\u00f3n PTS Granada.<\/p>\n\n\n\n<p>Durante la jornada, han asistido a la programaci\u00f3n <strong>alumnos de primero y segundo de la ESO del IES Vega de la localidad metropolitana<\/strong>, viendo por ejemplo una exposici\u00f3n de mujeres destacadas en \u00e1reas cient\u00edfico-t\u00e9cnicas.<\/p>\n\n\n\n<p>La muestra ha sido visitada por figuras como la delegada territorial Mar\u00eda Jos\u00e9 Mart\u00edn, la coordinadora provincial del Instituto Andaluz de la Mujer, Teresa Illescas, o la secretaria general provincial de Universidad, Roc\u00edo Linares, as\u00ed como el director gerente de la Fundaci\u00f3n PTS Granada, Luis Gonz\u00e1lez, entre otros.<\/p>\n\n\n\n<h3 class=\"wp-block-heading\">Actividades<\/h3>\n\n\n\n<p>En la programaci\u00f3n se destaca la charla inspiradora de la investigadora Mar\u00eda Elena D\u00edaz, del Centro de Investigaci\u00f3n Biom\u00e9dica de <strong>Granada<\/strong>, en la que ha compartido su experiencia y trayectoria profesional en el marco de la jornada.<\/p>\n\n\n\n<p>Durante el evento, los asistentes han podido recorrer la exposici\u00f3n &#8216;Mujeres que cambiaron el mundo&#8217;, que ha incluido informaci\u00f3n sobre cerca de 40 figuras hist\u00f3ricas y actuales, destacando cient\u00edficas vinculadas al entorno del PTS Granada como Olga Genilloud, Mar\u00eda Jos\u00e9 S\u00e1nchez, Cristina S\u00e1nchez y Mar\u00eda Trist\u00e1n.<\/p>\n\n\n\n<p>Adem\u00e1s, los participantes han disfrutado de talleres l\u00fadicos como &#8216;Quizz en femenino&#8217; e &#8216;IA Divertida&#8217;, en colaboraci\u00f3n con el Consorcio Fernando de los R\u00edos y a cargo del t\u00e9cnico Antonio Jes\u00fas Fern\u00e1ndez, responsable de rob\u00f3tica educativa y dise\u00f1o e impresi\u00f3n 3D. Estos est\u00e1n dise\u00f1ados para fomentar el inter\u00e9s por la tecnolog\u00eda, visibilizar l\u00edderes femeninas y desafiar estereotipos tradicionales sobre las profesiones cient\u00edficas y tecnol\u00f3gicas.<\/p>\n\n\n\n<p>Asimismo, el alumnado se ha sumado al concurso &#8216;El Reto&#8217;, presentando propuestas innovadoras relacionadas con el &#8216;ODS 3&#8217;, Salud y Bienestar, aplicadas al PTS Granada, las cuales ser\u00e1n presentadas en v\u00eddeos de tres minutos para competir a nivel nacional.<\/p>\n\n\n\n<h3 class=\"wp-block-heading\">Sobre la Fundaci\u00f3n PTS<\/h3>\n\n\n\n<p>La Fundaci\u00f3n PTS Granada es una entidad del Sector P\u00fablico Andaluz con instituciones en investigaci\u00f3n, innovaci\u00f3n y emprendimiento, como la <strong>Junta de Andaluc\u00eda<\/strong> o la<strong> Universidad de Granada<\/strong>.<\/p>\n\n\n\n<p>Su misi\u00f3n es generar riqueza mediante la transferencia de conocimiento y posicionar el Parque Tecnol\u00f3gico de la Salud como \u00abreferente internacional\u00bb aplicado a las Ciencias de la Vida y la Salud.<\/p>\n\n\n\n<p><strong>Redacci\u00f3n aG<\/strong><\/p>\n\n\n\n<figure class=\"wp-block-embed is-type-wp-embed is-provider-ahora-granada wp-block-embed-ahora-granada\"><div class=\"wp-block-embed__wrapper\">\n<blockquote class=\"wp-embedded-content\" data-secret=\"0wR7hXSTGS\"><a href=\"https:\/\/www.ahoragranada.com\/noticias\/el-pts-impulsa-la-vocacion-cientifica-en-las-jovenes-de-atarfe-con-talleres-charlas-y-exposiciones\/\">El PTS impulsa la vocaci\u00f3n cient\u00edfica en las j\u00f3venes de Atarfe con talleres, charlas y exposiciones<\/a><\/blockquote><iframe loading=\"lazy\" class=\"wp-embedded-content\" sandbox=\"allow-scripts\" security=\"restricted\" style=\"position: absolute; visibility: hidden;\" title=\"\u00abEl PTS impulsa la vocaci\u00f3n cient\u00edfica en las j\u00f3venes de Atarfe con talleres, charlas y exposiciones\u00bb \u2014 Ahora Granada\" src=\"https:\/\/www.ahoragranada.com\/noticias\/el-pts-impulsa-la-vocacion-cientifica-en-las-jovenes-de-atarfe-con-talleres-charlas-y-exposiciones\/embed\/#?secret=1UBDrky03S#?secret=0wR7hXSTGS\" data-secret=\"0wR7hXSTGS\" width=\"600\" height=\"338\" frameborder=\"0\" marginwidth=\"0\" marginheight=\"0\" scrolling=\"no\"><\/iframe>\n<\/div><\/figure>\n","protected":false},"excerpt":{"rendered":"<p>El evento ha sido promovido por la Fundaci\u00f3n PTS Granada y apoyado por la Consejer\u00eda&#8230;<\/p>\n","protected":false},"author":1,"featured_media":73041,"comment_status":"closed","ping_status":"closed","sticky":false,"template":"","format":"standard","meta":{"_coblocks_attr":"","_coblocks_dimensions":"","_coblocks_responsive_height":"","_coblocks_accordion_ie_support":"","jetpack_post_was_ever_published":false,"_jetpack_newsletter_access":"","_jetpack_dont_email_post_to_subs":true,"_jetpack_newsletter_tier_id":0,"_jetpack_memberships_contains_paywalled_content":false,"_jetpack_memberships_contains_paid_content":false,"footnotes":"","jetpack_publicize_message":"","jetpack_publicize_feature_enabled":true,"jetpack_social_post_already_shared":true,"jetpack_social_options":{"image_generator_settings":{"template":"highway","enabled":false},"version":2}},"categories":[187,10797,186,44],"tags":[],"class_list":["post-73040","post","type-post","status-publish","format-standard","has-post-thumbnail","hentry","category-centros-educativos","category-ciencia","category-instituciones","category-noticias-de-hoy"],"jetpack_publicize_connections":[],"jetpack_featured_media_url":"https:\/\/i0.wp.com\/miradordeatarfe.es\/wp-content\/uploads\/2024\/11\/Ciencia-y-tecnologia-Granada-746x420-1.png?fit=746%2C420&ssl=1","jetpack_likes_enabled":true,"jetpack_sharing_enabled":true,"_links":{"self":[{"href":"https:\/\/miradordeatarfe.es\/index.php?rest_route=\/wp\/v2\/posts\/73040","targetHints":{"allow":["GET"]}}],"collection":[{"href":"https:\/\/miradordeatarfe.es\/index.php?rest_route=\/wp\/v2\/posts"}],"about":[{"href":"https:\/\/miradordeatarfe.es\/index.php?rest_route=\/wp\/v2\/types\/post"}],"author":[{"embeddable":true,"href":"https:\/\/miradordeatarfe.es\/index.php?rest_route=\/wp\/v2\/users\/1"}],"replies":[{"embeddable":true,"href":"https:\/\/miradordeatarfe.es\/index.php?rest_route=%2Fwp%2Fv2%2Fcomments&post=73040"}],"version-history":[{"count":2,"href":"https:\/\/miradordeatarfe.es\/index.php?rest_route=\/wp\/v2\/posts\/73040\/revisions"}],"predecessor-version":[{"id":73043,"href":"https:\/\/miradordeatarfe.es\/index.php?rest_route=\/wp\/v2\/posts\/73040\/revisions\/73043"}],"wp:featuredmedia":[{"embeddable":true,"href":"https:\/\/miradordeatarfe.es\/index.php?rest_route=\/wp\/v2\/media\/73041"}],"wp:attachment":[{"href":"https:\/\/miradordeatarfe.es\/index.php?rest_route=%2Fwp%2Fv2%2Fmedia&parent=73040"}],"wp:term":[{"taxonomy":"category","embeddable":true,"href":"https:\/\/miradordeatarfe.es\/index.php?rest_route=%2Fwp%2Fv2%2Fcategories&post=73040"},{"taxonomy":"post_tag","embeddable":true,"href":"https:\/\/miradordeatarfe.es\/index.php?rest_route=%2Fwp%2Fv2%2Ftags&post=73040"}],"curies":[{"name":"wp","href":"https:\/\/api.w.org\/{rel}","templated":true}]}}