{"id":73044,"date":"2024-12-08T10:40:00","date_gmt":"2024-12-08T09:40:00","guid":{"rendered":"https:\/\/miradordeatarfe.es\/?p=73044"},"modified":"2024-12-05T14:27:06","modified_gmt":"2024-12-05T13:27:06","slug":"se-enfrentan-a-cuatro-anos-de-prision-por-detencion-ilegal-en-atarfe-y-asalto-a-una-vivienda-de-granada","status":"publish","type":"post","link":"https:\/\/miradordeatarfe.es\/?p=73044","title":{"rendered":"Se enfrentan a cuatro a\u00f1os de prisi\u00f3n por detenci\u00f3n ilegal en Atarfe y asalto a una vivienda de Granada"},"content":{"rendered":"\n<p class=\"has-medium-font-size\"><strong>El ministerio p\u00fablico plantea la sustituci\u00f3n de esas penas por la expulsi\u00f3n de territorio nacional durante un total de 20 a\u00f1os<\/strong><\/p>\n\n\n\n<p>La Fiscal\u00eda ha pedido dos a\u00f1os de prisi\u00f3n para tres acusados por la presunta comisi\u00f3n de un delito de detenci\u00f3n ilegal a un compatriota marroqu\u00ed al que habr\u00edan retenido en una nave de un pol\u00edgono industrial de <strong>Atarfe<\/strong>, tras taparle la cabeza y enca\u00f1onarle con una pistola. Un d\u00eda despu\u00e9s habr\u00edan participado en el asalto a una vivienda de la capital granadina por el que el ministerio p\u00fablico les pide otros dos a\u00f1os de c\u00e1rcel.<\/p>\n\n\n\n<p>As\u00ed consta en el escrito de conclusiones provisionales de la Fiscal\u00eda, en un caso que est\u00e1 previsto que sea enjuiciado en pr\u00f3ximas fechas por la Secci\u00f3n Primera de la Audiencia Provincial de <strong>Granada<\/strong>, en el que el ministerio p\u00fablico plantea tambi\u00e9n la sustituci\u00f3n de esas penas por la expulsi\u00f3n de territorio nacional con prohibici\u00f3n de volver a entrar en el mismo durante un total de 20 a\u00f1os.<\/p>\n\n\n\n<p>Tambi\u00e9n est\u00e1n encausados por la presunta comisi\u00f3n de otros delitos la v\u00edctima de la supuesta detenci\u00f3n ilegal, un joven de 26 a\u00f1os, y un quinto individuo, de 30. Con este \u00faltimo, los tres acusados principales, de 38, 35 y 28 a\u00f1os, habr\u00edan protagonizado el robo con violencia en grado de tentativa en casa habitada con uso de armas o instrumentos peligrosos en un domicilio de <strong>Granada<\/strong>.<\/p>\n\n\n\n<p>Los hechos que se van a enjuiciar se remontan al 5 de febrero de 2021. Sobre las 21.00 horas, dos de los acusados principales, que son hermanos, quedaron con el joven de 26 en un c\u00e9ntrico hotel de <strong>Granada <\/strong>de donde salieron en un veh\u00edculo en el que este \u00faltimo iba en la parte trasera, subi\u00e9ndose al coche en la zona de la autov\u00eda en <strong>Armilla<\/strong>, a la salida de la ciudad, \u00abdos sujetos no identificados\u00bb.<\/p>\n\n\n\n<p>El fiscal detalla que \u00abuno de los desconocidos coloc\u00f3 una pistola en la cabeza\u00bb del joven de 26 a\u00f1os, \u00abseg\u00fan lo planeado\u00bb con los hermanos y \u00abcubri\u00e9ndole\u00bb con una capucha, pese a lo cual \u00e9ste habr\u00eda conseguido ver que llegaban a una nave industrial de <strong>Atarfe<\/strong>, de la que durante horas \u00abno pudo salir\u00bb.<\/p>\n\n\n\n<p>Uno de los hermanos supuestamente \u00abgolpe\u00f3 en reiteradas ocasiones\u00bb, coloc\u00f3 \u00aben su boca una bolsa con coca\u00edna intentando que la tragara\u00bb y \u00abexhibi\u00f3 otra pistola peque\u00f1a\u00bb en presencia de una docena de personas que \u00abfueron incorpor\u00e1ndose a la nave\u00bb. Poco tiempo despu\u00e9s habr\u00eda llegado el tercer acusado por la presunta comisi\u00f3n de la detenci\u00f3n ilegal.<\/p>\n\n\n\n<p>\u00c9l tambi\u00e9n habr\u00eda agredido \u00aben repetidas ocasiones\u00bb al joven de 26 a\u00f1os, llev\u00e1ndolo \u00aba la fuerza\u00bb con los otros dos supuestamente en coche hasta una vivienda de Cenes de la Vega y dej\u00e1ndole en libertad despu\u00e9s aunque advirti\u00e9ndole de \u00abque si contaba algo le matar\u00edan a \u00e9l y a su madre\u00bb.<\/p>\n\n\n\n<p>Al d\u00eda siguiente, el 6 de febrero, sobre las 03.00 horas, los tres procesados principales, en compa\u00f1\u00eda del de 30 a\u00f1os, habr\u00edan cometido en una vivienda de <strong>Granada<\/strong> capital los hechos por los que se les acusa de tentativa de robo con violencia con unas tijeras de podar y un cuchillo de grandes dimensiones.<\/p>\n\n\n\n<p>Tras tirar al suelo a dos hermanos que all\u00ed se encontraban, y entre supuestas amenazas y agresiones, registraron la casa y, seg\u00fan contin\u00faa el fiscal, \u00abcomo no encontraron nada que colmara sus ileg\u00edtimas expectativas, abandonaron la vivienda sin nada en su poder\u00bb.<\/p>\n\n\n\n<h3 class=\"wp-block-heading\">Agresiones mutuas<\/h3>\n\n\n\n<p>Por \u00faltimo, y teniendo todos ellos una orden judicial de alejamiento del joven que habr\u00eda sido v\u00edctima de la detenci\u00f3n ilegal, el procesado que se uni\u00f3 al asalto de la vivienda en <strong>Granada<\/strong>, por el que se enfrenta a una petici\u00f3n fiscal de dos a\u00f1os de prisi\u00f3n o expulsi\u00f3n de Espa\u00f1a por diez a\u00f1os, se habr\u00eda acercado el 13 de febrero de 2021 al primero en el <strong>Almanj\u00e1yar <\/strong>para atacarle, por lo que tambi\u00e9n se enfrenta a una petici\u00f3n de multas por supuestas lesiones y quebrantamiento.<\/p>\n\n\n\n<p>Se da la circunstancia de que, en respuesta, siempre seg\u00fan el relato de los hechos de la Fiscal\u00eda, el joven de 26 a\u00f1os habr\u00eda buscado a su supuesto agresor horas m\u00e1s tarde con personas no identificadas en el entorno del Camino de los Yeseros \u00abcon il\u00edcito \u00e1nimo de menoscabar su integridad f\u00edsica\u00bb y rociado spray de pimienta antes de una agresi\u00f3n por la que le piden tres a\u00f1os de prisi\u00f3n o expulsi\u00f3n del territorio nacional por diez a\u00f1os.<\/p>\n\n\n\n<p class=\"has-large-font-size\"><strong>E. P.<\/strong><\/p>\n\n\n\n<p><blockquote class=\"wp-embedded-content\" data-secret=\"kYke4nRgKo\"><a href=\"https:\/\/www.ahoragranada.com\/noticias\/se-enfrentan-a-cuatro-anos-de-prision-por-detencion-ilegal-en-atarfe-y-asalto-a-una-vivienda-de-granada-capital\/\">Se enfrentan a cuatro a\u00f1os de prisi\u00f3n por detenci\u00f3n ilegal en Atarfe y asalto a una vivienda de Granada<\/a><\/blockquote><iframe loading=\"lazy\" class=\"wp-embedded-content\" sandbox=\"allow-scripts\" security=\"restricted\" style=\"position: absolute; visibility: hidden;\" title=\"\u00abSe enfrentan a cuatro a\u00f1os de prisi\u00f3n por detenci\u00f3n ilegal en Atarfe y asalto a una vivienda de Granada\u00bb \u2014 Ahora Granada\" src=\"https:\/\/www.ahoragranada.com\/noticias\/se-enfrentan-a-cuatro-anos-de-prision-por-detencion-ilegal-en-atarfe-y-asalto-a-una-vivienda-de-granada-capital\/embed\/#?secret=0U8xsKrDpR#?secret=kYke4nRgKo\" data-secret=\"kYke4nRgKo\" width=\"600\" height=\"338\" frameborder=\"0\" marginwidth=\"0\" marginheight=\"0\" scrolling=\"no\"><\/iframe><\/p>\n","protected":false},"excerpt":{"rendered":"<p>El ministerio p\u00fablico plantea la sustituci\u00f3n de esas penas por la expulsi\u00f3n de territorio nacional&#8230;<\/p>\n","protected":false},"author":1,"featured_media":73045,"comment_status":"closed","ping_status":"closed","sticky":false,"template":"","format":"standard","meta":{"_coblocks_attr":"","_coblocks_dimensions":"","_coblocks_responsive_height":"","_coblocks_accordion_ie_support":"","jetpack_post_was_ever_published":false,"_jetpack_newsletter_access":"","_jetpack_dont_email_post_to_subs":true,"_jetpack_newsletter_tier_id":0,"_jetpack_memberships_contains_paywalled_content":false,"_jetpack_memberships_contains_paid_content":false,"footnotes":"","jetpack_publicize_message":"","jetpack_publicize_feature_enabled":true,"jetpack_social_post_already_shared":true,"jetpack_social_options":{"image_generator_settings":{"template":"highway","enabled":false},"version":2}},"categories":[2,1161,44,6937],"tags":[],"class_list":["post-73044","post","type-post","status-publish","format-standard","has-post-thumbnail","hentry","category-atarfe","category-ciudadania","category-noticias-de-hoy","category-sociedad"],"jetpack_publicize_connections":[],"jetpack_featured_media_url":"https:\/\/i0.wp.com\/miradordeatarfe.es\/wp-content\/uploads\/2024\/11\/Real-Chancilleria-03-370x207-1.jpg?fit=370%2C207&ssl=1","jetpack_likes_enabled":true,"jetpack_sharing_enabled":true,"_links":{"self":[{"href":"https:\/\/miradordeatarfe.es\/index.php?rest_route=\/wp\/v2\/posts\/73044","targetHints":{"allow":["GET"]}}],"collection":[{"href":"https:\/\/miradordeatarfe.es\/index.php?rest_route=\/wp\/v2\/posts"}],"about":[{"href":"https:\/\/miradordeatarfe.es\/index.php?rest_route=\/wp\/v2\/types\/post"}],"author":[{"embeddable":true,"href":"https:\/\/miradordeatarfe.es\/index.php?rest_route=\/wp\/v2\/users\/1"}],"replies":[{"embeddable":true,"href":"https:\/\/miradordeatarfe.es\/index.php?rest_route=%2Fwp%2Fv2%2Fcomments&post=73044"}],"version-history":[{"count":1,"href":"https:\/\/miradordeatarfe.es\/index.php?rest_route=\/wp\/v2\/posts\/73044\/revisions"}],"predecessor-version":[{"id":73046,"href":"https:\/\/miradordeatarfe.es\/index.php?rest_route=\/wp\/v2\/posts\/73044\/revisions\/73046"}],"wp:featuredmedia":[{"embeddable":true,"href":"https:\/\/miradordeatarfe.es\/index.php?rest_route=\/wp\/v2\/media\/73045"}],"wp:attachment":[{"href":"https:\/\/miradordeatarfe.es\/index.php?rest_route=%2Fwp%2Fv2%2Fmedia&parent=73044"}],"wp:term":[{"taxonomy":"category","embeddable":true,"href":"https:\/\/miradordeatarfe.es\/index.php?rest_route=%2Fwp%2Fv2%2Fcategories&post=73044"},{"taxonomy":"post_tag","embeddable":true,"href":"https:\/\/miradordeatarfe.es\/index.php?rest_route=%2Fwp%2Fv2%2Ftags&post=73044"}],"curies":[{"name":"wp","href":"https:\/\/api.w.org\/{rel}","templated":true}]}}