{"id":73051,"date":"2024-11-29T10:00:00","date_gmt":"2024-11-29T09:00:00","guid":{"rendered":"https:\/\/miradordeatarfe.es\/?p=73051"},"modified":"2024-11-27T12:26:35","modified_gmt":"2024-11-27T11:26:35","slug":"la-pegatina-ambiental-de-la-dgt-ya-se-puede-comprar-en-los-estancos","status":"publish","type":"post","link":"https:\/\/miradordeatarfe.es\/?p=73051","title":{"rendered":"La pegatina ambiental de la DGT ya se puede comprar en los estancos"},"content":{"rendered":"\n<p class=\"has-medium-font-size\"><strong>Basta con facilitar la matr\u00edcula del veh\u00edculo y realizar un pago de 5 euros<\/strong><\/p>\n\n\n\n<p><strong><a href=\"https:\/\/www.logista.com\/es\/home.html\" rel=\"noreferrer noopener\" target=\"_blank\">Logista<\/a><\/strong> y la <strong><a href=\"https:\/\/www.dgt.es\/inicio\/\" rel=\"noreferrer noopener\" target=\"_blank\">Direcci\u00f3n General de Tr\u00e1fico (DGT)<\/a> <\/strong>han puesto en marcha un proyecto piloto que facilita la compra de los distintivos ambientales para veh\u00edculos en los <strong>estancos espa\u00f1oles<\/strong>, seg\u00fan ha informado este martes la empresa de log\u00edstica en un comunicado.<\/p>\n\n\n\n<p>Facilitando la matr\u00edcula y previo pago de<strong> 5 euros<\/strong>, cualquier conductor puede hacerse con esta pegatina de la que ya se han emitido cerca de 5.000 unidades en 500 estancos de m\u00e1s de 300 localidades, acercando el servicio a los municipios m\u00e1s peque\u00f1os del pa\u00eds y facilitando la adquisici\u00f3n de estas etiquetas obligatorias en muchas ciudades debido a la implementaci\u00f3n de las <strong>Zonas de Bajas Emisiones (ZBE).<\/strong><\/p>\n\n\n\n<p>Una vez adquirido el distintivo, ser\u00e1 necesario <strong>escanear un c\u00f3digo QR<\/strong>, subir la documentaci\u00f3n requerida \u2013carnet&nbsp;de conducir y permiso de circulaci\u00f3n&#8211;, y as\u00ed completar el tr\u00e1mite.<\/p>\n\n\n\n<p>As\u00ed, Logista tiene previsto extender este servicio a lo largo de los pr\u00f3ximos meses de forma progresiva, incorporando <strong>nuevos puntos de venta <\/strong>con el \u00e1nimo de cubrir el mayor n\u00famero de municipios posible.<\/p>\n\n\n\n<p>De hecho, los estancos autorizados se ir\u00e1n incorporando progresivamente, y <strong>podr\u00e1n consultarse a trav\u00e9s de una p\u00e1gina web.<\/strong><\/p>\n\n\n\n<p><a href=\"https:\/\/www.65ymas.com\/raul-arias_159_115.html\"><strong>Ra\u00fal Arias<\/strong><\/a><\/p>\n\n\n\n<p><a href=\"https:\/\/www.65ymas.com\/sociedad\/pegatina-ambiental-dgt-ya-se-puede-comprar-en-estancos_65330_102.html\">https:\/\/www.65ymas.com\/sociedad\/pegatina-ambiental-dgt-ya-se-puede-comprar-en-estancos_65330_102.html<\/a><\/p>\n","protected":false},"excerpt":{"rendered":"<p>Basta con facilitar la matr\u00edcula del veh\u00edculo y realizar un pago de 5 euros Logista&#8230;<\/p>\n","protected":false},"author":1,"featured_media":73052,"comment_status":"closed","ping_status":"closed","sticky":false,"template":"","format":"standard","meta":{"_coblocks_attr":"","_coblocks_dimensions":"","_coblocks_responsive_height":"","_coblocks_accordion_ie_support":"","jetpack_post_was_ever_published":false,"_jetpack_newsletter_access":"","_jetpack_dont_email_post_to_subs":true,"_jetpack_newsletter_tier_id":0,"_jetpack_memberships_contains_paywalled_content":false,"_jetpack_memberships_contains_paid_content":false,"footnotes":"","jetpack_publicize_message":"","jetpack_publicize_feature_enabled":true,"jetpack_social_post_already_shared":true,"jetpack_social_options":{"image_generator_settings":{"template":"highway","enabled":false},"version":2}},"categories":[1161,186,44],"tags":[],"class_list":["post-73051","post","type-post","status-publish","format-standard","has-post-thumbnail","hentry","category-ciudadania","category-instituciones","category-noticias-de-hoy"],"jetpack_publicize_connections":[],"jetpack_featured_media_url":"https:\/\/i0.wp.com\/miradordeatarfe.es\/wp-content\/uploads\/2024\/11\/bigstock-madrid-spain-th-july-312814597_1_621x621.jpeg?fit=621%2C621&ssl=1","jetpack_likes_enabled":true,"jetpack_sharing_enabled":true,"_links":{"self":[{"href":"https:\/\/miradordeatarfe.es\/index.php?rest_route=\/wp\/v2\/posts\/73051","targetHints":{"allow":["GET"]}}],"collection":[{"href":"https:\/\/miradordeatarfe.es\/index.php?rest_route=\/wp\/v2\/posts"}],"about":[{"href":"https:\/\/miradordeatarfe.es\/index.php?rest_route=\/wp\/v2\/types\/post"}],"author":[{"embeddable":true,"href":"https:\/\/miradordeatarfe.es\/index.php?rest_route=\/wp\/v2\/users\/1"}],"replies":[{"embeddable":true,"href":"https:\/\/miradordeatarfe.es\/index.php?rest_route=%2Fwp%2Fv2%2Fcomments&post=73051"}],"version-history":[{"count":1,"href":"https:\/\/miradordeatarfe.es\/index.php?rest_route=\/wp\/v2\/posts\/73051\/revisions"}],"predecessor-version":[{"id":73053,"href":"https:\/\/miradordeatarfe.es\/index.php?rest_route=\/wp\/v2\/posts\/73051\/revisions\/73053"}],"wp:featuredmedia":[{"embeddable":true,"href":"https:\/\/miradordeatarfe.es\/index.php?rest_route=\/wp\/v2\/media\/73052"}],"wp:attachment":[{"href":"https:\/\/miradordeatarfe.es\/index.php?rest_route=%2Fwp%2Fv2%2Fmedia&parent=73051"}],"wp:term":[{"taxonomy":"category","embeddable":true,"href":"https:\/\/miradordeatarfe.es\/index.php?rest_route=%2Fwp%2Fv2%2Fcategories&post=73051"},{"taxonomy":"post_tag","embeddable":true,"href":"https:\/\/miradordeatarfe.es\/index.php?rest_route=%2Fwp%2Fv2%2Ftags&post=73051"}],"curies":[{"name":"wp","href":"https:\/\/api.w.org\/{rel}","templated":true}]}}