{"id":73058,"date":"2024-11-28T10:20:00","date_gmt":"2024-11-28T09:20:00","guid":{"rendered":"https:\/\/miradordeatarfe.es\/?p=73058"},"modified":"2024-11-28T10:19:51","modified_gmt":"2024-11-28T09:19:51","slug":"atarfe-servicios-minimos-para-el-28-y-29-de-noviembre-del-2024","status":"publish","type":"post","link":"https:\/\/miradordeatarfe.es\/?p=73058","title":{"rendered":"ATARFE: SERVICIOS M\u00cdNIMOS PARA EL 28 Y 29 DE NOVIEMBRE DEL 2024"},"content":{"rendered":"\n<p class=\"has-large-font-size\"><strong>INFORMAMOS DEL HORARIO DE AUTOBUSES CON SERVICIOS M\u00cdNIMOS  QUE CON MOTIVO DE LA HUELGA AFECTA A LA LINEA 122 YA QUE LA LINEA 124 NO FUNCIONAR\u00c1<\/strong><\/p>\n\n\n\n<figure class=\"wp-block-image size-full\"><img data-recalc-dims=\"1\" loading=\"lazy\" decoding=\"async\" width=\"640\" height=\"354\" src=\"https:\/\/i0.wp.com\/miradordeatarfe.es\/wp-content\/uploads\/2024\/11\/Screenshot-2024-11-28-at-10-15-08-Microsoft-Word-plantilla-peticion-marquesina-Maracena-Albolote-Atarfe.pdf.png?resize=640%2C354&#038;ssl=1\" alt=\"\" class=\"wp-image-73060\" srcset=\"https:\/\/i0.wp.com\/miradordeatarfe.es\/wp-content\/uploads\/2024\/11\/Screenshot-2024-11-28-at-10-15-08-Microsoft-Word-plantilla-peticion-marquesina-Maracena-Albolote-Atarfe.pdf.png?w=838&amp;ssl=1 838w, https:\/\/i0.wp.com\/miradordeatarfe.es\/wp-content\/uploads\/2024\/11\/Screenshot-2024-11-28-at-10-15-08-Microsoft-Word-plantilla-peticion-marquesina-Maracena-Albolote-Atarfe.pdf.png?resize=300%2C166&amp;ssl=1 300w, https:\/\/i0.wp.com\/miradordeatarfe.es\/wp-content\/uploads\/2024\/11\/Screenshot-2024-11-28-at-10-15-08-Microsoft-Word-plantilla-peticion-marquesina-Maracena-Albolote-Atarfe.pdf.png?resize=768%2C424&amp;ssl=1 768w\" sizes=\"auto, (max-width: 640px) 100vw, 640px\" \/><\/figure>\n\n\n\n<p>El Consorcio de Transporte Metropolitano del \u00c1rea de Granada hace saber:<\/p>\n\n\n\n<p>Que en Resoluci\u00f3n de 24 de octubre&nbsp; de 2024, emitida por la Consejer\u00eda de Presidencia Interior, Di\u00e1logo Social y Simplificaci\u00f3n Administrativa establecen los servicios m\u00ednimos para garantizar el funcionamiento de los servicios esenciales para la comunidad durante la huelga desde el d\u00eda 28&nbsp; de octubre y de forma indefinida seg\u00fan el siguiente calendario y horario afectados:<\/p>\n\n\n\n<p>&#8211; Los d\u00edas <strong>28 y 29 de Noviembre de 2024 a partir de las 00:00 horas del d\u00eda 28<\/strong>.<\/p>\n\n\n\n<p>&#8211; El d\u00eda 5 de Diciembre de 2024 a partir de las 00:00 horas.<\/p>\n\n\n\n<p>&#8211; El d\u00eda 9 de Diciembre de 2024 a partir de las 00:00 horas.<\/p>\n\n\n\n<p>&#8211; A partir de 23 de Diciembre de 2024 desde las 00:00 horas tendr\u00e1 una duraci\u00f3n INDEFINIDA.<\/p>\n\n\n\n\n","protected":false},"excerpt":{"rendered":"<p>INFORMAMOS DEL HORARIO DE AUTOBUSES CON SERVICIOS M\u00cdNIMOS QUE CON MOTIVO DE LA HUELGA AFECTA&#8230;<\/p>\n","protected":false},"author":1,"featured_media":73061,"comment_status":"closed","ping_status":"closed","sticky":false,"template":"","format":"standard","meta":{"_coblocks_attr":"","_coblocks_dimensions":"","_coblocks_responsive_height":"","_coblocks_accordion_ie_support":"","jetpack_post_was_ever_published":false,"_jetpack_newsletter_access":"","_jetpack_dont_email_post_to_subs":true,"_jetpack_newsletter_tier_id":0,"_jetpack_memberships_contains_paywalled_content":false,"_jetpack_memberships_contains_paid_content":false,"footnotes":"","jetpack_publicize_message":"","jetpack_publicize_feature_enabled":true,"jetpack_social_post_already_shared":false,"jetpack_social_options":{"image_generator_settings":{"template":"highway","enabled":false},"version":2}},"categories":[1161,186,44],"tags":[],"class_list":["post-73058","post","type-post","status-publish","format-standard","has-post-thumbnail","hentry","category-ciudadania","category-instituciones","category-noticias-de-hoy"],"jetpack_publicize_connections":[],"jetpack_featured_media_url":"https:\/\/i0.wp.com\/miradordeatarfe.es\/wp-content\/uploads\/2024\/11\/web-225.jpg?fit=600%2C400&ssl=1","jetpack_likes_enabled":true,"jetpack_sharing_enabled":true,"_links":{"self":[{"href":"https:\/\/miradordeatarfe.es\/index.php?rest_route=\/wp\/v2\/posts\/73058","targetHints":{"allow":["GET"]}}],"collection":[{"href":"https:\/\/miradordeatarfe.es\/index.php?rest_route=\/wp\/v2\/posts"}],"about":[{"href":"https:\/\/miradordeatarfe.es\/index.php?rest_route=\/wp\/v2\/types\/post"}],"author":[{"embeddable":true,"href":"https:\/\/miradordeatarfe.es\/index.php?rest_route=\/wp\/v2\/users\/1"}],"replies":[{"embeddable":true,"href":"https:\/\/miradordeatarfe.es\/index.php?rest_route=%2Fwp%2Fv2%2Fcomments&post=73058"}],"version-history":[{"count":1,"href":"https:\/\/miradordeatarfe.es\/index.php?rest_route=\/wp\/v2\/posts\/73058\/revisions"}],"predecessor-version":[{"id":73062,"href":"https:\/\/miradordeatarfe.es\/index.php?rest_route=\/wp\/v2\/posts\/73058\/revisions\/73062"}],"wp:featuredmedia":[{"embeddable":true,"href":"https:\/\/miradordeatarfe.es\/index.php?rest_route=\/wp\/v2\/media\/73061"}],"wp:attachment":[{"href":"https:\/\/miradordeatarfe.es\/index.php?rest_route=%2Fwp%2Fv2%2Fmedia&parent=73058"}],"wp:term":[{"taxonomy":"category","embeddable":true,"href":"https:\/\/miradordeatarfe.es\/index.php?rest_route=%2Fwp%2Fv2%2Fcategories&post=73058"},{"taxonomy":"post_tag","embeddable":true,"href":"https:\/\/miradordeatarfe.es\/index.php?rest_route=%2Fwp%2Fv2%2Ftags&post=73058"}],"curies":[{"name":"wp","href":"https:\/\/api.w.org\/{rel}","templated":true}]}}