{"id":73063,"date":"2024-11-30T10:00:00","date_gmt":"2024-11-30T09:00:00","guid":{"rendered":"https:\/\/miradordeatarfe.es\/?p=73063"},"modified":"2024-11-28T10:57:10","modified_gmt":"2024-11-28T09:57:10","slug":"salobrena-reconoce-a-sus-mayores-por-juan-santaella","status":"publish","type":"post","link":"https:\/\/miradordeatarfe.es\/?p=73063","title":{"rendered":"\u00abSalobre\u00f1a reconoce a sus mayores\u00bb por Juan Santaella"},"content":{"rendered":"\n<p class=\"has-medium-font-size\"><strong>El no atender a nuestros mayores, con la dignidad que merecen, es una ingratitud<\/strong><\/p>\n\n\n\n<p>Los Ayuntamientos han sido siempre los hermanos pobres de las diferentes administraciones. Actualmente, est\u00e1n desarrollando funciones para las que no tienen financiaci\u00f3n. La Ley de 1985 les asign\u00f3 unas competencias que se han ido incrementando, pero sin modificar su financiaci\u00f3n. Esta ley se actualiz\u00f3 en 2013, pero, seg\u00fan Paula Salinas, Doctora en Econom\u00eda por la Universidad de Barcelona, \u00aben vez de reconocer a los municipios las funciones que realizan, hizo lo contrario: limit\u00f3 la posibilidad de realizar las funciones que no les corresponden legalmente, cuando, seg\u00fan la normativa de 1985, pod\u00edan hacer todo lo que respondiera a las necesidades de sus ciudadanos\u00bb.<\/p>\n\n\n\n<p>Est\u00e1 claro que los municipios podr\u00edan asumir m\u00faltiples competencias que hoy poseen Diputaciones y\/o Comunidades Aut\u00f3nomas (de hecho, las realizan), y que, gestionadas por ellos, ser\u00edan m\u00e1s econ\u00f3micas y eficientes, debido a la proximidad, en servicios sociales, educaci\u00f3n, prevenci\u00f3n sanitaria, empleo, deportes, cultura, atenci\u00f3n a mayores (cu\u00e1nto cambiar\u00eda la dependencia), vivienda\u2026 Ese ejemplo de efectividad lo vimos en Manchester, donde los barrios quedaron desolados tras la reconversi\u00f3n industrial de los 80, y se crearon peque\u00f1as cooperativas que asumieron al personal industrial ocioso. Esas cooperativas se dedicaron a la gesti\u00f3n de basura, limpieza, jardiner\u00eda, alba\u00f1iler\u00eda\u2026 en sus barrios, y realizaban estas tareas con mayor dedicaci\u00f3n que las grandes empresas, porque, al ser su barrio, se esmeraban en la obra y en la conservaci\u00f3n.<\/p>\n\n\n\n<p>Pues bien, una<strong> experiencia cooperativa similar, pionera, innovadora e ilusionante es la que quiere poner en marcha el Ayuntamiento de Salobre\u00f1<\/strong>a. <strong>El Pleno aprob\u00f3 esta iniciativa que honra a la Corporaci\u00f3n: crear unas viviendas colaborativas para jubilados que est\u00e9n empadronados en el municipio, con objeto de que los residentes puedan vivir de manera independiente, en un entorno adaptado a sus necesidades y con los servicios asistenciales necesarios. Ser\u00e1n 79 alojamientos, ubicados en la playa, con capacidad para 200 personas, con una inversi\u00f3n de seis millones.<\/strong><\/p>\n\n\n\n<p>Seg\u00fan el alcalde, Javier Ortega, esta iniciativa responde a una necesidad existente en el municipio: \u00abAl haber una poblaci\u00f3n mayor que precisa ser atendida, porque est\u00e1n residiendo en viviendas no adaptadas, o en zonas poco accesibles para personas con movilidad reducida\u00bb. Los vecinos gestionar\u00e1n el uso y disfrute de las instalaciones y servicios a trav\u00e9s de una cooperativa. <em><strong>El modelo pretende ser asequible a todos los vecinos, pues, con una cuota mensual de 700 euros (bastante m\u00e1s econ\u00f3mico que cualquier residencia), tendr\u00edan cubiertos todos los servicios necesarios: lavander\u00eda, limpieza, alimentaci\u00f3n, fisioterapia, enfermer\u00eda, podolog\u00eda, servicios deportivos y actividades culturales<\/strong><\/em>. Muchos de estos servicios se abrir\u00e1n tambi\u00e9n a la comunidad local. En la provincia de Granada, este modelo es pionero, aunque en otros lugares de Espa\u00f1a empiezan a surgir como una demanda necesaria de los mayores.<\/p>\n\n\n\n<p>Los que m\u00e1s merecen nuestro respeto son los mayores. Ellos construyeron una transici\u00f3n pac\u00edfica hacia la democracia; soportaron privaciones y carencias, para que sus hijos prosperaran; han colaborado al sostenimiento familiar, con sus pensiones&#8230; El no atenderlos con la dignidad que merecen ser\u00eda una ingratitud. Don Quijote dec\u00eda: \u00abDe gente bien nacida es agradecer los beneficios que reciben, y uno de los pecados que a Dios m\u00e1s ofende es la ingratitud\u00bb (I,22). En otra ocasi\u00f3n, le dijo a Sancho: \u00abMu\u00e9strate agradecido, que la ingratitud es hija de la soberbia y uno de los mayores pecados que se sabe\u2026\u00bb (II,51).<\/p>\n\n\n\n<p>FOTO: Proyecto Arabarren, en Vitoria Gasteiz.<\/p>\n\n\n\n<p><a href=\"https:\/\/www.ideal.es\/opinion\/juan-santaella-salobrena-reconoce-mayores-20241128230114-nt.html\">https:\/\/www.ideal.es\/opinion\/juan-santaella-salobrena-reconoce-mayores-20241128230114-nt.html<\/a><\/p>\n","protected":false},"excerpt":{"rendered":"<p>El no atender a nuestros mayores, con la dignidad que merecen, es una ingratitud Los&#8230;<\/p>\n","protected":false},"author":1,"featured_media":73064,"comment_status":"closed","ping_status":"closed","sticky":false,"template":"","format":"standard","meta":{"_coblocks_attr":"","_coblocks_dimensions":"","_coblocks_responsive_height":"","_coblocks_accordion_ie_support":"","jetpack_post_was_ever_published":false,"_jetpack_newsletter_access":"","_jetpack_dont_email_post_to_subs":true,"_jetpack_newsletter_tier_id":0,"_jetpack_memberships_contains_paywalled_content":false,"_jetpack_memberships_contains_paid_content":false,"footnotes":"","jetpack_publicize_message":"","jetpack_publicize_feature_enabled":true,"jetpack_social_post_already_shared":true,"jetpack_social_options":{"image_generator_settings":{"template":"highway","enabled":false},"version":2}},"categories":[1161,44,6937],"tags":[],"class_list":["post-73063","post","type-post","status-publish","format-standard","has-post-thumbnail","hentry","category-ciudadania","category-noticias-de-hoy","category-sociedad"],"jetpack_publicize_connections":[],"jetpack_featured_media_url":"https:\/\/i0.wp.com\/miradordeatarfe.es\/wp-content\/uploads\/2024\/11\/22f2c959-5411-4bac-b1b9-9b8a05693db7_16-9-discover-aspect-ratio_default_0.jpg?fit=1200%2C675&ssl=1","jetpack_likes_enabled":true,"jetpack_sharing_enabled":true,"_links":{"self":[{"href":"https:\/\/miradordeatarfe.es\/index.php?rest_route=\/wp\/v2\/posts\/73063","targetHints":{"allow":["GET"]}}],"collection":[{"href":"https:\/\/miradordeatarfe.es\/index.php?rest_route=\/wp\/v2\/posts"}],"about":[{"href":"https:\/\/miradordeatarfe.es\/index.php?rest_route=\/wp\/v2\/types\/post"}],"author":[{"embeddable":true,"href":"https:\/\/miradordeatarfe.es\/index.php?rest_route=\/wp\/v2\/users\/1"}],"replies":[{"embeddable":true,"href":"https:\/\/miradordeatarfe.es\/index.php?rest_route=%2Fwp%2Fv2%2Fcomments&post=73063"}],"version-history":[{"count":1,"href":"https:\/\/miradordeatarfe.es\/index.php?rest_route=\/wp\/v2\/posts\/73063\/revisions"}],"predecessor-version":[{"id":73065,"href":"https:\/\/miradordeatarfe.es\/index.php?rest_route=\/wp\/v2\/posts\/73063\/revisions\/73065"}],"wp:featuredmedia":[{"embeddable":true,"href":"https:\/\/miradordeatarfe.es\/index.php?rest_route=\/wp\/v2\/media\/73064"}],"wp:attachment":[{"href":"https:\/\/miradordeatarfe.es\/index.php?rest_route=%2Fwp%2Fv2%2Fmedia&parent=73063"}],"wp:term":[{"taxonomy":"category","embeddable":true,"href":"https:\/\/miradordeatarfe.es\/index.php?rest_route=%2Fwp%2Fv2%2Fcategories&post=73063"},{"taxonomy":"post_tag","embeddable":true,"href":"https:\/\/miradordeatarfe.es\/index.php?rest_route=%2Fwp%2Fv2%2Ftags&post=73063"}],"curies":[{"name":"wp","href":"https:\/\/api.w.org\/{rel}","templated":true}]}}