{"id":73081,"date":"2024-11-30T11:28:00","date_gmt":"2024-11-30T10:28:00","guid":{"rendered":"https:\/\/miradordeatarfe.es\/?p=73081"},"modified":"2024-11-29T23:18:55","modified_gmt":"2024-11-29T22:18:55","slug":"un-dia-historico-en-atarfe-las-ninas-y-ninos-alzan-su-voz-en-el-pleno-municipal","status":"publish","type":"post","link":"https:\/\/miradordeatarfe.es\/?p=73081","title":{"rendered":"Un d\u00eda hist\u00f3rico en Atarfe: \u00abLas ni\u00f1as y ni\u00f1os alzan su voz en el pleno municipal\u00bb"},"content":{"rendered":"\n<p class=\"has-medium-font-size\"><strong>Este jueves, 28 de noviembre, el Ayuntamiento de Atarfe vivi\u00f3 un momento sin precedentes: los nuevos consejeros y consejeras infantiles tomaron posesi\u00f3n de sus cargos, marcando el inicio de una etapa en la que la voz de los m\u00e1s j\u00f3venes se convierte en parte activa de las decisiones municipales.<\/strong><\/p>\n\n\n\n<p class=\"has-medium-font-size\">Antes de ese acto el Pleno del Ayuntamiento <strong>aprob\u00f3 la adhesi\u00f3n de Atarfe al proyecto de la Ciudad de las Ni\u00f1as y los Ni\u00f1os de Francesco Tonucci<\/strong>. Dicha adhesi\u00f3n fue ratificado con 15 votos a favor (PSOE, PP e <em>Izquierrda Unida<\/em>) y con dos abstenciones (Vox)<\/p>\n\n\n\n<p>El Consejo Infantil de las Ni\u00f1as y los Ni\u00f1os de Atarfe es una iniciativa inspirada en el proyecto internacional<strong> \u201cLa Ciudad de las Ni\u00f1as y los Ni\u00f1os\u201d de Francesco Tonucci.<\/strong> Este consejo no busca formar peque\u00f1os adultos, sino empoderar a los ni\u00f1os para que vivan su ciudadan\u00eda desde una perspectiva \u00fanica y transformadora. Su prop\u00f3sito es defender tres pilares esenciales:<\/p>\n\n\n\n<ol class=\"wp-block-list\">\n<li><strong>La participaci\u00f3n infantil <\/strong>(Art\u00edculo 12 de la Convenci\u00f3n sobre los Derechos del Ni\u00f1o CDN): Reconoce el derecho de los ni\u00f1os y ni\u00f1as a expresar libremente su opini\u00f3n en todos los asuntos que les afectan y a que estas opiniones sean tenidas en cuenta, en funci\u00f3n de su edad y madurez.<\/li>\n\n\n\n<li><strong>La autonom\u00eda en los espacios p\u00fablicos <\/strong>(Art\u00edculo 15 de la CDN): Respalda el derecho de los ni\u00f1os a reunirse y asociarse pac\u00edficamente, fomentando su libertad de movimiento y acci\u00f3n en un entorno seguro.<\/li>\n\n\n\n<li><strong>El derecho al juego<\/strong> (Art\u00edculo 31 de la CDN): Garantiza el derecho de los ni\u00f1os al descanso, al juego y a disfrutar de actividades recreativas adecuadas a su edad.<\/li>\n<\/ol>\n\n\n\n<figure class=\"wp-block-image size-full\"><img data-recalc-dims=\"1\" loading=\"lazy\" decoding=\"async\" width=\"640\" height=\"274\" src=\"https:\/\/i0.wp.com\/miradordeatarfe.es\/wp-content\/uploads\/2024\/11\/Screenshot-2024-11-29-at-23-03-44-PLENO-ORDINARIO-MUNICIPAL-28-NOVIEMBRE-2024-YouTube.png?resize=640%2C274&#038;ssl=1\" alt=\"\" class=\"wp-image-73084\" srcset=\"https:\/\/i0.wp.com\/miradordeatarfe.es\/wp-content\/uploads\/2024\/11\/Screenshot-2024-11-29-at-23-03-44-PLENO-ORDINARIO-MUNICIPAL-28-NOVIEMBRE-2024-YouTube.png?w=983&amp;ssl=1 983w, https:\/\/i0.wp.com\/miradordeatarfe.es\/wp-content\/uploads\/2024\/11\/Screenshot-2024-11-29-at-23-03-44-PLENO-ORDINARIO-MUNICIPAL-28-NOVIEMBRE-2024-YouTube.png?resize=300%2C128&amp;ssl=1 300w, https:\/\/i0.wp.com\/miradordeatarfe.es\/wp-content\/uploads\/2024\/11\/Screenshot-2024-11-29-at-23-03-44-PLENO-ORDINARIO-MUNICIPAL-28-NOVIEMBRE-2024-YouTube.png?resize=768%2C329&amp;ssl=1 768w\" sizes=\"auto, (max-width: 640px) 100vw, 640px\" \/><\/figure>\n\n\n\n<p><strong>Un paso simb\u00f3lico y real hacia el futuro<\/strong><\/p>\n\n\n\n<p>El acto de toma de posesi\u00f3n fue emotivo y simb\u00f3lico: los concejales y concejalas municipales cedieron sus asientos a los consejeros infantiles, reflejando un compromiso genuino por construir un Atarfe m\u00e1s inclusivo. Con esta acci\u00f3n, el consistorio se posiciona como un referente en el respeto a los derechos de la infancia, siguiendo el esp\u00edritu de la Convenci\u00f3n sobre los Derechos del Ni\u00f1o.<br \/>Agradecimientos y visi\u00f3n de futuro<br \/>Queremos agradecer a la corporaci\u00f3n municipal, liderada por la alcaldesa Yolanda Fern\u00e1ndez, por su apoyo y visi\u00f3n al impulsar este proyecto.<\/p>\n\n\n\n<figure class=\"wp-block-image size-full\"><img data-recalc-dims=\"1\" loading=\"lazy\" decoding=\"async\" width=\"640\" height=\"295\" src=\"https:\/\/i0.wp.com\/miradordeatarfe.es\/wp-content\/uploads\/2024\/11\/Screenshot-2024-11-29-at-23-03-19-PLENO-ORDINARIO-MUNICIPAL-28-NOVIEMBRE-2024-YouTube.png?resize=640%2C295&#038;ssl=1\" alt=\"\" class=\"wp-image-73086\" srcset=\"https:\/\/i0.wp.com\/miradordeatarfe.es\/wp-content\/uploads\/2024\/11\/Screenshot-2024-11-29-at-23-03-19-PLENO-ORDINARIO-MUNICIPAL-28-NOVIEMBRE-2024-YouTube.png?w=1003&amp;ssl=1 1003w, https:\/\/i0.wp.com\/miradordeatarfe.es\/wp-content\/uploads\/2024\/11\/Screenshot-2024-11-29-at-23-03-19-PLENO-ORDINARIO-MUNICIPAL-28-NOVIEMBRE-2024-YouTube.png?resize=300%2C138&amp;ssl=1 300w, https:\/\/i0.wp.com\/miradordeatarfe.es\/wp-content\/uploads\/2024\/11\/Screenshot-2024-11-29-at-23-03-19-PLENO-ORDINARIO-MUNICIPAL-28-NOVIEMBRE-2024-YouTube.png?resize=768%2C354&amp;ssl=1 768w\" sizes=\"auto, (max-width: 640px) 100vw, 640px\" \/><\/figure>\n\n\n\n<p>Este consejo infantil no es una herramienta de control ni de formaci\u00f3n convencional, sino un espacio donde la frescura y la sinceridad de la infancia guiar\u00e1n hacia decisiones m\u00e1s humanas y emp\u00e1ticas. Los ni\u00f1os, desde sus propias experiencias, tienen mucho que aportar, y este consejo es una oportunidad para escucharlos y aprender de ellos.<br \/>Con esta toma de posesi\u00f3n, Atarfe comienza a construir un futuro donde las decisiones se toman con la altura justa: la de los ojos de un ni\u00f1o. Francisco Jos\u00e9 Jim\u00e9nez Molina, responsable del proyecto la \u201cCiudad de las Ni\u00f1as y los Ni\u00f1os de Atarfe\u201d.<\/p>\n\n\n\n<p>VIDEO  DEL MOMENTO VIVIDO POR LOS CONSEJEROS INFANTILES: <\/p>\n\n\n\n<p class=\"has-large-font-size\"><a href=\"https:\/\/youtu.be\/6bSVnp9I-J4?feature=shared\"><strong>https:\/\/youtu.be\/6bSVnp9I-J4?feature=shared<\/strong><\/a><\/p>\n\n\n\n<p>AUTOR: FRANCISCO JIM\u00c9NEZ<\/p>\n\n\n\n\n","protected":false},"excerpt":{"rendered":"<p>Este jueves, 28 de noviembre, el Ayuntamiento de Atarfe vivi\u00f3 un momento sin precedentes: los&#8230;<\/p>\n","protected":false},"author":1,"featured_media":73082,"comment_status":"closed","ping_status":"closed","sticky":false,"template":"","format":"standard","meta":{"_coblocks_attr":"","_coblocks_dimensions":"","_coblocks_responsive_height":"","_coblocks_accordion_ie_support":"","jetpack_post_was_ever_published":false,"_jetpack_newsletter_access":"","_jetpack_dont_email_post_to_subs":true,"_jetpack_newsletter_tier_id":0,"_jetpack_memberships_contains_paywalled_content":false,"_jetpack_memberships_contains_paid_content":false,"footnotes":"","jetpack_publicize_message":"","jetpack_publicize_feature_enabled":true,"jetpack_social_post_already_shared":true,"jetpack_social_options":{"image_generator_settings":{"template":"highway","enabled":false},"version":2}},"categories":[187,186,44,1],"tags":[],"class_list":["post-73081","post","type-post","status-publish","format-standard","has-post-thumbnail","hentry","category-centros-educativos","category-instituciones","category-noticias-de-hoy","category-uncategorized"],"jetpack_publicize_connections":[],"jetpack_featured_media_url":"https:\/\/i0.wp.com\/miradordeatarfe.es\/wp-content\/uploads\/2024\/11\/Imagen-de-WhatsApp-2024-11-29-a-las-17.42.42_9e072040.jpg?fit=1280%2C960&ssl=1","jetpack_likes_enabled":true,"jetpack_sharing_enabled":true,"_links":{"self":[{"href":"https:\/\/miradordeatarfe.es\/index.php?rest_route=\/wp\/v2\/posts\/73081","targetHints":{"allow":["GET"]}}],"collection":[{"href":"https:\/\/miradordeatarfe.es\/index.php?rest_route=\/wp\/v2\/posts"}],"about":[{"href":"https:\/\/miradordeatarfe.es\/index.php?rest_route=\/wp\/v2\/types\/post"}],"author":[{"embeddable":true,"href":"https:\/\/miradordeatarfe.es\/index.php?rest_route=\/wp\/v2\/users\/1"}],"replies":[{"embeddable":true,"href":"https:\/\/miradordeatarfe.es\/index.php?rest_route=%2Fwp%2Fv2%2Fcomments&post=73081"}],"version-history":[{"count":3,"href":"https:\/\/miradordeatarfe.es\/index.php?rest_route=\/wp\/v2\/posts\/73081\/revisions"}],"predecessor-version":[{"id":73092,"href":"https:\/\/miradordeatarfe.es\/index.php?rest_route=\/wp\/v2\/posts\/73081\/revisions\/73092"}],"wp:featuredmedia":[{"embeddable":true,"href":"https:\/\/miradordeatarfe.es\/index.php?rest_route=\/wp\/v2\/media\/73082"}],"wp:attachment":[{"href":"https:\/\/miradordeatarfe.es\/index.php?rest_route=%2Fwp%2Fv2%2Fmedia&parent=73081"}],"wp:term":[{"taxonomy":"category","embeddable":true,"href":"https:\/\/miradordeatarfe.es\/index.php?rest_route=%2Fwp%2Fv2%2Fcategories&post=73081"},{"taxonomy":"post_tag","embeddable":true,"href":"https:\/\/miradordeatarfe.es\/index.php?rest_route=%2Fwp%2Fv2%2Ftags&post=73081"}],"curies":[{"name":"wp","href":"https:\/\/api.w.org\/{rel}","templated":true}]}}