{"id":73098,"date":"2024-12-02T11:22:00","date_gmt":"2024-12-02T10:22:00","guid":{"rendered":"https:\/\/miradordeatarfe.es\/?p=73098"},"modified":"2025-10-16T10:01:22","modified_gmt":"2025-10-16T08:01:22","slug":"demasiado-ruido-por-remedios-sanchez","status":"publish","type":"post","link":"https:\/\/miradordeatarfe.es\/?p=73098","title":{"rendered":"\u00abDEMASIADO RUIDO\u00bb por \u00abRemedios S\u00e1nchez"},"content":{"rendered":"\n<p class=\"has-medium-font-size\"><strong>Llega diciembre y la vida se acelera porque aqu\u00ed todo el mundo conf\u00eda en que con el fin de a\u00f1o, \u00a0van a acabarse sus problemas. Particularmente una parte de la clase pol\u00edtica, que quiere acabar con los \u00a0rivales y con los compa\u00f1eros de partido (l\u00e9ase enemigos) simult\u00e1neamente antes de comerse los turrones.<\/strong> <\/p>\n\n\n\n<p>Lo cual que estas \u00faltimas semanas estamos asistiendo en este circo de tres pistas a una desmedida algarab\u00eda de noticias lamentables superpuestas unas a otras vertiginosamente, sin posibilidad de asimilarlas ni de distinguir la verdad de las manipulaciones. La ri\u00f1a, la perenne confrontaci\u00f3n, se ha aposentado en los despachos enmoquetados adonde va a ser dif\u00edcil que llegue el esp\u00edritu navide\u00f1o. <\/p>\n\n\n\n<p>La tensi\u00f3n semanal en el Congreso de los Diputados o en el Senado nos da la dimensi\u00f3n del problema: se ha perdido la capacidad de di\u00e1logo, de negociaci\u00f3n, y aqu\u00ed andan muchos con la albacete\u00f1a preparada para pegarle un tajo al primero que se le acerque, aunque sea con car\u00e1cter preventivo. En esta guerra de todos contra todos, de reyertas fratricidas, de ausencia de sentido de Estado, da igual que el afectado pertenezca al partido rival o al propio. <\/p>\n\n\n\n<p>Valgan como \u00a0muestras lo que ha pasado con el affaire Lobato -tan peregrinamente surrealista- o con Ribera, cuyo nombramiento como Vicepresidenta europea intent\u00f3 bloquear el n\u00facleo duro del PP de N\u00fa\u00f1ez Feij\u00f3o a\u00fan sabiendo que supon\u00eda darle una patada en la espinilla a Espa\u00f1a y a su propia ideolog\u00eda en beneficio de los ultras. \u00a0Por eso, evidentemente, los populares europeos no lo han permitido y dejan a los pies de los caballos al l\u00edder pepero y a quienes han votado su consigna en Bruselas. \u00a0La estrategia es tan burda que, a la par que da ox\u00edgeno a S\u00e1nchez, evidencia a\u00fan m\u00e1s las responsabilidades que el valenciano Maz\u00f3n, con su incapacidad manifiesta, no ha sabido afrontar. Ni, al principio, cuando se podr\u00edan haber salvado vidas tomando decisiones a tiempo; ni, despu\u00e9s, eligiendo las empresas de la reconstrucci\u00f3n, porque a nadie medianamente centrado se le hubiera pasado por el mag\u00edn escoger a entidades condenadas por corrupci\u00f3n en causas ya conocidas como Taula o G\u00fcrtel. <\/p>\n\n\n\n<p>El president ha cre\u00eddo que poniendo un militar en su equipo remozado estaba todo hecho; y no funciona la cosa as\u00ed, ni esto desdibuja que haya aprovechado un momento de desdicha para eliminar el l\u00edmite salarial de los sueldos con la excusa de \u201ccaptar talento\u201d en tiempos de crisis. Si la respuesta a la ineptitud sist\u00e9mica es subir el sueldo a quien cumpla con su obligaci\u00f3n, lo primero ser\u00eda, digo yo, despedir a la multitud de saltabalates que pululan fantasmag\u00f3ricamente por todas las administraciones. Resumiendo, que sobran palmeros y falta gente tom\u00e1ndose en serio eso de servir al ciudadano, de trabajar eficaz y lealmente por el bien com\u00fan. \u00a0Y de fondo de tantas actuaciones sin sentido, este ruido medi\u00e1tico atronador que impide serenarse y entender \u00a0la gravedad del momento que vivimos, la realidad compleja de la confusa divisi\u00f3n de poderes actual. Esto tan angustioso para la gente se ha normalizado con unos mandamases atrabiliarios a los que les falta prudencia, modales para relacionarse y serenidad de \u00e1nimo para dise\u00f1ar medidas y pol\u00edticas que trasciendan sus intereses particulares de eternizarse en los cargos. Son tan torpes que creen que el tacticismo y la malicia pueden salvaguardarlos de que percibamos que su pecado capital es la soberbia.<\/p>\n\n\n\n<p><a href=\"https:\/\/www.rtve.es\/noticias\/20240424\/ia-contra-ruido-cinco-soluciones-inteligentes-futuro-silencioso\/16073096.shtml\">https:\/\/www.rtve.es\/noticias\/20240424\/ia-contra-ruido-cinco-soluciones-inteligentes-futuro-silencioso\/16073096.shtml<\/a><\/p>\n","protected":false},"excerpt":{"rendered":"<p>Llega diciembre y la vida se acelera porque aqu\u00ed todo el mundo conf\u00eda en que&#8230;<\/p>\n","protected":false},"author":1,"featured_media":73099,"comment_status":"closed","ping_status":"closed","sticky":false,"template":"","format":"standard","meta":{"_coblocks_attr":"","_coblocks_dimensions":"","_coblocks_responsive_height":"","_coblocks_accordion_ie_support":"","jetpack_post_was_ever_published":false,"_jetpack_newsletter_access":"","_jetpack_dont_email_post_to_subs":true,"_jetpack_newsletter_tier_id":0,"_jetpack_memberships_contains_paywalled_content":false,"_jetpack_memberships_contains_paid_content":false,"footnotes":"","jetpack_publicize_message":"","jetpack_publicize_feature_enabled":true,"jetpack_social_post_already_shared":true,"jetpack_social_options":{"image_generator_settings":{"template":"highway","enabled":false},"version":2}},"categories":[1161,44,7671,6914],"tags":[],"class_list":["post-73098","post","type-post","status-publish","format-standard","has-post-thumbnail","hentry","category-ciudadania","category-noticias-de-hoy","category-politica","category-opinion-de-reme-sanchez"],"jetpack_publicize_connections":[],"jetpack_featured_media_url":"https:\/\/i0.wp.com\/miradordeatarfe.es\/wp-content\/uploads\/2024\/12\/01713952379675.jpg?fit=2015%2C1133&ssl=1","jetpack_likes_enabled":true,"jetpack_sharing_enabled":true,"_links":{"self":[{"href":"https:\/\/miradordeatarfe.es\/index.php?rest_route=\/wp\/v2\/posts\/73098","targetHints":{"allow":["GET"]}}],"collection":[{"href":"https:\/\/miradordeatarfe.es\/index.php?rest_route=\/wp\/v2\/posts"}],"about":[{"href":"https:\/\/miradordeatarfe.es\/index.php?rest_route=\/wp\/v2\/types\/post"}],"author":[{"embeddable":true,"href":"https:\/\/miradordeatarfe.es\/index.php?rest_route=\/wp\/v2\/users\/1"}],"replies":[{"embeddable":true,"href":"https:\/\/miradordeatarfe.es\/index.php?rest_route=%2Fwp%2Fv2%2Fcomments&post=73098"}],"version-history":[{"count":1,"href":"https:\/\/miradordeatarfe.es\/index.php?rest_route=\/wp\/v2\/posts\/73098\/revisions"}],"predecessor-version":[{"id":73100,"href":"https:\/\/miradordeatarfe.es\/index.php?rest_route=\/wp\/v2\/posts\/73098\/revisions\/73100"}],"wp:featuredmedia":[{"embeddable":true,"href":"https:\/\/miradordeatarfe.es\/index.php?rest_route=\/wp\/v2\/media\/73099"}],"wp:attachment":[{"href":"https:\/\/miradordeatarfe.es\/index.php?rest_route=%2Fwp%2Fv2%2Fmedia&parent=73098"}],"wp:term":[{"taxonomy":"category","embeddable":true,"href":"https:\/\/miradordeatarfe.es\/index.php?rest_route=%2Fwp%2Fv2%2Fcategories&post=73098"},{"taxonomy":"post_tag","embeddable":true,"href":"https:\/\/miradordeatarfe.es\/index.php?rest_route=%2Fwp%2Fv2%2Ftags&post=73098"}],"curies":[{"name":"wp","href":"https:\/\/api.w.org\/{rel}","templated":true}]}}