{"id":73101,"date":"2024-12-02T09:02:00","date_gmt":"2024-12-02T08:02:00","guid":{"rendered":"https:\/\/miradordeatarfe.es\/?p=73101"},"modified":"2024-12-01T20:24:08","modified_gmt":"2024-12-01T19:24:08","slug":"dia-mundial-del-sida-los-bulos-que-contribuyen-a-seguir-estigmatizando-la-enfermedad","status":"publish","type":"post","link":"https:\/\/miradordeatarfe.es\/?p=73101","title":{"rendered":"D\u00eda Mundial del Sida: los bulos que contribuyen a seguir estigmatizando la enfermedad"},"content":{"rendered":"\n<p>En Espa\u00f1a se han notificado m\u00e1s de 3.000 nuevos diagn\u00f3sticos de VIH en 2023. Una cifra que, seg\u00fan los datos de vigilancia epidemiol\u00f3gica del VIH y sida del Ministerio de Sanidad, se eleva a <a href=\"https:\/\/cne.isciii.es\/documents\/d\/cne\/informe-vih_sida_2023_nov-2024#page=10\" target=\"_blank\" rel=\"noreferrer noopener\">71.424<\/a> desde el a\u00f1o 2003. Pese a los avances m\u00e9dicos que han logrado que la esperanza de vida de los enfermos con tratamiento&nbsp;se acerque a&nbsp;la de las personas que no la tienen, <strong>el sida sigue lastrado por el estigma social<\/strong>. Los mitos extendidos cuando se detectaron los primeros casos siguen presentes en la actualidad en las redes sociales con bulos que niegan la existencia del virus y desinforman sobre su contagio y sobre qui\u00e9nes pueden contraerlo. Con motivo del <a href=\"https:\/\/www.unaids.org\/es\/World_AIDS_Day\" target=\"_blank\" rel=\"noreferrer noopener\">D\u00eda Mundial del Sida<\/a>, que se celebra cada 1 de diciembre, en VerificaRTVE te explicamos con la ayuda de expertos <strong>c\u00f3mo estas falsedades dificultan la detecci\u00f3n precoz del virus y fomentan el estigma y la discriminaci\u00f3n<\/strong> hacia las personas que lo tienen.&nbsp;&nbsp;<\/p>\n\n\n\n<h2 class=\"wp-block-heading\">Bulos que influyen en la percepci\u00f3n de riesgo sobre el VIH&nbsp;&nbsp;<\/h2>\n\n\n\n<p>Una de las creencias m\u00e1s extendidas es el <strong>bulo que asegura que el VIH solo afecta a ciertas poblaciones. <\/strong>El presidente de la Sociedad Espa\u00f1ola Interdisciplinaria del Sida (<a href=\"https:\/\/www.seisida.net\/\" target=\"_blank\" rel=\"noreferrer noopener\">SEISIDA<\/a>), Pablo Ryan, explica a VerificaRTVE que el <a href=\"https:\/\/medlineplus.gov\/spanish\/hiv.html#:~:text=%C2%BFQu%C3%A9%20es%20el%20VIH%3F,tener%20otras%20infecciones%20y%20enfermedades.\" target=\"_blank\" rel=\"noreferrer noopener\">virus de inmunodeficiencia humana<\/a> \u00abse suele asociar a determinados grupos de personas como por ejemplo homosexuales, usuarios de drogas o trabajadores sexuales\u00bb y aclara que \u00abesto no es as\u00ed\u00bb. Afirma que <strong>\u00abel virus puede afectar a cualquier persona<\/strong>\u00ab. En la misma l\u00ednea se manifiestan Darwin Zerpa y H\u00e9ctor Asensio de la asociaci\u00f3n <a href=\"https:\/\/www.omsida.org\/\" target=\"_blank\" rel=\"noreferrer noopener\">OMSIDA<\/a>: <strong>\u00abCualquier persona, independientemente de su orientaci\u00f3n sexual, g\u00e9nero o edad puede contraer el VIH si se expone<\/strong>\u00ab. Los sex\u00f3logos y psic\u00f3logos de la <a href=\"http:\/\/www.iniciativasexologica.com\" target=\"_blank\" rel=\"noreferrer noopener\">organizaci\u00f3n INSEX<\/a>, Inma Mart\u00ednez y Nacho L\u00f3pez, tambi\u00e9n son tajantes: <strong>\u00abNo existen grupos de riesgo, sino pr\u00e1cticas de riesgo<\/strong>\u00ab. Sobre esta idea, L\u00f3pez se\u00f1ala que en Estados Unidos durante los a\u00f1os 80 al sida (<a href=\"https:\/\/medlineplus.gov\/spanish\/hiv.html#:~:text=Es%20la%20etapa%20final%20de%20la%20infecci%C3%B3n%20por%20VIH\" target=\"_blank\" rel=\"noreferrer noopener\">fase m\u00e1s avanzada de la infecci\u00f3n por VIH<\/a>) \u00abse le calific\u00f3 como el c\u00e1ncer gay porque entend\u00edan que era exclusivo de la poblaci\u00f3n homosexual\u00bb. Afirma que \u00abaunque se desminti\u00f3, en el imaginario colectivo sigue siendo igual\u00bb. Por esta raz\u00f3n, ambos sex\u00f3logos sostienen que \u00abno hemos terminado de limpiar esa imagen que tiene que ver con la exclusi\u00f3n social, con el consumo de drogas inyectadas, con la prostituci\u00f3n y con los hombres gais, sobre todo\u00bb.&nbsp;&nbsp;<\/p>\n\n\n\n<p><strong>Otro bulo frecuente es el que afirma que el VIH se transmite por contacto casual. <\/strong>\u00abEl VIH no se transmite al dar la mano, abrazar, compartir utensilios, usar ba\u00f1os p\u00fablicos, por la saliva, l\u00e1grimas o sudor\u00bb, aclaran Darwin Zerpa y H\u00e9ctor Asensio de OMSIDA. As\u00ed lo explican tambi\u00e9n la <a href=\"https:\/\/www.who.int\/es\/news-room\/fact-sheets\/detail\/hiv-aids#:~:text=Se%20transmite%20a%20trav%C3%A9s%20de%20los%20l%C3%ADquidos%20corporales%20de%20las%20personas%20infectadas%2C%20como%20sangre%2C%20leche%20materna%2C%20semen%20y%20secreciones%20vaginales.%20No%20se%20transmite%20por%20besos%20o%20abrazos%20ni%20por%20compartir%20alimentos.%20Tambi%C3%A9n%20puede%20transmitirse%20de%20madre%20a%20hijo%20durante%20el%20embarazo%20y%20el%20parto.\" target=\"_blank\" rel=\"noreferrer noopener\">Organizaci\u00f3n Mundial de la Salud<\/a> y el <a href=\"https:\/\/www.sanidad.gob.es\/ciudadanos\/enfLesiones\/enfTransmisibles\/sida\/queesSidaVih.htm#:~:text=%C2%BF-,C%C3%93MO%20NO%20SE%20TRANSMITE%20EL%20VIH%3F,-El%20VIH%20no\" target=\"_blank\" rel=\"noreferrer noopener\">Ministerio de Sanidad<\/a> en sus p\u00e1ginas web. El organismo internacional indica que <a href=\"https:\/\/www.who.int\/es\/news-room\/fact-sheets\/detail\/hiv-aids#:~:text=Se%20transmite%20a%20trav%C3%A9s%20de%20los%20l%C3%ADquidos%20corporales%20de%20las%20personas%20infectadas%2C%20como%20sangre%2C%20leche%20materna%2C%20semen%20y%20secreciones%20vaginales.%20No%20se%20transmite%20por%20besos%20o%20abrazos%20ni%20por%20compartir%20alimentos.%20Tambi%C3%A9n%20puede%20transmitirse%20de%20madre%20a%20hijo%20durante%20el%20embarazo%20y%20el%20parto.\" target=\"_blank\" rel=\"noreferrer noopener\">la transmisi\u00f3n se produce \u00aba trav\u00e9s de los l\u00edquidos corporales de las personas infectadas<\/a> como sangre, leche materna, semen y secreciones vaginales\u00bb.&nbsp;<\/p>\n\n\n\n<p>El presidente de SEISIDA, Pablo Ryan, se\u00f1ala que <strong>\u00abotro bulo recurrente es pensar que si se tiene una relaci\u00f3n sexual con una persona que tiene VIH siempre va a haber una transmisi\u00f3n<\/strong>\u00ab. Este experto sostiene que \u00abuna persona que vive con el VIH, que est\u00e1 tomando su tratamiento antirretroviral y que est\u00e1 indetectable no transmite el virus\u00bb. En este sentido, Ryan subraya que <strong>\u00abes muy importante trasladar la idea de que indetectable es igual a intransmisible<\/strong>\u00ab. En esta idea coincide Reyes Velayos, presidenta de la Coordinadora estatal de VIH y SIDA (<a href=\"https:\/\/cesida.org\/\" target=\"_blank\" rel=\"noreferrer noopener\">CESIDA<\/a>): \u00abLos tratamientos antirretrovirales permiten a las personas con VIH llevar una vida sana, larga y saludable ya que pueden reducir la carga viral a niveles indetectables\u00bb. &nbsp;<\/p>\n\n\n\n<p>Sobre los tratamientos, Velayos indica que <strong>otro mito es el que asegura que el VIH se puede curar con remedios naturales o con homeopat\u00eda. <\/strong>Explica que \u00abno existe evidencia cient\u00edfica que respalde estas afirmaciones\u00bb y que <strong>\u00abel tratamiento antirretroviral es la \u00fanica forma efectiva de manejar y controlar la infecci\u00f3n<\/strong>\u00ab.&nbsp; Desde OMSIDA recuerdan que, hasta la fecha, \u00abel VIH no tiene cura y su tratamiento es de por vida para mantener la infecci\u00f3n bajo control.\u00bb&nbsp;<\/p>\n\n\n\n<h2 class=\"wp-block-heading\">Detecci\u00f3n tard\u00eda y estigmatizaci\u00f3n: los principales peligros de estos bulos&nbsp;<\/h2>\n\n\n\n<p>Los expertos consultados coinciden en que <strong>los bulos asociados al VIH influyen de manera directa en su detecci\u00f3n precoz y en el estigma de quienes lo padecen.<\/strong> La presidenta de CESIDA, Reyes Velayos, sostiene que <strong>\u00abel negacionismo del VIH ha provocado muchas muertes de personas que abandonaron la medicaci\u00f3n por creer el bulo de que el VIH no exist\u00eda\u00bb. <\/strong>Darwin Zerpa y H\u00e9ctor Asensio (OMSIDA) aseguran que estas falsedades que circulan en Internet \u00abdificultan la prevenci\u00f3n porque desinforman sobre c\u00f3mo protegerse del VIH\u00bb lo que \u00abpuede aumentar las pr\u00e1cticas de riesgo\u00bb. En consecuencia, subrayan que estas falsas creencias <strong>\u00abpueden retrasar el diagn\u00f3stico, incrementando el riesgo de complicaciones<\/strong>\u00ab. Adem\u00e1s, estos expertos alertan de que \u00ablas falsas curas y las teor\u00edas conspirativas\u00bb sobre el VIH \u00abpueden suponer un peligro para la salud de las personas\u00bb. En la misma l\u00ednea se manifiestan los psic\u00f3logos Inma Mart\u00ednez y Nacho L\u00f3pez: \u00ab<strong>Si yo creo que esto no me pasa a m\u00ed, tambi\u00e9n es m\u00e1s dif\u00edcil de detectar<\/strong>\u00ab. La presidenta de CESIDA, Reyes Velayos, coincide en esta idea: \u00abSi una persona no se hace la prueba por creer que el VIH solo afecta a ciertas poblaciones y est\u00e1 en contacto con el virus puede darse un diagn\u00f3stico tard\u00edo, con lo cual su salud puede estar en peligro\u00bb.&nbsp;<\/p>\n\n\n\n<p><a href=\"https:\/\/www.rtve.es\/play\/videos\/programa\/entrevista-pablo-ryan-presidente-seisida\/16353017\/\"><\/a><\/p>\n\n\n\n<p><strong>Pero las consecuencias de estos bulos van m\u00e1s all\u00e1.<\/strong> As\u00ed lo exponen los expertos de OMSIDA:<strong> \u00abEstos mitos alimentan sentimientos de culpa, verg\u00fcenza y miedo<\/strong>, agravando la salud mental de las personas con VIH\u00bb. Tambi\u00e9n sostienen que \u00abfomenta el estigma y la discriminaci\u00f3n\u00bb ya que muchas personas que padecen la infecci\u00f3n <strong>\u00abenfrentan rechazo social, laboral y familiar<\/strong> debido a ideas err\u00f3neas sobre la transmisi\u00f3n o el contagio\u00bb. Seg\u00fan se\u00f1alan Zerpa y Asensio, este estigma lleva a que algunas personas \u00abeviten buscar tratamiento por <strong>temor a ser juzgadas<\/strong>\u00bb e incluso aquellas que ya tienen tratamiento \u00ablo abandonan por desinformaci\u00f3n sobre sus efectos o eficacia\u00bb. Para el presidente de SEISIDA, Pablo Ryan, <strong>estos mitos hacen que \u00abaumenten los prejuicios y los miedos infundados<\/strong> hacia las personas que viven con VIH\u00bb y a\u00f1ade que \u00abesto les puede causar aislamiento\u00bb. Inma Mart\u00ednez y Nacho L\u00f3pez, psic\u00f3logos de la organizaci\u00f3n INSEX, aseguran que las personas con VIH <strong>\u00abpueden sentirse muy cuestionadas si no dicen que tienen VIH cuando tienen una relaci\u00f3n sexual<\/strong>\u00bb y concluyen que \u00absiempre est\u00e1 ese miedo de decir \u2018tengo una relaci\u00f3n sexual, lo tengo que decir y si lo digo, c\u00f3mo reaccionar\u00e1 la otra persona\u2019\u00bb.&nbsp;&nbsp;<\/p>\n\n\n\n<p><a href=\"https:\/\/www.rtve.es\/noticias\/20231201\/vih-estigma-avances-medicos\/2462426.shtml\"><\/a><\/p>\n\n\n\n<p><strong>Entre un 25 y un 30% de las personas con infecci\u00f3n por el VIH en Espa\u00f1a desconoce su situaci\u00f3n. <\/strong>Seg\u00fan datos del Ministerio de Sanidad, se estima que <a href=\"https:\/\/www.sanidad.gob.es\/ciudadanos\/enfLesiones\/enfTransmisibles\/sida\/prevencion\/pruebaVIH\/home.htm#:~:text=Porque%20en%20Espa%C3%B1a%20un%2025%2D30%25%20de%20las%20personas%20con%20infecci%C3%B3n%20por%20el%20VIH%20desconoce%20su%20situaci%C3%B3n%2C%20y%20se%20estima%20que%20m%C3%A1s%20de%20la%20mitad%20de%20las%20nuevas%20infecciones%20procede%20de%20este%20grupo%20de%20poblaci%C3%B3n%20no%20diagnosticada.\" target=\"_blank\" rel=\"noreferrer noopener\">m\u00e1s de la mitad de las nuevas infecciones procede de este grupo de poblaci\u00f3n<\/a> no diagnosticada. Por esta raz\u00f3n, Darwin Cerpa y H\u00e9ctor Asensio de OMSIDA resaltan la importancia de la educaci\u00f3n sexual: <strong>\u00abInformar sobre pr\u00e1cticas sexuales seguras y desmitificar el VIH es clave para la prevenci\u00f3n<\/strong>\u00ab. Por su parte, los sex\u00f3logos Inma Mart\u00ednez y Nacho L\u00f3pez tambi\u00e9n destacan la necesidad de ofrecer informaci\u00f3n veraz y contrastada sobre la infecci\u00f3n. En su opini\u00f3n, \u00ablo que hay es un gran desconocimiento sobre el VIH y por eso <strong>sigue habiendo los mismos bulos de hace 40 a\u00f1os<\/strong>\u00ab.&nbsp;&nbsp;<\/p>\n\n\n\n<p>A nivel de protecci\u00f3n individual, Reyes Velayos incide en la importancia de \u00abla <strong>utilizaci\u00f3n del preservativo<\/strong> porque no solo previene este virus, sino tambi\u00e9n el resto de ITS\u00bb y \u00abhacerse la <strong>prueba de VIH <\/strong>de forma habitual\u00bb. Desde OMSIDA aseguran que la realizaci\u00f3n de tests \u00aben personas sexualmente activas o con factores de riesgo permite un diagn\u00f3stico temprano\u00bb y recuerdan que estas pruebas \u00abson gratuitas, an\u00f3nimas y confidenciales\u00bb. Pese a ello, desde esta asociaci\u00f3n se\u00f1alan que <strong>\u00abel 37% de los diagn\u00f3sticos en j\u00f3venes es tard\u00edo<\/strong>\u00ab. Puedes consultar informaci\u00f3n detallada sobre cu\u00e1ndo y qui\u00e9nes deben hacerse las <a href=\"https:\/\/www.sanidad.gob.es\/ciudadanos\/enfLesiones\/enfTransmisibles\/sida\/prevencion\/pruebaVIH\/home.htm\" target=\"_blank\" rel=\"noreferrer noopener\">pruebas de detecci\u00f3n<\/a> de VIH en la p\u00e1gina web del Ministerio de Sanidad.&nbsp;<\/p>\n\n\n\n<figure class=\"wp-block-image\"><img decoding=\"async\" src=\"https:\/\/img2.rtve.es\/im\/16352330\/?w=900\" alt=\"\"\/><\/figure>\n\n\n\n<p>En relaci\u00f3n con los tratamientos cient\u00edficamente aprobados, el tratamiento antirretrov\u00edrico (TAR) se utiliza para tratar y prevenir el VIH. Seg\u00fan nos explican los expertos, <strong>la administraci\u00f3n de TAR no cura la infecci\u00f3n, pero impide que el sistema inmunitario se debilite progresivamente. <\/strong>Cuando se administra antes de una posible exposici\u00f3n al VIH se denomina <a href=\"https:\/\/www.sanidad.gob.es\/ciudadanos\/enfLesiones\/enfTransmisibles\/sida\/docs\/PROFILAXIS_PREEXPOSICION_VIH.pdf#page=9\" target=\"_blank\" rel=\"noreferrer noopener\">Profilaxis Pre-Exposici\u00f3n (PrEP)<\/a> y cuando se hace despu\u00e9s se llama <a href=\"https:\/\/www.sanidad.gob.es\/ciudadanos\/enfLesiones\/enfTransmisibles\/sida\/docs\/profilaxisPostexposicionVIH20Jul17.pdf\" target=\"_blank\" rel=\"noreferrer noopener\">Profilaxis Post-Exposici\u00f3n (PEP)<\/a>. Los expertos de OMSIDA indican que la PrEP es un \u00abmedicamento diario que reduce significativamente el riesgo de contraer VIH en personas de alto riesgo\u00bb. El Ministerio de Sanidad establece como <a href=\"https:\/\/www.sanidad.gob.es\/ciudadanos\/enfLesiones\/enfTransmisibles\/sida\/prevencion\/pruebaVIH\/home.htm#:~:text=Relaciones%20sexuales%20con,infectadas%20o%20no.\" target=\"_blank\" rel=\"noreferrer noopener\">pr\u00e1cticas de riesgo<\/a> las relaciones sexuales \u00abcon penetraci\u00f3n sin preservativo con una mujer o un hombre con infecci\u00f3n por el VIH\u00bb y aquellas \u00abcon penetraci\u00f3n sin preservativo con una o diversas parejas de las que se desconoc\u00eda si estaban infectadas o no\u00bb. Mientras que la PEP \u00abse toma dentro de las primeras 72 horas tras una exposici\u00f3n al VIH\u00bb, exponen desde OMSIDA. Asimismo, la OMS declara que \u00ab<a href=\"https:\/\/www.who.int\/es\/news-room\/fact-sheets\/detail\/hiv-aids#:~:text=Ambos%20tipos%20de%20profilaxis%20est%C3%A1n%20indicados%20cuando%20el%20riesgo%20de%20contraer%20el%20VIH%20es%20alto%2C%20pero%20no%20debe%20hacerse%20sin%20consultar%20a%20un%20m%C3%A9dico.\" target=\"_blank\" rel=\"noreferrer noopener\">ambos tipos de profilaxis est\u00e1n indicados cuando el riesgo de contraer el VIH es alto<\/a>, pero <strong>no debe hacerse sin consultar a un m\u00e9dico<\/strong>\u00ab.&nbsp;&nbsp;<\/p>\n\n\n\n<p>Por <em>Paula Pe\u00f1a Su\u00e1rez \/ VerificaRTVE<\/em><\/p>\n\n\n\n<p>FOTO: Imagen que replica mensajes de X que difunden bulos sobre el VIH y el sida <em>Getty Images \/ VerificaRTVE<\/em><\/p>\n\n\n\n<p><a href=\"https:\/\/www.rtve.es\/noticias\/20241201\/dia-mundial-del-sida-bulos-contribuyen-a-seguir-estigmatizando-enfermedad\/16352270.shtml\">https:\/\/www.rtve.es\/noticias\/20241201\/dia-mundial-del-sida-bulos-contribuyen-a-seguir-estigmatizando-enfermedad\/16352270.shtml<\/a><\/p>\n","protected":false},"excerpt":{"rendered":"<p>En Espa\u00f1a se han notificado m\u00e1s de 3.000 nuevos diagn\u00f3sticos de VIH en 2023. Una&#8230;<\/p>\n","protected":false},"author":1,"featured_media":73102,"comment_status":"closed","ping_status":"closed","sticky":false,"template":"","format":"standard","meta":{"_coblocks_attr":"","_coblocks_dimensions":"","_coblocks_responsive_height":"","_coblocks_accordion_ie_support":"","jetpack_post_was_ever_published":false,"_jetpack_newsletter_access":"","_jetpack_dont_email_post_to_subs":true,"_jetpack_newsletter_tier_id":0,"_jetpack_memberships_contains_paywalled_content":false,"_jetpack_memberships_contains_paid_content":false,"footnotes":"","jetpack_publicize_message":"","jetpack_publicize_feature_enabled":true,"jetpack_social_post_already_shared":true,"jetpack_social_options":{"image_generator_settings":{"template":"highway","enabled":false},"version":2}},"categories":[1161,44,10],"tags":[],"class_list":["post-73101","post","type-post","status-publish","format-standard","has-post-thumbnail","hentry","category-ciudadania","category-noticias-de-hoy","category-salud"],"jetpack_publicize_connections":[],"jetpack_featured_media_url":"https:\/\/i0.wp.com\/miradordeatarfe.es\/wp-content\/uploads\/2024\/12\/img2.rtve_.png?fit=1600%2C900&ssl=1","jetpack_likes_enabled":true,"jetpack_sharing_enabled":true,"_links":{"self":[{"href":"https:\/\/miradordeatarfe.es\/index.php?rest_route=\/wp\/v2\/posts\/73101","targetHints":{"allow":["GET"]}}],"collection":[{"href":"https:\/\/miradordeatarfe.es\/index.php?rest_route=\/wp\/v2\/posts"}],"about":[{"href":"https:\/\/miradordeatarfe.es\/index.php?rest_route=\/wp\/v2\/types\/post"}],"author":[{"embeddable":true,"href":"https:\/\/miradordeatarfe.es\/index.php?rest_route=\/wp\/v2\/users\/1"}],"replies":[{"embeddable":true,"href":"https:\/\/miradordeatarfe.es\/index.php?rest_route=%2Fwp%2Fv2%2Fcomments&post=73101"}],"version-history":[{"count":1,"href":"https:\/\/miradordeatarfe.es\/index.php?rest_route=\/wp\/v2\/posts\/73101\/revisions"}],"predecessor-version":[{"id":73103,"href":"https:\/\/miradordeatarfe.es\/index.php?rest_route=\/wp\/v2\/posts\/73101\/revisions\/73103"}],"wp:featuredmedia":[{"embeddable":true,"href":"https:\/\/miradordeatarfe.es\/index.php?rest_route=\/wp\/v2\/media\/73102"}],"wp:attachment":[{"href":"https:\/\/miradordeatarfe.es\/index.php?rest_route=%2Fwp%2Fv2%2Fmedia&parent=73101"}],"wp:term":[{"taxonomy":"category","embeddable":true,"href":"https:\/\/miradordeatarfe.es\/index.php?rest_route=%2Fwp%2Fv2%2Fcategories&post=73101"},{"taxonomy":"post_tag","embeddable":true,"href":"https:\/\/miradordeatarfe.es\/index.php?rest_route=%2Fwp%2Fv2%2Ftags&post=73101"}],"curies":[{"name":"wp","href":"https:\/\/api.w.org\/{rel}","templated":true}]}}