{"id":73104,"date":"2024-12-03T08:12:00","date_gmt":"2024-12-03T07:12:00","guid":{"rendered":"https:\/\/miradordeatarfe.es\/?p=73104"},"modified":"2024-12-02T13:10:37","modified_gmt":"2024-12-02T12:10:37","slug":"usos-y-abusos-de-los-suplementos-alimenticios-de-verdad-sirven-para-algo","status":"publish","type":"post","link":"https:\/\/miradordeatarfe.es\/?p=73104","title":{"rendered":"Usos y abusos de los suplementos alimenticios. \u00bfDe verdad sirven para algo?"},"content":{"rendered":"\n<p class=\"has-medium-font-size\"><strong>Hay miles en el mercado, pero pocas situaciones en las que se haya demostrado cient\u00edficamente que son eficaces. Algunos incluso podr\u00edan ser peligrosos. Aun as\u00ed, el 75 por ciento de los espa\u00f1oles consume alg\u00fan tipo de complemento alimenticio. Te contamos en qu\u00e9 momentos funcionan.<\/strong><\/p>\n\n\n\n<p>agnesio, omega-3 o vitamina D est\u00e1n en el top de los m\u00e1s deseados, pero tambi\u00e9n \u00ablos probi\u00f3ticos, que hoy en d\u00eda se presentan como la panacea para todo\u00bb, explica la farmac\u00e9utica y nutricionista Salena Sainz Echevarr\u00eda. Y a\u00f1ade una categor\u00eda m\u00e1s: los suplementos deportivos, \u00abla nueva gran preocupaci\u00f3n de las generaciones m\u00e1s j\u00f3venes\u00bb. C\u00e1psulas, gominolas, bolsitas con polvos, tabletas o ampollas que suelen etiquetarse con grandes (aunque vagas) promesas como \u00abfavorece el sistema inmunitario\u00bb, \u00abayuda a depurar el organismo\u00bb o incluso \u00abcontribuye a recuperar la autoestima\u00bb.<\/p>\n\n\n\n<p>Y, por lo que parece, sus mensajes nos han convencido, ya que el 75 por ciento de los espa\u00f1oles toma alg\u00fan suplemento, la mayor\u00eda sin prescripci\u00f3n, una tendencia que, seg\u00fan el Consejo General de Colegios Oficiales de Dietistas-Nutricionistas (CGCODN), va en aumento: si entre 2018 y 2019 el mercado del sector en Europa registr\u00f3 unos 12.000 millones de euros, la proyecci\u00f3n para 2026 se estima entre 18.000 y 45.000 millones. Y, en este contexto, Espa\u00f1a aparece como el&nbsp;tercer pa\u00eds m\u00e1s entregado al consumo de este tipo de productos, solo por detr\u00e1s de Estados Unidos y Dinamarca.<\/p>\n\n\n\n<h2 class=\"wp-block-heading\">Un consumo innecesario o en dosis m\u00e1s altas de las recomendadas puede tener efectos perjudiciales, sobre todo si se toman de forma prolongada<\/h2>\n\n\n\n<p>\u00abEs evidente que con una dieta rica y variada ya tendr\u00edamos cubiertos todos los beneficios que prometen aportar la mayor\u00eda de estos suplementos\u00bb, recalca Marta Calbo, nutricionista y dietista en CPEN Endocrinolog\u00eda y Nutrici\u00f3n del Centro M\u00e9dico Teknon. \u00abUna persona sin problemas de salud ni en una situaci\u00f3n cl\u00ednica que le provoque un d\u00e9ficit nutricional justificado no los necesita\u00bb. Y pone un ejemplo: \u00abSolamente con que consumi\u00e9ramos tres piezas de fruta y dos raciones de verdura al d\u00eda ya tendr\u00edamos garantizado todo el consumo de fibra y vitaminas necesario. El problema es que casi nadie toma esas raciones y por eso buscamos un atajo con este tipo de complementos alimenticios, aunque en muchos casos no existe evidencia cient\u00edfica que demuestre su eficacia\u00bb. Es m\u00e1s, a\u00f1ade, \u00abingerir una vitamina aislada no tiene sentido porque no se produce el efecto beneficioso de la sinergia con otros nutrientes que tiene lugar a trav\u00e9s de la alimentaci\u00f3n\u00bb.<\/p>\n\n\n\n<figure class=\"wp-block-image\"><img data-recalc-dims=\"1\" decoding=\"async\" src=\"https:\/\/i0.wp.com\/www.ideal.es\/xlsemanal\/wp-content\/uploads\/sites\/5\/2024\/11\/complementos-nutricionales-razones.jpg?w=640&#038;ssl=1\" alt=\"alternative text\"\/><\/figure>\n\n\n\n<p>\u00bfEl peligro? Que un consumo innecesario o en dosis m\u00e1s altas de las recomendadas puede tener efectos perjudiciales, sobre todo si se toman de forma prolongada. \u00abAlgunos de estos productos podr\u00edan contener sustancias que no aparecen en el etiquetado, sobre todo en los destinados a deportistas y a perder peso\u00bb, aclara el presidente del CGCODN, Manuel Mo\u00f1ino. Y hace una llamada de atenci\u00f3n sobre el aumento de su consumo sin la supervisi\u00f3n de un profesional sanitario: \u00abCada vez son m\u00e1s los j\u00f3venes que recurren a esos suplementos y los consumen de forma compulsiva y descontrolada, sin disponer de toda la informaci\u00f3n para una elecci\u00f3n responsable\u00bb. Lo m\u00e1s importante, seg\u00fan los expertos, adem\u00e1s de la supervisi\u00f3n m\u00e9dica, es adquirir estos productos en sitios de confianza que tengan su venta autorizada.<\/p>\n\n\n\n<p>Entre las consecuencias del uso inadecuado que indican los expertos del CGCODN se encuentran el desarrollo de trastornos de la conducta alimentaria y de <a href=\"https:\/\/www.ideal.es\/xlsemanal\/salud\/sibo-sindrome-digestivo-estrella-en-las-consultas-enfermedad-intestino-irritable.html\">trastornos funcionales digestivos<\/a>, la alteraci\u00f3n de la microbiota intestinal, el aumento de intolerancias alimentarias, la p\u00e9rdida de peso r\u00e1pida y el efecto yoy\u00f3&#8230; Adem\u00e1s, algunos suplementos, como los c\u00f3cteles de antioxidantes, se han asociado con un mayor riesgo de mortalidad. \u00abSe estima que, cada a\u00f1o, 23.000 visitas a los servicios de urgencias de Estados Unidos se atribuyen a eventos adversos relacionados con los suplementos diet\u00e9ticos. En el caso de los adultos j\u00f3venes, dichas visitas suelen estar relacionadas con manifestaciones cardiovasculares derivadas de productos energ\u00e9ticos o para bajar de peso\u00bb, advierte Sainz Echevarr\u00eda, que tambi\u00e9n es fundadora de Naturae Nutrition.<\/p>\n\n\n\n<h2 class=\"wp-block-heading\">Consecuencias de un consumo inadecuado de suplementos: trastornos de la conducta alimentaria, alteraci\u00f3n de la microbiota intestinal, aumento de las intolerancias alimentarias&#8230;<\/h2>\n\n\n\n<p>El inter\u00e9s por mejorar la salud, reducir la fatiga, reforzar el sistema inmunitario o mejorar el rendimiento deportivo son los motivos principales que esgrimen los consumidores. De un estudio realizado por la Academia Espa\u00f1ola de Nutrici\u00f3n se desprende que los&nbsp;complementos nutricionales m\u00e1s consumidos en Espa\u00f1a son las vitaminas C y D,&nbsp;minerales como el magnesio, el hierro, el calcio o el zinc, los probi\u00f3ticos y el omega-3. Seg\u00fan el informe, su consumo \u00abes significativamente m\u00e1s frecuente&nbsp;entre las mujeres, en grupos de edad de 26 a 35&nbsp;a\u00f1os y en personas con&nbsp;estudios universitarios\u00bb.&nbsp;En cuanto al tipo de suplemento, un 29 por ciento afirm\u00f3 que tomaba productos de extractos a base de plantas (fibra, polen, jalea real y prop\u00f3leo en especial); un&nbsp;20 por ciento, productos para deportistas (batidos y sueros de prote\u00ednas, barritas energ\u00e9ticas y cafe\u00edna, sobre todo);&nbsp;un 15 por ciento, productos para perder peso (preparados para sustituir alguna comida); y un 30 por ciento, productos de&nbsp;uso m\u00e9dico&nbsp;con el fin de tratar una enfermedad o los efectos de&nbsp;su tratamiento (batidos para complementar la dieta en casos de falta de apetito, alimentaci\u00f3n infantil&#8230;).<\/p>\n\n\n\n<p>Por supuesto, todos los expertos coinciden en que hay excepciones donde s\u00ed que est\u00e1 demostrado que es eficaz la suplementaci\u00f3n. Algunos casos justificados desde el punto de vista nutricional son las personas mayores con alto riesgo de desnutrici\u00f3n o los que padezcan alguna patolog\u00eda que limite la ingesta de alimentos, como los problemas de degluci\u00f3n, pacientes que est\u00e9n atravesando procesos oncol\u00f3gicos o que deban pasar mucho tiempo en cama. A medida que envejecemos, aumentan nuestras necesidades de algunos nutrientes y disminuye nuestra capacidad de absorberlos y nuestro apetito, por lo que el m\u00e9dico puede recomendarnos un suplemento.<\/p>\n\n\n\n<h2 class=\"wp-block-heading\">Algunos suplementos, como los c\u00f3cteles de antioxidantes, se han asociado con un mayor riesgo de mortalidad. \u00abCada a\u00f1o, 23.000 visitas a urgencias en EEUU se atribuyen a eventos adversos relacionados con los suplementos diet\u00e9ticos\u00bb<\/h2>\n\n\n\n<p>Seg\u00fan explica en <em>The New York Times<\/em> la doctora Joann Manson, profesora de Medicina en Harvard Medical School, \u00ablos adultos mayores pueden tener problemas para absorber la vitamina B12, por ejemplo. Y puede que necesiten un suplemento de calcio y vitamina D si corren el <a href=\"https:\/\/www.ideal.es\/xlsemanal\/salud\/los-huesos-hacen-sufrir-a-millones-de-espanoles.html\">riesgo de perder masa \u00f3sea<\/a>\u00bb. Tambi\u00e9n menciona un estudio de 2019 que realiz\u00f3 con adultos de m\u00e1s de 50 a\u00f1os en el que descubri\u00f3 que, en el caso de los participantes que rara vez o nunca com\u00edan pescado graso, los que tomaban un suplemento de \u00e1cidos grasos omega-3 presentaban menos episodios cardiovasculares, como infartos de miocardio o accidentes cerebrovasculares, que los que tomaban un placebo. Los que tomaron vitamina D tambi\u00e9n fueron menos propensos a desarrollar enfermedades autoinmunes como la artritis reumatoide y la psoriasis.<\/p>\n\n\n\n<p>Por su parte, la nutricionista Marta Calbo tambi\u00e9n aconseja escuchar las recomendaciones de los profesionales m\u00e9dicos cuando, a trav\u00e9s de una prueba, descubren un d\u00e9ficit de una vitamina o mineral concreto, como la vitamina D o el hierro. \u00abEn estos casos s\u00ed ser\u00eda necesario acudir a la suplementaci\u00f3n porque, para revertir ese d\u00e9ficit, a veces no es suficiente la v\u00eda de la alimentaci\u00f3n o, al menos, hasta que se consigue equilibrar con la dieta\u00bb.<\/p>\n\n\n\n<p>Para terminar, es importante tener en cuenta que los suplementos est\u00e1n regulados como alimentos y no como medicinas. Por eso, desde la OCU recuerdan que, \u00abaunque no son necesarios, si aun as\u00ed decides consumirlos, escoge alguno cuyos efectos est\u00e9n avalados por la Autoridad Europea de Seguridad Alimentaria (EFSA), algo que significa que la sustancia o compuesto, en cantidad razonable, produce el beneficio del que presume\u00bb.<\/p>\n\n\n\n<h4 class=\"wp-block-heading\"><a href=\"https:\/\/www.ideal.es\/xlsemanal\/salud\/suplementos-alimenticio-usos-abusos-riesgos-salud-expertos.html#\">Los suplementos, a examen<\/a><\/h4>\n\n\n\n<ul class=\"wp-block-list\">\n<li><a href=\"https:\/\/www.ideal.es\/xlsemanal\/salud\/suplementos-alimenticio-usos-abusos-riesgos-salud-expertos.html#\"><\/a><strong>MAGNESIO: MEJOR QUE UN PLATO DE LENTEJAS<\/strong>\n<ul class=\"wp-block-list\">\n<li><strong>\u00bfPor qu\u00e9 est\u00e1 de moda?<\/strong> Favorece la recuperaci\u00f3n de la funci\u00f3n de los m\u00fasculos y articulaciones y ayuda a disminuir el cansancio y la fatiga.<\/li>\n\n\n\n<li><strong>\u00bfRealmente lo necesitas?<\/strong> \u00abLa suplementaci\u00f3n puede beneficiar a personas con d\u00e9ficit, como los ancianos o los alcoh\u00f3licos, pero no hay que alentar a su consumo sin control porque un exceso puede causar diarrea, n\u00e1useas y c\u00f3licos estomacales\u00bb, explica la nutricionista Sainz Echevarr\u00eda. \u00abNo existe mucha evidencia cient\u00edfica sobre su eficacia en personas sanas. Adem\u00e1s, es muy f\u00e1cil de cubrir con la alimentaci\u00f3n. Puede encontrarse en legumbres, cereales integrales, frutos secos o semillas\u00bb, dice su colega Marta Calbo.<\/li>\n<\/ul>\n<\/li>\n\n\n\n<li><a href=\"https:\/\/www.ideal.es\/xlsemanal\/salud\/suplementos-alimenticio-usos-abusos-riesgos-salud-expertos.html#\"><\/a><strong>CREATINA: SOLO SI LLEVAS LA VIDA &#8216;PERFECTA&#8217;<\/strong>\n<ul class=\"wp-block-list\">\n<li><strong>\u00bfPor qu\u00e9 est\u00e1 de moda?<\/strong> Se ha hecho muy popular entre deportistas para aumentar la masa muscular y el rendimiento. Seg\u00fan un informe de la Autoridad Europea de Seguridad Alimentaria, el consumo de creatina (3 gramos diarios) mejora el rendimiento f\u00edsico en ejercicios breves de alta intensidad.<\/li>\n\n\n\n<li><strong>\u00bfRealmente lo necesitas?<\/strong> \u00abAunque no es la panacea, en condiciones concretas tiene un efecto en el rendimiento\u00bb, afirma Calbo. \u00abLa creatina podr\u00eda a\u00f1adir entre un 1 y un 5 por ciento de mejora en el caso de j\u00f3venes deportistas, siempre que vaya acompa\u00f1ado de una dieta ordenada que incluya todos los nutrientes, un entreno planificado por un profesional y las horas de descanso necesarias\u00bb.<\/li>\n<\/ul>\n<\/li>\n\n\n\n<li><a href=\"https:\/\/www.ideal.es\/xlsemanal\/salud\/suplementos-alimenticio-usos-abusos-riesgos-salud-expertos.html#\"><\/a><strong>COL\u00c1GENO: DE LO QUE SE COME NO SE CR\u00cdA<\/strong>\n<ul class=\"wp-block-list\">\n<li><strong>\u00bfPor qu\u00e9 est\u00e1 de moda?<\/strong> \u00abEl consumo de prote\u00ednas mejora el estado de la piel y de la musculatura, y el col\u00e1geno es prote\u00edna. Sin embargo, no est\u00e1 entre las mejores porque\u00a0no contiene amino\u00e1cidos esenciales,\u00a0que son los que nuestro cuerpo no puede generar y debemos extraer de los alimentos\u00bb, cuenta Sainz Echevarr\u00eda.<\/li>\n\n\n\n<li><strong>\u00bfRealmente lo necesitas?<\/strong> \u00abYo no soy partidaria de recomendar col\u00e1geno nunca porque el cuerpo no siempre lo absorbe bien y a veces tomar col\u00e1geno solo implica hacer caca con col\u00e1geno\u00bb, afirma Calbo. Y Sainz a\u00f1ade: \u00abSi queremos aumentar su consumo, siempre podemos realizarlo a trav\u00e9s de la dieta con alimentos como carne o pescado, gelatina o huevos\u00bb.<\/li>\n<\/ul>\n<\/li>\n\n\n\n<li><a href=\"https:\/\/www.ideal.es\/xlsemanal\/salud\/suplementos-alimenticio-usos-abusos-riesgos-salud-expertos.html#\"><\/a><strong>VITAMINA D: M\u00c1S LUNES AL SOL<\/strong>\n<ul class=\"wp-block-list\">\n<li><strong>\u00bfPor qu\u00e9 est\u00e1 de moda?<\/strong> Es esencial para la salud \u00f3sea, el sistema inmunol\u00f3gico y la funci\u00f3n muscular, pero el 75 por ciento de la poblaci\u00f3n espa\u00f1ola presenta niveles bajos. Seg\u00fan Sainz Echevarr\u00eda, \u00abpor falta de exposici\u00f3n al sol y por el miedo a alimentos ricos en grasas y l\u00e1cteos\u00bb.<\/li>\n\n\n\n<li><strong>\u00bfRealmente lo necesitas?<\/strong> \u00abSolo deben suplementarse las personas que tengan la deficiencia verificada por un m\u00e9dico\u00bb, dice la nutricionista. Para el resto de la poblaci\u00f3n se recomienda exposici\u00f3n solar de entre 15 y 30 minutos diarios. Son fuente de vitamina D los pescados grasos (trucha, salm\u00f3n, at\u00fan o caballa) y los aceites de h\u00edgado de pescado.<\/li>\n<\/ul>\n<\/li>\n\n\n\n<li><a href=\"https:\/\/www.ideal.es\/xlsemanal\/salud\/suplementos-alimenticio-usos-abusos-riesgos-salud-expertos.html#\"><\/a><strong>OMEGA-3: UN ELIXIR LLEGADO DEL MAR<\/strong>\n<ul class=\"wp-block-list\">\n<li><strong>\u00bfPor qu\u00e9 est\u00e1 de moda?<\/strong> Su consumo se relaciona con la disminuci\u00f3n del riesgo cardiovascular y el control de s\u00edntomas vasomotores, psicol\u00f3gicos\u2026 Sin embargo, \u00abla fuente principal de los \u00e1cidos grasos omega-3 est\u00e1 en el pescado azul. Consumir al menos dos raciones semanales de este tipo de alimento es la soluci\u00f3n m\u00e1s barata y saludable\u00bb, aclara Calbo.<\/li>\n\n\n\n<li><strong>\u00bfRealmente lo necesitas?<\/strong> \u00abSolamente recomiendo la suplementaci\u00f3n en casos de alergia al pescado, si eres vegetariano o en ciertas patolog\u00edas muy concretas y supervisadas por un m\u00e9dico como la dislipidemia o hipertrigliceridemia\u00bb, asegura la experta.<\/li>\n<\/ul>\n<\/li>\n\n\n\n<li><a href=\"https:\/\/www.ideal.es\/xlsemanal\/salud\/suplementos-alimenticio-usos-abusos-riesgos-salud-expertos.html#\"><\/a><strong>JALEA REAL: \u00bfACASO SOMOS ABEJAS?<\/strong>\n<ul class=\"wp-block-list\">\n<li><strong>\u00bfPor qu\u00e9 est\u00e1 de moda?<\/strong> Se trata de una sustancia segregada por las abejas para alimentar a las larvas, y se le atribuyen propiedades de mejora en el rendimiento f\u00edsico y mental, pero, seg\u00fan la Academia Espa\u00f1ola de Nutrici\u00f3n y Diet\u00e9tica, estos beneficios no tienen evidencia cient\u00edfica suficiente en humanos.<\/li>\n\n\n\n<li><strong>\u00bfRealmente lo necesitas?<\/strong> Seg\u00fan Eduard Baladia, del Centro de An\u00e1lisis de la Evidencia Cient\u00edfica de la Academia, \u00abdado que esa evidencia no existe y no se ha establecido una dosis efectiva mediante estudios cl\u00ednicos, no se considera necesario su consumo porque no existe una base s\u00f3lida para respaldar su eficacia\u00bb.<\/li>\n<\/ul>\n<\/li>\n\n\n\n<li><a href=\"https:\/\/www.ideal.es\/xlsemanal\/salud\/suplementos-alimenticio-usos-abusos-riesgos-salud-expertos.html#\"><\/a><strong>PROP\u00d3LEO: AYUDA LAS DEFENSAS&#8230; DE LAS COLMENAS<\/strong>\n<ul class=\"wp-block-list\">\n<li><strong>\u00bfPor qu\u00e9 est\u00e1 de moda?<\/strong> Es un material utilizado por las abejas para construir sus colmenas y se asocia con la salud respiratoria, pero, seg\u00fan la Agencia Europea de Seguridad Alimentaria, no hay evidencia de beneficios en esa relaci\u00f3n. Tampoco en los beneficios que se le atribuyen para los trastornos digestivos.<\/li>\n\n\n\n<li><strong>\u00bfRealmente lo necesitas?<\/strong> Seg\u00fan el Instituto Nacional de Salud estadounidense, el prop\u00f3leo es posiblemente efectivo para el tratamiento del herpes labial y para el alivio del dolor e inflamaci\u00f3n bucal.<\/li>\n<\/ul>\n<\/li>\n\n\n\n<li><a href=\"https:\/\/www.ideal.es\/xlsemanal\/salud\/suplementos-alimenticio-usos-abusos-riesgos-salud-expertos.html#\"><\/a><strong>PROBI\u00d3TICOS: ENTRE LA EVIDENCIA Y EL PLACEBO<\/strong>\n<ul class=\"wp-block-list\">\n<li><strong>\u00bfPor qu\u00e9 est\u00e1n de moda?<\/strong> Son microorganismos vivos que se utilizan para equilibrar la microbiota intestinal.<\/li>\n\n\n\n<li><strong>\u00bfRealmente los necesitas?<\/strong> \u00abAunque se ha demostrado que algunos probi\u00f3ticos son beneficiosos en casos como el tratamiento de la diarrea asociada a antibi\u00f3ticos y el control de la enfermedad inflamatoria intestinal, faltan pruebas de su eficacia universal\u00bb, explican en la revista <em>Advanced Science News<\/em>. Adem\u00e1s, y seg\u00fan Sainz Echevarr\u00eda, \u00abun exceso de probi\u00f3ticos sin controlar las cepas que se aportan puede alterar la composici\u00f3n de tu microbiota intestinal\u00bb.<\/li>\n<\/ul>\n<\/li>\n<\/ul>\n\n\n\n<p><a href=\"https:\/\/www.ideal.es\/xlsemanal\/autor\/raquelpelaez\"><strong>Raquel Pel\u00e1ez<\/strong><\/a><\/p>\n\n\n\n<p>FOTO: Los suplementos antiedad pueden ayudar a envejecer de forma m\u00e1s saludable, seg\u00fan los expertos. Adobe Stock<\/p>\n\n\n\n<p><a href=\"https:\/\/www.ideal.es\/xlsemanal\/salud\/suplementos-alimenticio-usos-abusos-riesgos-salud-expertos.html\">https:\/\/www.ideal.es\/xlsemanal\/salud\/suplementos-alimenticio-usos-abusos-riesgos-salud-expertos.html<\/a><\/p>\n","protected":false},"excerpt":{"rendered":"<p>Hay miles en el mercado, pero pocas situaciones en las que se haya demostrado cient\u00edficamente&#8230;<\/p>\n","protected":false},"author":1,"featured_media":73106,"comment_status":"closed","ping_status":"closed","sticky":false,"template":"","format":"standard","meta":{"_coblocks_attr":"","_coblocks_dimensions":"","_coblocks_responsive_height":"","_coblocks_accordion_ie_support":"","jetpack_post_was_ever_published":false,"_jetpack_newsletter_access":"","_jetpack_dont_email_post_to_subs":true,"_jetpack_newsletter_tier_id":0,"_jetpack_memberships_contains_paywalled_content":false,"_jetpack_memberships_contains_paid_content":false,"footnotes":"","jetpack_publicize_message":"","jetpack_publicize_feature_enabled":true,"jetpack_social_post_already_shared":true,"jetpack_social_options":{"image_generator_settings":{"template":"highway","enabled":false},"version":2}},"categories":[1161,44,10],"tags":[],"class_list":["post-73104","post","type-post","status-publish","format-standard","has-post-thumbnail","hentry","category-ciudadania","category-noticias-de-hoy","category-salud"],"jetpack_publicize_connections":[],"jetpack_featured_media_url":"https:\/\/i0.wp.com\/miradordeatarfe.es\/wp-content\/uploads\/2024\/12\/suplementos-Rmgni6AsIdZhdklnBQVghRO-1200x840%40abc.webp?fit=1200%2C840&ssl=1","jetpack_likes_enabled":true,"jetpack_sharing_enabled":true,"_links":{"self":[{"href":"https:\/\/miradordeatarfe.es\/index.php?rest_route=\/wp\/v2\/posts\/73104","targetHints":{"allow":["GET"]}}],"collection":[{"href":"https:\/\/miradordeatarfe.es\/index.php?rest_route=\/wp\/v2\/posts"}],"about":[{"href":"https:\/\/miradordeatarfe.es\/index.php?rest_route=\/wp\/v2\/types\/post"}],"author":[{"embeddable":true,"href":"https:\/\/miradordeatarfe.es\/index.php?rest_route=\/wp\/v2\/users\/1"}],"replies":[{"embeddable":true,"href":"https:\/\/miradordeatarfe.es\/index.php?rest_route=%2Fwp%2Fv2%2Fcomments&post=73104"}],"version-history":[{"count":1,"href":"https:\/\/miradordeatarfe.es\/index.php?rest_route=\/wp\/v2\/posts\/73104\/revisions"}],"predecessor-version":[{"id":73107,"href":"https:\/\/miradordeatarfe.es\/index.php?rest_route=\/wp\/v2\/posts\/73104\/revisions\/73107"}],"wp:featuredmedia":[{"embeddable":true,"href":"https:\/\/miradordeatarfe.es\/index.php?rest_route=\/wp\/v2\/media\/73106"}],"wp:attachment":[{"href":"https:\/\/miradordeatarfe.es\/index.php?rest_route=%2Fwp%2Fv2%2Fmedia&parent=73104"}],"wp:term":[{"taxonomy":"category","embeddable":true,"href":"https:\/\/miradordeatarfe.es\/index.php?rest_route=%2Fwp%2Fv2%2Fcategories&post=73104"},{"taxonomy":"post_tag","embeddable":true,"href":"https:\/\/miradordeatarfe.es\/index.php?rest_route=%2Fwp%2Fv2%2Ftags&post=73104"}],"curies":[{"name":"wp","href":"https:\/\/api.w.org\/{rel}","templated":true}]}}