{"id":73108,"date":"2024-12-03T10:27:00","date_gmt":"2024-12-03T09:27:00","guid":{"rendered":"https:\/\/miradordeatarfe.es\/?p=73108"},"modified":"2024-12-03T09:35:13","modified_gmt":"2024-12-03T08:35:13","slug":"sigue-siendo-la-hora-de-los-afectados","status":"publish","type":"post","link":"https:\/\/miradordeatarfe.es\/?p=73108","title":{"rendered":"Sigue siendo la hora de los afectados"},"content":{"rendered":"\n<p class=\"has-medium-font-size\"><strong>Pasado un mes de la dana, las muchas necesidades de los damnificados no deben quedar emborronadas por el debate pol\u00edtico<\/strong><\/p>\n\n\n\n<p class=\"has-medium-font-size\">Cumplido ya <a href=\"https:\/\/elpais.com\/espana\/2024-11-29\/un-mes-despues-de-la-dana-no-os-olvideis-de-nosotros-aqui-hay-mucha-mierda-todavia.html\" target=\"_blank\" rel=\"noreferrer noopener\">un mes desde el paso de la dana <\/a>por la Comunidad Valenciana y Castilla-La Mancha, el balance no tiene un saldo positivo. El presidente de la Generalitat valenciana, Carlos Maz\u00f3n, <a href=\"https:\/\/elpais.com\/opinion\/2024-11-16\/mazon-no-puede-seguir.html\" target=\"_blank\" rel=\"noreferrer noopener\">lejos de dimitir<\/a> por <a href=\"https:\/\/elpais.com\/espana\/2024-11-29\/la-secuencia-completa-de-quien-hizo-que-el-dia-de-la-dana-desmonta-el-relato-del-pp.html\" target=\"_blank\" rel=\"noreferrer noopener\">su incomparecencia en el d\u00eda de la tragedia, <\/a>sigue aferrado a la tesis de que el fat\u00eddico 29 de octubre le falt\u00f3 informaci\u00f3n para adoptar medidas preventivas, aunque otros, con los mismos datos, s\u00ed las adoptaron. Sigue adem\u00e1s sin someterse a las preguntas de los medios de comunicaci\u00f3n para que, a trav\u00e9s de estos, la sociedad reciba al menos algunas respuestas a los interrogantes que muchos valencianos se formulan. Pese a este ins\u00f3lito comportamiento por parte de un dirigente democr\u00e1tico, le llegar\u00e1, sin embargo, el momento de comparecer ante las comisiones de investigaci\u00f3n en el Parlamento valenciano, en el Congreso y el Senado y con toda probabilidad ante la justicia ordinaria. Tampoco escapar\u00e1 al juicio de su propio partido, el PP, del que <a href=\"https:\/\/elpais.com\/espana\/2024-11-17\/feijoo-pacto-con-mazon-abrir-la-puerta-a-no-presentarse-para-preservar-el-motor-electoral-valenciano.html\" target=\"_blank\" rel=\"noreferrer noopener\">ya ha recibido varios avisos y un fr\u00edo respaldo. <\/a>Maz\u00f3n habr\u00e1 de ir afrontando todas esas pruebas, pero ahora, si pretende seguir al frente de la Generalitat, no puede centrar sus esfuerzos en <a href=\"https:\/\/elpais.com\/opinion\/2024-11-24\/mazon-se-tapa-con-un-uniforme.html\" target=\"_blank\" rel=\"noreferrer noopener\">forjar el escudo que le proteja de esos escrutinios.<\/a><\/p>\n\n\n\n<p>Un mes despu\u00e9s son innumerables las calles, garajes y locales en los que <a href=\"https:\/\/elpais.com\/espana\/2024-11-26\/27-dias-despues-de-la-dana-y-los-sotanos-todavia-inundados-ya-no-sabemos-que-hacer.html\" target=\"_blank\" rel=\"noreferrer noopener\">a\u00fan hay barro <\/a>y las campas en las que <a href=\"https:\/\/elpais.com\/opinion\/2024-11-27\/con-la-bici-entre-pilas-de-coches-y-fango.html\" target=\"_blank\" rel=\"noreferrer noopener\">se apilan coches inservibles;<\/a> demasiados (m\u00e1s de 10.000) los ni\u00f1os que a\u00fan no han podido volver a clase y alt\u00edsimo el riesgo sanitario provocado por <a href=\"https:\/\/elpais.com\/espana\/2024-11-23\/la-lucha-contra-el-lodo-en-valencia-salta-de-las-calles-a-la-alcantarilla-nuestros-peores-temores-se-confirman.html\" target=\"_blank\" rel=\"noreferrer noopener\">el bloqueo de la red de alcantarillado.<\/a> Hay depuradoras por reparar y carreteras por reabrir. Y, por supuesto, no se puede flaquear en el esfuerzo por localizar a las cuatro personas que a\u00fan siguen desaparecidas.<\/p>\n\n\n\n<p>Las consecuencias de la dana han impregnado la batalla pol\u00edtica, pero este sigue siendo el momento de los afectados, de que los miles de damnificados perciban, un mes despu\u00e9s de que sus vidas se vieran violentamente interrumpidas, que la gota fr\u00eda no arras\u00f3 tambi\u00e9n a las administraciones y que estas cuentan con el m\u00fasculo suficiente para afrontar la reconstrucci\u00f3n. El Gobierno valenciano <a href=\"https:\/\/elpais.com\/espana\/comunidad-valenciana\/2024-11-26\/mazon-pide-celeridad-a-los-nuevos-miembros-del-consell-un-mes-despues-de-que-la-dana-arrasara-valencia.html\" target=\"_blank\" rel=\"noreferrer noopener\">ha renovado parte de su Consell <\/a>con este fin. Es su responsabilidad demostrar que <a href=\"https:\/\/elpais.com\/espana\/comunidad-valenciana\/2024-11-26\/carlos-mazon-elimina-el-tope-salarial-para-los-nuevos-miembros-del-gobierno-valenciano.html\" target=\"_blank\" rel=\"noreferrer noopener\">la pol\u00e9mica supresi\u00f3n del tope salarial <\/a>para los nuevos consejeros vale la pena en su doble objetivo: coordinar con eficacia, reparar y prevenir. Es, por su parte, obligaci\u00f3n del Gobierno de Espa\u00f1a mantener viva la colaboraci\u00f3n con la Administraci\u00f3n auton\u00f3mica a trav\u00e9s de los cinco grupos de trabajo en los que cooperan ministros y consejeros, y seguir aportando cuantos efectivos y recursos sean necesarios. Ambos ejecutivos han de acercarse m\u00e1s a los ayuntamientos, que son <a href=\"https:\/\/elpais.com\/espana\/2024-11-10\/cinco-alcaldes-marcados-por-la-dana-solo-podemos-reconstruir-nuestros-pueblos-todos-juntos.html\" target=\"_blank\" rel=\"noreferrer noopener\">los que tienen de primera mano toda la informaci\u00f3n <\/a>sobre lo urgente y lo importante. No se puede dise\u00f1ar un plan realista sin su participaci\u00f3n preeminente. Las administraciones no pueden dejar que se normalice la escena de calles enfangadas. El desaf\u00edo que supone restablecer el tejido social y productivo requiere diligencia y voluntad.<\/p>\n\n\n\n<p>Los 222 muertos merecen altura de miras y no emborronar su memoria con un debate partidista. Est\u00e1 tambi\u00e9n en juego que el aumento de la desafecci\u00f3n alentada por los ultrapopulistas quiebre la confianza en el sistema p\u00fablico, el \u00fanico que, pese a sus fallos, puede garantizar protecci\u00f3n y reparaci\u00f3n. La ciudadan\u00eda clama: \u201c\u00a1No nos olvid\u00e9is!\u201d. Por eso <a href=\"https:\/\/elpais.com\/economia\/2024-11-27\/nuevo-paquete-de-ayudas-para-los-afectados-por-la-dana-el-gobierno-lo-valora-en-2274-millones-de-euros.html\" target=\"_blank\" rel=\"noreferrer noopener\">las ayudas han de ser r\u00e1pidas, <\/a>aunque sin menguar en la transparencia y el control en el uso de las arcas p\u00fablicas. Tampoco deben convertirse en arma pol\u00edtica ni sembrar irresponsablemente confusi\u00f3n en medio del desconsuelo. De ah\u00ed que sea intolerable que, como hizo Maz\u00f3n, <a href=\"https:\/\/elpais.com\/espana\/comunidad-valenciana\/2024-11-28\/mazon-presume-de-ayudas-a-los-damnificados-por-la-dana-mientras-la-oposicion-insiste-en-que-dimita.html\" target=\"_blank\" rel=\"noreferrer noopener\">se pretenda confundir a la poblaci\u00f3n <\/a>alegando que se trata \u00fanicamente de cr\u00e9ditos cuando m\u00e1s de la mitad de las ayudas procedentes del Estado son a fondo perdido. Hay que exigir seriedad, porque se trata de que decenas de pueblos puedan volver a una normalidad en la que, en cualquier caso, siempre faltar\u00e1n m\u00e1s de 200 personas.<\/p>\n\n\n\n<p>EL PAIS EDITORIAL<\/p>\n\n\n\n<p>FOTO: Homenaje en Paiporta (Valencia) a las v\u00edctimas del temporal, el d\u00eda 29, al cumplirse un mes de la tragedia.Jaime Villanueva<\/p>\n\n\n\n<p><a href=\"https:\/\/elpais.com\/opinion\/2024-12-01\/sigue-siendo-la-hora-de-los-afectados.html\">https:\/\/elpais.com\/opinion\/2024-12-01\/sigue-siendo-la-hora-de-los-afectados.html<\/a><\/p>\n","protected":false},"excerpt":{"rendered":"<p>Pasado un mes de la dana, las muchas necesidades de los damnificados no deben quedar&#8230;<\/p>\n","protected":false},"author":1,"featured_media":73109,"comment_status":"closed","ping_status":"closed","sticky":false,"template":"","format":"standard","meta":{"_coblocks_attr":"","_coblocks_dimensions":"","_coblocks_responsive_height":"","_coblocks_accordion_ie_support":"","jetpack_post_was_ever_published":false,"_jetpack_newsletter_access":"","_jetpack_dont_email_post_to_subs":true,"_jetpack_newsletter_tier_id":0,"_jetpack_memberships_contains_paywalled_content":false,"_jetpack_memberships_contains_paid_content":false,"footnotes":"","jetpack_publicize_message":"","jetpack_publicize_feature_enabled":true,"jetpack_social_post_already_shared":true,"jetpack_social_options":{"image_generator_settings":{"template":"highway","enabled":false},"version":2}},"categories":[44,7671,6937],"tags":[],"class_list":["post-73108","post","type-post","status-publish","format-standard","has-post-thumbnail","hentry","category-noticias-de-hoy","category-politica","category-sociedad"],"jetpack_publicize_connections":[],"jetpack_featured_media_url":"https:\/\/i0.wp.com\/miradordeatarfe.es\/wp-content\/uploads\/2024\/12\/Screenshot-2024-12-01-at-20-29-27-Sigue-siendo-la-hora-de-los-afectados-Opinion-EL-PAIS.png?fit=551%2C258&ssl=1","jetpack_likes_enabled":true,"jetpack_sharing_enabled":true,"_links":{"self":[{"href":"https:\/\/miradordeatarfe.es\/index.php?rest_route=\/wp\/v2\/posts\/73108","targetHints":{"allow":["GET"]}}],"collection":[{"href":"https:\/\/miradordeatarfe.es\/index.php?rest_route=\/wp\/v2\/posts"}],"about":[{"href":"https:\/\/miradordeatarfe.es\/index.php?rest_route=\/wp\/v2\/types\/post"}],"author":[{"embeddable":true,"href":"https:\/\/miradordeatarfe.es\/index.php?rest_route=\/wp\/v2\/users\/1"}],"replies":[{"embeddable":true,"href":"https:\/\/miradordeatarfe.es\/index.php?rest_route=%2Fwp%2Fv2%2Fcomments&post=73108"}],"version-history":[{"count":1,"href":"https:\/\/miradordeatarfe.es\/index.php?rest_route=\/wp\/v2\/posts\/73108\/revisions"}],"predecessor-version":[{"id":73110,"href":"https:\/\/miradordeatarfe.es\/index.php?rest_route=\/wp\/v2\/posts\/73108\/revisions\/73110"}],"wp:featuredmedia":[{"embeddable":true,"href":"https:\/\/miradordeatarfe.es\/index.php?rest_route=\/wp\/v2\/media\/73109"}],"wp:attachment":[{"href":"https:\/\/miradordeatarfe.es\/index.php?rest_route=%2Fwp%2Fv2%2Fmedia&parent=73108"}],"wp:term":[{"taxonomy":"category","embeddable":true,"href":"https:\/\/miradordeatarfe.es\/index.php?rest_route=%2Fwp%2Fv2%2Fcategories&post=73108"},{"taxonomy":"post_tag","embeddable":true,"href":"https:\/\/miradordeatarfe.es\/index.php?rest_route=%2Fwp%2Fv2%2Ftags&post=73108"}],"curies":[{"name":"wp","href":"https:\/\/api.w.org\/{rel}","templated":true}]}}