{"id":73114,"date":"2024-12-04T09:30:00","date_gmt":"2024-12-04T08:30:00","guid":{"rendered":"https:\/\/miradordeatarfe.es\/?p=73114"},"modified":"2024-12-02T13:58:01","modified_gmt":"2024-12-02T12:58:01","slug":"la-app-para-conocer-granada-a-fondo-donde-comer-o-tapear-rutas-desconocidas-y-todos-los-planes","status":"publish","type":"post","link":"https:\/\/miradordeatarfe.es\/?p=73114","title":{"rendered":"La app para conocer Granada a fondo: d\u00f3nde comer o tapear, rutas desconocidas y todos los planes"},"content":{"rendered":"\n<p class=\"has-medium-font-size\"><strong>Los granadinos Mar\u00eda S\u00e1nchez y \u00c1ngel Liceras est\u00e1n detr\u00e1s de la aplicaci\u00f3n &#8216;Granada es para viajarla&#8217;<\/strong><\/p>\n\n\n\n<p>Hay mucha gente que viene de visita a Granada y se pierde muchas cosas. Eso testaron Mar\u00eda S\u00e1nchez S\u00e1nchez y \u00c1ngel Liceras Jim\u00e9nez, dos granadinos que se pusieron manos a la obra para subsanar ese d\u00e9ficit. El resultado es la aplicaci\u00f3n &#8216;Granada es para viajarla&#8217;, en la que divulgan cosas interesantes de la ciudad.<\/p>\n\n\n\n<p>Ambos llegaron al proyecto&nbsp;desde mundos, a priori, distanciados a la creaci\u00f3n de aplicaciones. Mar\u00eda es licenciada en Filolog\u00eda Inglesa y en Filolog\u00eda Italiana, actualmente imparte clases de italiano en la Universidad de Granada y, adem\u00e1s, es gu\u00eda tur\u00edstica oficial. \u00c1ngel, por su parte, es licenciado en Periodismo con una amplia experiencia en prensa, web, radio, televisi\u00f3n y social media. Los dos ten\u00edan experiencia trabajando juntos y dieron el paso con un proyecto que les est\u00e1 permitiendo \u00abvolcar conocimientos que por nuestra experiencia y formaci\u00f3n son muy \u00fatiles\u00bb.<\/p>\n\n\n\n<p>\u00abTeniendo caracteres distintos, nos complementamos muy bien\u00bb, cuentan. \u00abTodo conjug\u00f3 de manera perfecta para dar este paso que, en cierta manera, nos ha ofrecido tambi\u00e9n respuesta a necesidades personales y profesionales de cada uno en un momento concreto\u00bb. La app la definen como un &#8216;free tour&#8217; de bolsillo. Atiende las 24 horas. \u00abPensamos que es el complemento perfecto para aquellos que deciden descubrir la ciudad por s\u00ed mismos o los que han utilizado durante un par de horas los servicios de cualquiera de los fant\u00e1sticos gu\u00edas tur\u00edsticos que trabajan en Granada. Tenemos mucha suerte con el nivel del servicio y la atenci\u00f3n que prestan los profesionales del turismo en Granada\u00bb, elogian.<\/p>\n\n\n\n<p>Es una herramienta \u00ab\u00fatil y sencilla\u00bb. Esas han sido las dos premisas con las que empezaron a trabajar y las que mantienen en el tiempo. \u00abLo que pretende Granada es para viajarla es facilitar las cosas al turista o al granadino que acude a ella para orientarse o para buscar cualquier tipo de recomendaci\u00f3n\u00bb, detallan.<\/p>\n\n\n\n<h3 class=\"wp-block-heading\">Tres idiomas<\/h3>\n\n\n\n<p>Tres idiomas: en espa\u00f1ol, en ingl\u00e9s y en italiano. Adem\u00e1s de los lugares m\u00e1s interesantes que ofrece Granada para visitar, contiene recomendaciones para comer o tapear y consejos \u00abmuy de la gente\u00bb de Granada. La informaci\u00f3n la ofrecen en texto y v\u00eddeo. Las ubicaciones de los lugares las ordenan por proximidad. \u00abEres libre de perderte como quieras que con nosotros siempre te vas a encontrar\u00bb, bromean.<\/p>\n\n\n\n<p>Adem\u00e1s, ofrecen en esta app alternativas de todo tipo. Desde rutas personalizadas para conocer la ciudad o algunos de sus barrios de una forma distinta hasta propuestas culturales de la agenda de la ciudad. \u00abSomos un servicio de servicios. En la propia app puedes reservar un free tour, una cita en unos ba\u00f1os \u00e1rabes o hasta unas entradas para la Alhambra. En el men\u00fa secundario tienes tambi\u00e9n otro tipo de herramientas como un traductor (en las versiones ingl\u00e9s e italiano) o una secci\u00f3n con toda la informaci\u00f3n que necesitas controlar para moverte por la ciudad en transporte p\u00fablico\u00bb, rese\u00f1an los fundadores.<\/p>\n\n\n\n<p>El acceso es sencillo. En las tiendas de aplicaciones de Google y Apple, seg\u00fan el sistema operativo que tenga el m\u00f3vil. De lo que m\u00e1s &#8216;feedback&#8217; les est\u00e1 llegando es de sus recomendaciones para comer o ir de tapas. Incluso de gente de Granada que ha descubierto sitios que no conoc\u00eda. \u00abNos alegra esto especialmente porque actualmente ofrecemos una selecci\u00f3n muy personal y estamos trabajando para seguir incorporando sitios estupendos\u00bb, valoran.<\/p>\n\n\n\n<h3 class=\"wp-block-heading\">\u00abNo es f\u00e1cil decidirse a emprender y afrontar la burocracia que supone. Y no es dif\u00edcil caer en la tentaci\u00f3n del des\u00e1nimo\u00bb<\/h3>\n\n\n\n<p>Por supuesto, la Alhambra es la estrella del turismo. \u00abNos solicitan mucha informaci\u00f3n sobre c\u00f3mo conseguir entradas, c\u00f3mo encontrar un servicio de gu\u00eda que los acompa\u00f1e o sobre bonos tur\u00edsticos que ofrece la ciudad. Para orientar en todo eso est\u00e1 la app y, all\u00ed donde no llega la app, atendemos y facilitamos cualquier cuesti\u00f3n que nos llega directamente a trav\u00e9s de nuestra cuenta de Instagram o al whatsapp\u00bb, detallan.<\/p>\n\n\n\n<p>Mar\u00eda y \u00c1ngel presumen de que no hay una aplicaci\u00f3n igual dedicada a Granada. No existe, seg\u00fan cuentan ellos, \u00abotra que aglutine tantas herramientas y ofrezca tantas posibilidades\u00bb. \u00abSomos simplemente dos granadinos que hacen esto porque quieren, porque les gusta viajar y porque adoran su ciudad. Y si encima nos va bien, por supuesto, mucho mejor\u00bb, se\u00f1alan.<\/p>\n\n\n\n<p>Granada para viajarla surge de Mar\u00eda y de su forma de entender la vida. Tiene el convencimiento de que la vida es para viajarla. \u00abEs como un lema que nos repite cada vez que va o viene de alg\u00fan viaje. Como frase y como concepto es precioso. Representa un prop\u00f3sito, una filosof\u00eda, una actitud\u2026 As\u00ed que la elecci\u00f3n del nombre de la app y de nuestro proyecto fue r\u00e1pida y sencilla\u00bb, concreta \u00c1ngel.<\/p>\n\n\n\n<p>Lo del emprendimiento era nuevo para estos dos granadinos, pero se han adentrado al mismo con valent\u00eda y paso firme. \u00abSomos valientes y resistentes. Lo tenemos m\u00e1s que comprobado. Hoy en d\u00eda hay acceso a mucha informaci\u00f3n, muchas fuentes a las que acudir, otros emprendedores a los que consultar y asesoramiento por parte de instituciones p\u00fablicas que orientan. No \u00edbamos a dar un salto al vac\u00edo. Antes de empezar nos hemos informado y hemos realizado simulaciones que nos permitiesen ver que era factible\u00bb, puntualizan. \u00abNo es f\u00e1cil decidirse a emprender y afrontar la burocracia que supone. Y no es dif\u00edcil caer en la tentaci\u00f3n del des\u00e1nimo. Pero somos un equipo, nos ayudamos mucho tratando de llegar all\u00ed donde el otro no llega o tratando de amortiguar los bajones an\u00edmicos que podamos detectar el uno en el otro\u00bb, explican con la satisfacci\u00f3n de ver c\u00f3mo su proyecto empieza a dar pasos importantes.<\/p>\n\n\n\n<p><a href=\"https:\/\/www.ideal.es\/autor\/andrea-g-parra-2731.html\"><strong>Andrea G. Parra<\/strong><\/a><\/p>\n\n\n\n<p>FOTO: \u00c1ngel Liceras y Mar\u00eda S\u00e1nchez posan con su aplicaci\u00f3n Grancity<\/p>\n\n\n\n<p><a href=\"https:\/\/www.ideal.es\/economia\/factoria-de-empresas\/app-conocer-granada-fondo-comer-tapear-rutas-20241202232214-nt.html\">https:\/\/www.ideal.es\/economia\/factoria-de-empresas\/app-conocer-granada-fondo-comer-tapear-rutas-20241202232214-nt.html<\/a><\/p>\n","protected":false},"excerpt":{"rendered":"<p>Los granadinos Mar\u00eda S\u00e1nchez y \u00c1ngel Liceras est\u00e1n detr\u00e1s de la aplicaci\u00f3n &#8216;Granada es para&#8230;<\/p>\n","protected":false},"author":1,"featured_media":73115,"comment_status":"closed","ping_status":"closed","sticky":false,"template":"","format":"standard","meta":{"_coblocks_attr":"","_coblocks_dimensions":"","_coblocks_responsive_height":"","_coblocks_accordion_ie_support":"","jetpack_post_was_ever_published":false,"_jetpack_newsletter_access":"","_jetpack_dont_email_post_to_subs":true,"_jetpack_newsletter_tier_id":0,"_jetpack_memberships_contains_paywalled_content":false,"_jetpack_memberships_contains_paid_content":false,"footnotes":"","jetpack_publicize_message":"","jetpack_publicize_feature_enabled":true,"jetpack_social_post_already_shared":true,"jetpack_social_options":{"image_generator_settings":{"template":"highway","enabled":false},"version":2}},"categories":[10781,44,6920],"tags":[],"class_list":["post-73114","post","type-post","status-publish","format-standard","has-post-thumbnail","hentry","category-granada","category-noticias-de-hoy","category-tecnologia"],"jetpack_publicize_connections":[],"jetpack_featured_media_url":"https:\/\/i0.wp.com\/miradordeatarfe.es\/wp-content\/uploads\/2024\/12\/Imagen-granadaparaviajar-kcSF-U230159817661gAB-1200x840%40Ideal.webp?fit=1197%2C840&ssl=1","jetpack_likes_enabled":true,"jetpack_sharing_enabled":true,"_links":{"self":[{"href":"https:\/\/miradordeatarfe.es\/index.php?rest_route=\/wp\/v2\/posts\/73114","targetHints":{"allow":["GET"]}}],"collection":[{"href":"https:\/\/miradordeatarfe.es\/index.php?rest_route=\/wp\/v2\/posts"}],"about":[{"href":"https:\/\/miradordeatarfe.es\/index.php?rest_route=\/wp\/v2\/types\/post"}],"author":[{"embeddable":true,"href":"https:\/\/miradordeatarfe.es\/index.php?rest_route=\/wp\/v2\/users\/1"}],"replies":[{"embeddable":true,"href":"https:\/\/miradordeatarfe.es\/index.php?rest_route=%2Fwp%2Fv2%2Fcomments&post=73114"}],"version-history":[{"count":2,"href":"https:\/\/miradordeatarfe.es\/index.php?rest_route=\/wp\/v2\/posts\/73114\/revisions"}],"predecessor-version":[{"id":73120,"href":"https:\/\/miradordeatarfe.es\/index.php?rest_route=\/wp\/v2\/posts\/73114\/revisions\/73120"}],"wp:featuredmedia":[{"embeddable":true,"href":"https:\/\/miradordeatarfe.es\/index.php?rest_route=\/wp\/v2\/media\/73115"}],"wp:attachment":[{"href":"https:\/\/miradordeatarfe.es\/index.php?rest_route=%2Fwp%2Fv2%2Fmedia&parent=73114"}],"wp:term":[{"taxonomy":"category","embeddable":true,"href":"https:\/\/miradordeatarfe.es\/index.php?rest_route=%2Fwp%2Fv2%2Fcategories&post=73114"},{"taxonomy":"post_tag","embeddable":true,"href":"https:\/\/miradordeatarfe.es\/index.php?rest_route=%2Fwp%2Fv2%2Ftags&post=73114"}],"curies":[{"name":"wp","href":"https:\/\/api.w.org\/{rel}","templated":true}]}}