{"id":73169,"date":"2024-12-05T08:35:00","date_gmt":"2024-12-05T07:35:00","guid":{"rendered":"https:\/\/miradordeatarfe.es\/?p=73169"},"modified":"2024-12-03T13:50:07","modified_gmt":"2024-12-03T12:50:07","slug":"el-tabaquismo-cae-bruscamente-en-espana-y-se-situa-en-el-nivel-mas-bajo-en-30-anos","status":"publish","type":"post","link":"https:\/\/miradordeatarfe.es\/?p=73169","title":{"rendered":"El tabaquismo cae bruscamente en Espa\u00f1a y se sit\u00faa en el nivel m\u00e1s bajo en 30 a\u00f1os"},"content":{"rendered":"\n<p class=\"has-medium-font-size\"><strong>El consumo de alcohol se mantiene estable, pero caen las borracheras, seg\u00fan la \u00faltima gran encuesta de consumo de drogas del Ministerio de Sanidad<\/strong><\/p>\n\n\n\n<p>El n\u00famero de fumadores en Espa\u00f1a ha ca\u00eddo a los niveles m\u00e1s bajos en los \u00faltimos 30 a\u00f1os, desde que lo mide<a href=\"https:\/\/pnsd.sanidad.gob.es\/profesionales\/sistemasInformacion\/sistemaInformacion\/encuestas_EDADES.htm\" target=\"_blank\" rel=\"noreferrer noopener\"> la encuesta EDADES, del Ministerio de Sanidad<\/a>. Su \u00faltima edici\u00f3n, publicada este martes, muestra una brusca ca\u00edda que cambia una tendencia de estancamiento o incluso subida en la \u00faltima d\u00e9cada. Un <em><strong>28,9% de hombres de entre 15 y 64 a\u00f1os (a los que se dirige el estudio) y un 22,6% de mujeres fuman diariamente, lo que supone un descenso de casi 9 y 4 puntos, respectivamente.<\/strong><\/em><\/p>\n\n\n\n<p>El estudio, que realiza cada dos a\u00f1os el Plan Nacional sobre Drogas, tambi\u00e9n constata una ca\u00edda en el consumo de <a href=\"https:\/\/elpais.com\/sociedad\/2023-01-04\/el-consumo-de-tranquilizantes-sigue-avanzando-en-espana-1-de-cada-10-personas-los-ha-usado-en-el-ultimo-mes.html\" target=\"_blank\" rel=\"noreferrer noopener\">hipnosedantes (medicamentos tranquilizantes entre los que est\u00e1n los ansiol\u00edticos)<\/a> y de borracheras, aunque la ingesta de alcohol est\u00e1 muy estabilizada desde hace a\u00f1os: el 76,5% de la poblaci\u00f3n ha tomado bebidas alcoh\u00f3licas en los \u00faltimos 12 meses.<\/p>\n\n\n\n<p>El alcohol es la sustancia con potencial adictivo m\u00e1s consumida, seguida del tabaco (36,8% de consumo en los \u00faltimos 12 meses), el cannabis (12,6%, una ligera subida) y los tranquilizantes, con o sin receta (12%). Muy por debajo est\u00e1 la coca\u00edna (2,5%) y todav\u00eda m\u00e1s otras sustancias. <a href=\"https:\/\/elpais.com\/sociedad\/2023-09-10\/radiografia-del-alcohol-en-la-adolescencia-a-mayor-nivel-de-estudios-mas-consumo.html\" target=\"_blank\" rel=\"noreferrer noopener\">Alcohol y tabaco son tambi\u00e9n los de comienzo m\u00e1s precoz<\/a>: (16,4 y 16,6 a\u00f1os respectivamente), mientras que la edad media para el cannabis, la sustancia ilegal con un inicio m\u00e1s prematuro, es de 18,4 a\u00f1os.<\/p>\n\n\n\n<p>Todos los consumos, excepto el de medicamentos con potencial adictivo (ansiol\u00edticos, benzodiacepinas, opioides), est\u00e1n encabezados por hombres y la edad con m\u00e1s prevalencia se sit\u00faa entre los 15 y los 34 a\u00f1os. En hipnosedantes y analg\u00e9sicos opioides, sin embargo, aumenta a partir de los 35 a\u00f1os.<\/p>\n\n\n\n<p>La percepci\u00f3n de la disponibilidad de las drogas ilegales ha bajado sustancialmente, seg\u00fan el Plan Nacional, \u201cfruto de los esfuerzos de control de la oferta\u201d. Las que se perciben como m\u00e1s accesibles son el cannabis (el 59% de las personas entrevistadas cree que podr\u00eda conseguirla f\u00e1cilmente en 24 horas) y la coca\u00edna (40,6%). Para las dem\u00e1s sustancias ilegales, la percepci\u00f3n de disponibilidad es muy inferior.<\/p>\n\n\n\n<p><a href=\"https:\/\/elpais.com\/autor\/pablo-linde\/#?rel=author_top\"><strong>Pablo Linde<\/strong><\/a><\/p>\n\n\n\n<p>FOTO: Varios j\u00f3venes fuman en las inmediaciones del colegio Pia Balmes, en Barcelona.David Zorraquino (Europa Press)<\/p>\n\n\n\n<p><a href=\"https:\/\/elpais.com\/sociedad\/2024-12-03\/el-tabaquismo-cae-bruscamente-en-espana-y-se-situan-en-el-nivel-mas-bajo-en-30-anos.html\">https:\/\/elpais.com\/sociedad\/2024-12-03\/el-tabaquismo-cae-bruscamente-en-espana-y-se-situan-en-el-nivel-mas-bajo-en-30-anos.html<\/a><\/p>\n\n\n\n<p><a href=\"https:\/\/elpais.com\/autor\/pablo-linde\/#?rel=author_top\"><\/a><\/p>\n","protected":false},"excerpt":{"rendered":"<p>El consumo de alcohol se mantiene estable, pero caen las borracheras, seg\u00fan la \u00faltima gran&#8230;<\/p>\n","protected":false},"author":1,"featured_media":73170,"comment_status":"closed","ping_status":"closed","sticky":false,"template":"","format":"standard","meta":{"_coblocks_attr":"","_coblocks_dimensions":"","_coblocks_responsive_height":"","_coblocks_accordion_ie_support":"","jetpack_post_was_ever_published":false,"_jetpack_newsletter_access":"","_jetpack_dont_email_post_to_subs":true,"_jetpack_newsletter_tier_id":0,"_jetpack_memberships_contains_paywalled_content":false,"_jetpack_memberships_contains_paid_content":false,"footnotes":"","jetpack_publicize_message":"","jetpack_publicize_feature_enabled":true,"jetpack_social_post_already_shared":true,"jetpack_social_options":{"image_generator_settings":{"template":"highway","enabled":false},"version":2}},"categories":[1161,44,10],"tags":[],"class_list":["post-73169","post","type-post","status-publish","format-standard","has-post-thumbnail","hentry","category-ciudadania","category-noticias-de-hoy","category-salud"],"jetpack_publicize_connections":[],"jetpack_featured_media_url":"https:\/\/i0.wp.com\/miradordeatarfe.es\/wp-content\/uploads\/2024\/12\/Screenshot-2024-12-03-at-13-45-51-El-tabaquismo-cae-bruscamente-en-Espana-y-se-situa-en-el-nivel-mas-bajo-en-30-anos-Sociedad-EL-PAIS.png?fit=462%2C445&ssl=1","jetpack_likes_enabled":true,"jetpack_sharing_enabled":true,"_links":{"self":[{"href":"https:\/\/miradordeatarfe.es\/index.php?rest_route=\/wp\/v2\/posts\/73169","targetHints":{"allow":["GET"]}}],"collection":[{"href":"https:\/\/miradordeatarfe.es\/index.php?rest_route=\/wp\/v2\/posts"}],"about":[{"href":"https:\/\/miradordeatarfe.es\/index.php?rest_route=\/wp\/v2\/types\/post"}],"author":[{"embeddable":true,"href":"https:\/\/miradordeatarfe.es\/index.php?rest_route=\/wp\/v2\/users\/1"}],"replies":[{"embeddable":true,"href":"https:\/\/miradordeatarfe.es\/index.php?rest_route=%2Fwp%2Fv2%2Fcomments&post=73169"}],"version-history":[{"count":2,"href":"https:\/\/miradordeatarfe.es\/index.php?rest_route=\/wp\/v2\/posts\/73169\/revisions"}],"predecessor-version":[{"id":73172,"href":"https:\/\/miradordeatarfe.es\/index.php?rest_route=\/wp\/v2\/posts\/73169\/revisions\/73172"}],"wp:featuredmedia":[{"embeddable":true,"href":"https:\/\/miradordeatarfe.es\/index.php?rest_route=\/wp\/v2\/media\/73170"}],"wp:attachment":[{"href":"https:\/\/miradordeatarfe.es\/index.php?rest_route=%2Fwp%2Fv2%2Fmedia&parent=73169"}],"wp:term":[{"taxonomy":"category","embeddable":true,"href":"https:\/\/miradordeatarfe.es\/index.php?rest_route=%2Fwp%2Fv2%2Fcategories&post=73169"},{"taxonomy":"post_tag","embeddable":true,"href":"https:\/\/miradordeatarfe.es\/index.php?rest_route=%2Fwp%2Fv2%2Ftags&post=73169"}],"curies":[{"name":"wp","href":"https:\/\/api.w.org\/{rel}","templated":true}]}}