{"id":73197,"date":"2024-12-04T10:30:00","date_gmt":"2024-12-04T09:30:00","guid":{"rendered":"https:\/\/miradordeatarfe.es\/?p=73197"},"modified":"2024-12-04T10:23:41","modified_gmt":"2024-12-04T09:23:41","slug":"el-hijo-mayor-de-juana-rivas-pide-a-la-justicia-italiana-que-su-hermano-regrese-con-su-madre-corre-peligro","status":"publish","type":"post","link":"https:\/\/miradordeatarfe.es\/?p=73197","title":{"rendered":"El hijo mayor de Juana Rivas pide a la justicia italiana que su hermano regrese con su madre:\u00a0\u201cCorre\u00a0peligro\u201d"},"content":{"rendered":"\n<p class=\"has-medium-font-size\"><strong>Los letrados de la granadina recuerdan que el padre, Franceso Arcuri, est\u00e1 procesado por malos tratos a sus hijos en Italia y se enfrenta a 7 a\u00f1os de c\u00e1rcel, pero que a\u00fan as\u00ed sigue teniendo la custodia del\u00a0hermano\u00a0peque\u00f1o<\/strong><\/p>\n\n\n\n<p>Gabriel, el hijo mayor de Juana Rivas, la madre que estuvo un mes en paradero desconocido en Granada huyendo de los presuntos malos tratos de su entonces pareja, ha pedido ayuda a la justicia italiana para su hermano peque\u00f1o. En un comunicado y un v\u00eddeo enviados a la Fiscal\u00eda de Cagliari, el joven, que vive con su madre en el domicilio de esta, ha solicitado que la custodia de Daniel, el menor de los ni\u00f1os, recaiga en Juana Rivas para que pueda vivir con ellos. Lo solicita alegando que corre \u201cun gran peligro\u201d. <a href=\"https:\/\/www.eldiario.es\/andalucia\/granada\/justicia-italiana-obliga-repetir-juicio-le-nego-custodia-hijo-menor-juana-rivas_1_11320454.html\">La Justicia italiana obliga a repetir el juicio que neg\u00f3 a Juana Rivas la custodia de su hijo menor<\/a><\/p>\n\n\n\n<figure class=\"wp-block-image size-full\"><img data-recalc-dims=\"1\" loading=\"lazy\" decoding=\"async\" width=\"440\" height=\"248\" src=\"https:\/\/i0.wp.com\/miradordeatarfe.es\/wp-content\/uploads\/2024\/12\/b2a65c00-db36-41b5-bad8-355bfdd3f2dd_16-9-aspect-ratio_50p_0.webp?resize=440%2C248&#038;ssl=1\" alt=\"\" class=\"wp-image-73199\" srcset=\"https:\/\/i0.wp.com\/miradordeatarfe.es\/wp-content\/uploads\/2024\/12\/b2a65c00-db36-41b5-bad8-355bfdd3f2dd_16-9-aspect-ratio_50p_0.webp?w=440&amp;ssl=1 440w, https:\/\/i0.wp.com\/miradordeatarfe.es\/wp-content\/uploads\/2024\/12\/b2a65c00-db36-41b5-bad8-355bfdd3f2dd_16-9-aspect-ratio_50p_0.webp?resize=300%2C169&amp;ssl=1 300w\" sizes=\"auto, (max-width: 440px) 100vw, 440px\" \/><\/figure>\n\n\n\n<p>Este es el \u00faltimo episodio de una historia que cobr\u00f3 relevancia en el verano de 2017 cuando Rivas desapareci\u00f3 durante un mes junto con sus hijos para evitar entreg\u00e1rselos a su padre, el italiano Francesco Arcuri. Rivas huy\u00f3 durante m\u00e1s de un a\u00f1o alegando que corr\u00eda \u201cpeligro de muerte\u201d por los presuntos malos tratos que le propinaba su entonces pareja. En lugar de devolv\u00e9rselos, la granadina, asesorada por el Centro de la Mujer de Maracena, estuvo semanas en paradero desconocido. Ahora, es su hijo el que pasa a la acci\u00f3n <a href=\"https:\/\/www.eldiario.es\/andalucia\/justicia-italiana-le-deniega-juana-rivas-custodia-hijo-menor_1_8953441.html\" target=\"_blank\" rel=\"noreferrer noopener\">pidiendo amparo a la justicia italiana<\/a>.<\/p>\n\n\n\n\n\n\n\n<p><strong>El joven, que ya es mayor de edad, ha solicitado a la Fiscal\u00eda de Cagliari que se tomen medidas para evitar que su padre, Francesco Arcuri, siga estando al cargo de Daniel, su hermano, a\u00fan menor de edad<\/strong>. Lo pide as\u00ed porque, como recuerdan los letrados de Juana Rivas, la propia Fiscal\u00eda ha conclu\u00eddo tras una investigaci\u00f3n que Arcuri ha maltratado a sus hijos y que por lo tanto no puede tener la patria potestad del peque\u00f1o. De hecho, el Ministerio Fiscal de Cagliari pide 7 a\u00f1os de c\u00e1rcel por este motivo al padre de los ni\u00f1os. <\/p>\n\n\n\n<figure class=\"wp-block-embed is-type-video is-provider-youtube wp-block-embed-youtube wp-embed-aspect-4-3 wp-has-aspect-ratio\"><div class=\"wp-block-embed__wrapper\">\n<iframe loading=\"lazy\" title=\"V\u00eddeo del hijo mayor de Juana Rivas\" width=\"640\" height=\"480\" src=\"https:\/\/www.youtube.com\/embed\/CisJgOA6dMk?feature=oembed\" frameborder=\"0\" allow=\"accelerometer; autoplay; clipboard-write; encrypted-media; gyroscope; picture-in-picture; web-share\" referrerpolicy=\"strict-origin-when-cross-origin\" allowfullscreen><\/iframe>\n<\/div><\/figure>\n\n\n\n<h2 class=\"wp-block-heading\">\u201cContinuos ataques f\u00edsicos y verbales\u201d<\/h2>\n\n\n\n<p>En la misiva que Gabriel ha enviado a la Fiscal\u00eda, y a la que ha tenido acceso elDiario.es Andaluc\u00eda, el joven detalla los a\u00f1os que vivi\u00f3 junto con su padre en tierras italianas: \u201cOs hablo por conocimiento directo de lo que mi hermano est\u00e1 viviendo en su temprana edad. Cuando sufrimos el arrancamiento de nuestra madre, \u00e9l ten\u00eda 3 a\u00f1os, la \u00fanica forma para calmar su rabia fue una pastilla; lloraba y gritaba buscando la protecci\u00f3n de su madre\u201d.<\/p>\n\n\n\n<p>Dice que el da\u00f1o que le ha hecho su padre es \u201cdif\u00edcil de calcular\u201d. El hijo mayor de <a href=\"https:\/\/www.eldiario.es\/andalucia\/granada\/juana-rivas-contraataca-querella-juez-llevo-prision-maltrato-institucional_1_9209303.html\" target=\"_blank\" rel=\"noreferrer noopener\">Juana Rivas<\/a> llega a afirmar que por culpa de los episodios vividos ha llegado a tener adicci\u00f3n por la marihuana o abandonar \u201cel rumbo de vida de un adolescente\u201d. Siempre seg\u00fan el testimonio del joven, Francesco Arcuri culpaba a su madre de las situaciones que los ni\u00f1os viv\u00edan. <a href=\"https:\/\/www.eldiario.es\/andalucia\/justicia-italiana-le-deniega-juana-rivas-custodia-hijo-menor_1_8953441.html\" target=\"_blank\" rel=\"noreferrer noopener\">\u201cLlegu\u00e9 a Espa\u00f1a en 2022 como un juguete roto\u201d<\/a>, apunta sobre el momento en que regres\u00f3 a vivir con Juana Rivas en Granada.<\/p>\n\n\n\n\n\n\n\n<p>Relata incluso los momentos en los que su hermano peque\u00f1o, que sigue siendo menor y a\u00fan vive con su padre, ech\u00f3 de menos a su madre: \u201cRecuerdo que cuando se despertaba por las noches llorando y diciendo \u201dmamma\u201c, mi padre lo tiraba de la cama al suelo, lo arrastraba por las escaleras, golpe\u00e1ndolo en cada \u00e1ngulo, lo encerraba en una habitaci\u00f3n, con la llave echada\u201d.<\/p>\n\n\n\n<p>La carta no escatima en detalles de los hechos de los que Gabriel afirma haber sido v\u00edctima junto con su hermano Daniel. Asegura que ha llegado a hablar con \u00e9l y que le ha \u201ctransmitido el gran miedo y el dolor que tiene\u201d a causa de Francesco Arcuri, su progenitor: \u201cConozco a mi padre y se que no es capaz de controlar su impulsividad y su ira. Mi hermano est\u00e1 en gran peligro\u201d.<\/p>\n\n\n\n<p>\u201cSi os he escrito esto es porque todav\u00eda me queda algo de esperanza, espero que me demostr\u00e9is que si existe la empat\u00eda y el apoyo que esta causa merece. Os pido ayuda, en una semana, en un mes, en un a\u00f1o, podr\u00eda ocurrir cualquier cosa, y no quiero que dej\u00e9is pasar por alto esto. Soy la voz que mi hermano ha perdido\u201d, sentencia Gabriel en una carta en la que pide amparo a la Fiscal\u00eda de Cagliari.<\/p>\n\n\n\n<h2 class=\"wp-block-heading\">M\u00e1s de un lustro de litigios<\/h2>\n\n\n\n<p>Con esta carta, Juana Rivas vuelve a ser noticia tras llevar m\u00e1s de un lustro tratando de distanciarse de su expareja, al que acusa de maltratarla a ella y a los ni\u00f1os. Por huir y estar en paradero desconocido en el verano de 2017, la granadina fue condenada en primera instancia a cinco a\u00f1os de c\u00e1rcel, aunque primero una reducci\u00f3n de pena y despu\u00e9s un indulto parcial del Ejecutivo central <a href=\"https:\/\/www.eldiario.es\/andalucia\/granada\/audiencia-provincial-granada-acuerda-suspension-inmediata-pena-privativa-libertad-juana-rivas_1_8874891.html\" target=\"_blank\" rel=\"noreferrer noopener\">lograron su libertad<\/a> sin que apenas tuviese que pisar durante algunas semanas un centro de inserci\u00f3n social. <a href=\"https:\/\/www.eldiario.es\/andalucia\/granada\/sancionado-juez-caso-juana-rivas-trasladar-datos-hijos-periodico-justificar-auto_1_11630387.html\">Sancionado el juez del caso Juana Rivas por trasladar datos de uno de sus hijos a un peri\u00f3dico al justificar un auto<\/a><\/p>\n\n\n\n<p>Paralelamente, su equipo jur\u00eddico ha seguido trabajando en tierras italianas para recuperar la patria potestad de los ni\u00f1os. Gabriel, que actualmente es mayor de edad, volvi\u00f3 con su madre hace dos a\u00f1os y medio por decisi\u00f3n propia, pero Daniel, el m\u00e1s peque\u00f1o, sigue bajo el amparo de su progenitor. Sin embargo, la Fiscal\u00eda sostiene que Francesco Arcuri ha cometido malos tratos sobre los ni\u00f1os, por lo que considera que ha de exponerse a una pena de prisi\u00f3n. Por ello, piden que el menor de los j\u00f3venes vuelva con su madre y su hermano, Gabriel, clama por ello con una carta y un v\u00eddeo con el que, insiste, quiere poner de manifiesto el peligro que corre Daniel.<\/p>\n\n\n\n<p><a href=\"https:\/\/www.eldiario.es\/autores\/alvaro_lopez\/\">\u00c1lvaro L\u00f3pez<\/a><\/p>\n\n\n\n<p>FOTO: Fragmento del v\u00eddeo que Gabriel Arcuri Rivas ha grabado para pedir ayuda para su hermano<\/p>\n\n\n\n<p><a href=\"https:\/\/www.eldiario.es\/andalucia\/granada\/hijo-mayor-juana-rivas-pide-justicia-italiana-hermano-regrese-madre-corre-peligro_1_11873743.html\">https:\/\/www.eldiario.es\/andalucia\/granada\/hijo-mayor-juana-rivas-pide-justicia-italiana-hermano-regrese-madre-corre-peligro_1_11873743.html<\/a><\/p>\n","protected":false},"excerpt":{"rendered":"<p>Los letrados de la granadina recuerdan que el padre, Franceso Arcuri, est\u00e1 procesado por malos&#8230;<\/p>\n","protected":false},"author":1,"featured_media":73198,"comment_status":"closed","ping_status":"closed","sticky":false,"template":"","format":"standard","meta":{"_coblocks_attr":"","_coblocks_dimensions":"","_coblocks_responsive_height":"","_coblocks_accordion_ie_support":"","jetpack_post_was_ever_published":false,"_jetpack_newsletter_access":"","_jetpack_dont_email_post_to_subs":true,"_jetpack_newsletter_tier_id":0,"_jetpack_memberships_contains_paywalled_content":false,"_jetpack_memberships_contains_paid_content":false,"footnotes":"","jetpack_publicize_message":"","jetpack_publicize_feature_enabled":true,"jetpack_social_post_already_shared":true,"jetpack_social_options":{"image_generator_settings":{"template":"highway","enabled":false},"version":2}},"categories":[1161,14,44],"tags":[],"class_list":["post-73197","post","type-post","status-publish","format-standard","has-post-thumbnail","hentry","category-ciudadania","category-feminismo","category-noticias-de-hoy"],"jetpack_publicize_connections":[],"jetpack_featured_media_url":"https:\/\/i0.wp.com\/miradordeatarfe.es\/wp-content\/uploads\/2024\/12\/15cca3f5-7dbc-4ac0-a782-5813e9dde75c_16-9-discover-aspect-ratio_default_0.webp?fit=1200%2C675&ssl=1","jetpack_likes_enabled":true,"jetpack_sharing_enabled":true,"_links":{"self":[{"href":"https:\/\/miradordeatarfe.es\/index.php?rest_route=\/wp\/v2\/posts\/73197","targetHints":{"allow":["GET"]}}],"collection":[{"href":"https:\/\/miradordeatarfe.es\/index.php?rest_route=\/wp\/v2\/posts"}],"about":[{"href":"https:\/\/miradordeatarfe.es\/index.php?rest_route=\/wp\/v2\/types\/post"}],"author":[{"embeddable":true,"href":"https:\/\/miradordeatarfe.es\/index.php?rest_route=\/wp\/v2\/users\/1"}],"replies":[{"embeddable":true,"href":"https:\/\/miradordeatarfe.es\/index.php?rest_route=%2Fwp%2Fv2%2Fcomments&post=73197"}],"version-history":[{"count":1,"href":"https:\/\/miradordeatarfe.es\/index.php?rest_route=\/wp\/v2\/posts\/73197\/revisions"}],"predecessor-version":[{"id":73200,"href":"https:\/\/miradordeatarfe.es\/index.php?rest_route=\/wp\/v2\/posts\/73197\/revisions\/73200"}],"wp:featuredmedia":[{"embeddable":true,"href":"https:\/\/miradordeatarfe.es\/index.php?rest_route=\/wp\/v2\/media\/73198"}],"wp:attachment":[{"href":"https:\/\/miradordeatarfe.es\/index.php?rest_route=%2Fwp%2Fv2%2Fmedia&parent=73197"}],"wp:term":[{"taxonomy":"category","embeddable":true,"href":"https:\/\/miradordeatarfe.es\/index.php?rest_route=%2Fwp%2Fv2%2Fcategories&post=73197"},{"taxonomy":"post_tag","embeddable":true,"href":"https:\/\/miradordeatarfe.es\/index.php?rest_route=%2Fwp%2Fv2%2Ftags&post=73197"}],"curies":[{"name":"wp","href":"https:\/\/api.w.org\/{rel}","templated":true}]}}