{"id":73229,"date":"2024-12-08T08:32:00","date_gmt":"2024-12-08T07:32:00","guid":{"rendered":"https:\/\/miradordeatarfe.es\/?p=73229"},"modified":"2024-12-05T10:40:04","modified_gmt":"2024-12-05T09:40:04","slug":"los-fabricantes-de-bulos-se-aprovechan-de-la-indignacion-para-difundir-mentiras-en-la-red","status":"publish","type":"post","link":"https:\/\/miradordeatarfe.es\/?p=73229","title":{"rendered":"Los fabricantes de bulos se aprovechan de la indignaci\u00f3n para difundir mentiras en la red"},"content":{"rendered":"\n<p class=\"has-medium-font-size\"><strong>Las publicaciones con informaci\u00f3n falsa provocan m\u00e1s enfado que las fiables, y ese sentimiento es el que facilita la amplificaci\u00f3n de la desinformaci\u00f3n, que se comparte incluso sin leer el contenido<\/strong><\/p>\n\n\n\n<p>La indignaci\u00f3n vende. Quienes mueven los hilos de la desinformaci\u00f3n en internet, <a href=\"https:\/\/elpais.com\/tecnologia\/2024-11-22\/por-que-la-mayoria-de-influencers-de-informacion-son-hombres-y-conservadores.html\" target=\"_blank\" rel=\"noreferrer noopener\">quienquiera que sean<\/a>, lo saben mejor que nadie y la utilizan a su favor para amplificar sus narrativas. El ejemplo m\u00e1s reciente en Espa\u00f1a, quiz\u00e1s, sea la dana que sumergi\u00f3 a Valencia hace algunas semanas. Las lecturas conspiranoicas, las mentiras y las teor\u00edas extremistas <a href=\"https:\/\/elpais.com\/tecnologia\/2024-11-10\/sin-defensas-contra-el-odio-las-narrativas-toxicas-se-imponen-tras-la-dana.html\" target=\"_blank\" rel=\"noreferrer noopener\">salpicaron todo internet<\/a> y, por tanto, tambi\u00e9n la conversaci\u00f3n p\u00fablica m\u00e1s tangible. Pero no se trata de un fen\u00f3meno aislado. Un estudio publicado este jueves en <a href=\"https:\/\/www.science.org\/doi\/10.1126\/science.adl2829\" target=\"_blank\" rel=\"noreferrer noopener\">la revista <em>Science<\/em><\/a>, evidencia que las publicaciones en redes sociales que <a href=\"https:\/\/elpais.com\/tecnologia\/2024-11-24\/no-hay-una-bala-de-plata-contra-la-desinformacion.html\" target=\"_blank\" rel=\"noreferrer noopener\">contienen informaci\u00f3n falsa<\/a> provocan m\u00e1s indignaci\u00f3n que las que incluyen informaci\u00f3n fiable. Y es precisamente esa emoci\u00f3n la que facilita la difusi\u00f3n de mentiras por toda la red.<\/p>\n\n\n\n<p><a href=\"https:\/\/elpais.com\/tecnologia\/2024-11-24\/de-bannon-a-musk-la-decada-que-convirtio-la-desinformacion-en-la-nueva-normalidad.html#?rel=mas_sumario\">De Bannon a Musk: la d\u00e9cada que convirti\u00f3 la desinformaci\u00f3n en la nueva normalidad<\/a><\/p>\n\n\n\n<p>A la luz de los resultados, Ram\u00f3n Salaverr\u00eda, catedr\u00e1tico de Periodismo en la Universidad de Navarra y coordinador del Observatorio Ib\u00e9rico de Medios Digitales, asegura que \u201ceste estudio confirma con evidencias emp\u00edricas contundentes la hip\u00f3tesis de que las emociones desempe\u00f1an un rol clave en los procesos de diseminaci\u00f3n p\u00fablica de la desinformaci\u00f3n\u201d. El experto, citado por el portal SMC Espa\u00f1a, cree que la principal novedad de este estudio es que \u201cdetecta que la indignaci\u00f3n es espec\u00edficamente la emoci\u00f3n clave en la activaci\u00f3n de los procesos de difusi\u00f3n de falsedades\u201d.<\/p>\n\n\n\n<p>Sander Van Der Linden, director del Laboratorio de Toma de Decisiones Sociales de Cambridge, que no particip\u00f3 de la investigaci\u00f3n, confirma que la indignaci\u00f3n es una emoci\u00f3n muy intensa y negativa. \u201cNo creo que a la mayor\u00eda de las personas les guste experimentarla. Puede haber un<a href=\"https:\/\/elpais.com\/tecnologia\/2024-11-14\/clara-pretus-neurologa-hay-agentes-del-mal-que-estan-sacando-redito-al-generar-este-nerviosismo.html\" target=\"_blank\" rel=\"noreferrer noopener\"> sentido de indignaci\u00f3n moral colectiva<\/a> frente a eventos mundiales que puede resultar socialmente gratificante, pero, en t\u00e9rminos generales, no es una emoci\u00f3n que la gente persiga\u201d.<\/p>\n\n\n\n<p>Entonces, \u00bfcu\u00e1l es la recompensa? Van Der Linden aventura una hip\u00f3tesis: \u201cLos usuarios que comparten este tipo de noticias, falsas o verdaderas, buscan interacci\u00f3n, ya que conduce tanto a la validaci\u00f3n social como a recompensas financieras en plataformas como X. Si produces contenido que genera mucha interacci\u00f3n, puedes monetizarlo, lo que crea incentivos perversos en las redes sociales\u201d. El negocio de la indignaci\u00f3n existe, impulsado muchas veces por la amplificaci\u00f3n algor\u00edtmica de las propias plataformas.<\/p>\n\n\n\n<h3 class=\"wp-block-heading\">Primero comparto, luego leo<\/h3>\n\n\n\n<p>Los investigadores tambi\u00e9n descubrieron que los usuarios son m\u00e1s propensos a compartir informaci\u00f3n falsa, que provoca indignaci\u00f3n, sin leerla primero. Este hallazgo coincide con el de otro estudio publicado d\u00edas atr\u00e1s en <a href=\"https:\/\/www.nature.com\/articles\/s41562-024-02067-4\" target=\"_blank\" rel=\"noreferrer noopener\">la revista <em>Nature Human Behavior<\/em><\/a>. Un an\u00e1lisis de m\u00e1s de 35 millones de publicaciones con enlaces a noticias que circularon en la red social con <a href=\"https:\/\/elpais.com\/tecnologia\/2024-11-06\/bonaire-como-sintoma-los-difusores-de-bulos-no-van-a-aceptar-la-cifra-oficial-de-muertos-de-la-dana.html\" target=\"_blank\" rel=\"noreferrer noopener\">mucha virulencia<\/a> entre 2017 y 2020, arroj\u00f3 que tres de cada cuatro usuarios los compartieron sin hacer clic ni leer su contenido. Es decir, si encontr\u00f3 este art\u00edculo en Facebook y est\u00e1 leyendo estas l\u00edneas, ha llegado mucho m\u00e1s lejos que el 75% de los usuarios.<\/p>\n\n\n\n<p>Esta segunda investigaci\u00f3n sugiere que la mayor\u00eda de los internautas se limita a leer titulares y notas breves sin involucrarse demasiado con la informaci\u00f3n. S. Shyman Sundar, codirector del Laboratorio de Investigaci\u00f3n de Efectos de los Medios en Penn State y autor principal del estudio, menciona que siempre le ha preocupado lo f\u00e1cil que los usuarios de las redes sociales conf\u00edan en lo que ven circulando por all\u00ed. \u201cEn este proyecto, mis colaboradores y yo nos preguntamos si las personas siquiera leen, y muchos menos verifican, lo que comparten\u201d, a\u00f1ade. La respuesta a su pregunta es categ\u00f3rica para la mayor\u00eda de los casos: no.<\/p>\n\n\n\n<p>\u201cQue el porcentaje de personas que comparten noticias sin leerlas fuera tan alto como un 75% nos impact\u00f3 bastante\u201d, apunta el investigador. Si bien los datos de este estudio se limitaron a Facebook, Shyman asegura que los patrones no deben ser diferentes en otras plataformas como X. \u201cLo que hemos descubierto es una tendencia psicol\u00f3gica, un patr\u00f3n de comportamiento en l\u00ednea que resulta de la funci\u00f3n de compartir contenidos. Por lo tanto, mientras una plataforma ofrezca esta funci\u00f3n, es probable que observemos resultados similares\u201d.<\/p>\n\n\n\n<p>Ahora bien, \u00bfpor qu\u00e9 lo hacemos? Todos los especialistas consultados coinciden en que gran parte de la responsabilidad la tiene la sobrecarga informativa. \u201cSomos <a href=\"https:\/\/elpais.com\/tecnologia\/2024-11-02\/solo-el-pueblo-salva-al-pueblo-las-redes-reaccionarias-a-la-carga-contra-el-estado-fallido.html\" target=\"_blank\" rel=\"noreferrer noopener\">bombardeados diariamente<\/a> con informaci\u00f3n de todo tipo de medios a trav\u00e9s de una variedad de dispositivos, lo que mina nuestra capacidad mental. As\u00ed es que economizamos nuestros recursos cognitivos recurriendo a atajos, como leer solo los titulares y presionar el bot\u00f3n de compartir de inmediato, sin pensar demasiado en las consecuencias de nuestras acciones\u201d, aventura Shyman. Pero no deber\u00eda tomarse tan a la ligera. Hoy difundir algo en redes sociales tiene el potencial de llegar a todas partes del mundo y causar un da\u00f1o real. <a href=\"https:\/\/elpais.com\/tecnologia\/2024-10-30\/las-fake-news-provocan-problemas-de-orden-publico-bulos-sobre-agua-no-potable-rotura-de-presas-y-telefonos-de-emergencias.html\" target=\"_blank\" rel=\"noreferrer noopener\">Sobran ejemplos<\/a>.<\/p>\n\n\n\n<p>Ana Sof\u00eda Cardenal, profesora en la Universitat Oberta de Catalunya, explica que los humanos tenemos dos sistemas de cognici\u00f3n, uno m\u00e1s r\u00e1pido, intuitivo y autom\u00e1tico; y otro m\u00e1s lento y reflexivo. \u201cComo el segundo requiere m\u00e1s esfuerzo, lo utilizamos menos y solo cuando es necesario, es decir, cuando hay <a href=\"https:\/\/elpais.com\/ciencia\/2023-09-12\/negar-las-alarmas-dudar-de-los-datos-y-los-expertos-por-que-la-derecha-recela-de-la-ciencia.html#?rel=mas\" target=\"_blank\" rel=\"noreferrer noopener\">mucho en juego<\/a> a la hora de tomar una decisi\u00f3n\u201d, dice.<\/p>\n\n\n\n<h3 class=\"wp-block-heading\">Procesos que se retroalimentan<\/h3>\n\n\n\n<p>Tanto la pr\u00e1ctica de compartir en autom\u00e1tico, sin leer, como difundir noticias falsas indignantes, alimenta la segregaci\u00f3n ideol\u00f3gica y las burbujas de informaci\u00f3n. Para Cardenal, \u201clo que es m\u00e1s dif\u00edcil de saber es qu\u00e9 causa qu\u00e9. Es decir, cu\u00e1nto contribuye la polarizaci\u00f3n a esta pr\u00e1ctica, y cu\u00e1nto esta pr\u00e1ctica, a la polarizaci\u00f3n\u201d. Y agrega: \u201cSon procesos que se retroalimentan\u201d.<\/p>\n\n\n\n<p>Para Silvia Maj\u00f3-V\u00e1zquez, investigadora asociada del Reuters Institute y profesora de la Universidad Libre de \u00c1msterdam, la pr\u00e1ctica de compartir contenido sin leerlo tiene otro gran problema. Entre los acad\u00e9micos se lo conoce como <em>snacking <\/em>o picoteo informativo. As\u00ed lo explica: \u201cEs com\u00fan leer un titular y generarme la <a href=\"https:\/\/elpais.com\/opinion\/2024-11-06\/el-debate-como-condicionan-las-redes-y-los-bulos-nuestro-modelo-de-convivencia.html\" target=\"_blank\" rel=\"noreferrer noopener\">ilusi\u00f3n de que estoy informado<\/a> y s\u00e9 de qu\u00e9 van las cosas, por lo que creo que ya puedo tomar decisiones en el \u00e1mbito p\u00fablico\u201d.<\/p>\n\n\n\n<p>La soluci\u00f3n a este problema parece estar lejos. Shyman sugiere que el primer paso deber\u00edan darlo las propias plataformas. \u201cLas redes sociales deber\u00edan introducir fricci\u00f3n en sus interfaces, dificultando que las personas compartan contenido en sus redes\u201d, dice. El experto se\u00f1ala que tanto Facebook como X \u201cpodr\u00edan incluir se\u00f1ales o advertencias en su dise\u00f1o que hagan que los usuarios se detengan y reflexionen antes de proceder con el acto de compartir\u201d. Tambi\u00e9n sugiere que se incluya una alerta indicando que la persona que comparti\u00f3 el contenido lo hizo <a href=\"https:\/\/elpais.com\/tecnologia\/2024-11-04\/el-rey-senalo-un-culpable-en-medio-del-lodazal-la-desinformacion.html\" target=\"_blank\" rel=\"noreferrer noopener\">sin leer completamente la informaci\u00f3n<\/a>. Otra estrategia global ser\u00eda limitar la cantidad de contenido que una persona puede compartir. Algo como la funci\u00f3n que implement\u00f3 WhatsApp hace unos a\u00f1os en algunos mercados, que imped\u00eda reenviar un mensaje que ya hab\u00eda sido compartido demasiadas veces.<\/p>\n\n\n\n<p>Cardenal, por su parte, cree que los poderes p\u00fablicos deben cortar el problema de ra\u00edz \u201climitando a las plataformas\u201d. Y Van Der Linden propone instaurar un sistema de puntajes de credibilidad o clasificaciones de confiabilidad que incentive a los usuarios a <a href=\"https:\/\/elpais.com\/tecnologia\/2024-10-30\/las-fake-news-provocan-problemas-de-orden-publico-bulos-sobre-agua-no-potable-rotura-de-presas-y-telefonos-de-emergencias.html\" target=\"_blank\" rel=\"noreferrer noopener\">compartir contenido m\u00e1s confiable<\/a>. \u201cCuando compartes desinformaci\u00f3n y contenido extremista dise\u00f1ado para provocar indignaci\u00f3n, tu puntaje de credibilidad disminuir\u00eda\u201d, dice, perjudicando esa validaci\u00f3n social que muchos buscan.<\/p>\n\n\n\n<p><a href=\"https:\/\/elpais.com\/autor\/facundo-macchi-vazquez\/#?rel=author_top\"><strong>Facundo Macchi<\/strong><\/a><\/p>\n\n\n\n<p>FOTO: Tres de cada cuatro usuarios en redes sociales comparten noticias sin hacer clic ni leer su contenido.Jes\u00fas Hell\u00edn (Europa Press)<\/p>\n\n\n\n<p>https:\/\/elpais.com\/tecnologia\/2024-11-28\/los-fabricantes-de-bulos-se-aprovechan-de-la-indignacion-para-difundir-mentiras-en-la-red.html<a href=\"https:\/\/elpais.com\/autor\/facundo-macchi-vazquez\/#?rel=author_top\"><\/a><\/p>\n","protected":false},"excerpt":{"rendered":"<p>Las publicaciones con informaci\u00f3n falsa provocan m\u00e1s enfado que las fiables, y ese sentimiento es&#8230;<\/p>\n","protected":false},"author":1,"featured_media":73230,"comment_status":"closed","ping_status":"closed","sticky":false,"template":"","format":"standard","meta":{"_coblocks_attr":"","_coblocks_dimensions":"","_coblocks_responsive_height":"","_coblocks_accordion_ie_support":"","jetpack_post_was_ever_published":false,"_jetpack_newsletter_access":"","_jetpack_dont_email_post_to_subs":true,"_jetpack_newsletter_tier_id":0,"_jetpack_memberships_contains_paywalled_content":false,"_jetpack_memberships_contains_paid_content":false,"footnotes":"","jetpack_publicize_message":"","jetpack_publicize_feature_enabled":true,"jetpack_social_post_already_shared":true,"jetpack_social_options":{"image_generator_settings":{"template":"highway","enabled":false},"version":2}},"categories":[44,6937,6920],"tags":[],"class_list":["post-73229","post","type-post","status-publish","format-standard","has-post-thumbnail","hentry","category-noticias-de-hoy","category-sociedad","category-tecnologia"],"jetpack_publicize_connections":[],"jetpack_featured_media_url":"https:\/\/i0.wp.com\/miradordeatarfe.es\/wp-content\/uploads\/2024\/12\/Screenshot-2024-12-05-at-10-36-26-Los-fabricantes-de-bulos-se-aprovechan-de-la-indignacion-para-difundir-mentiras-en-la-red-Tecnologia-EL-PAIS.png?fit=563%2C381&ssl=1","jetpack_likes_enabled":true,"jetpack_sharing_enabled":true,"_links":{"self":[{"href":"https:\/\/miradordeatarfe.es\/index.php?rest_route=\/wp\/v2\/posts\/73229","targetHints":{"allow":["GET"]}}],"collection":[{"href":"https:\/\/miradordeatarfe.es\/index.php?rest_route=\/wp\/v2\/posts"}],"about":[{"href":"https:\/\/miradordeatarfe.es\/index.php?rest_route=\/wp\/v2\/types\/post"}],"author":[{"embeddable":true,"href":"https:\/\/miradordeatarfe.es\/index.php?rest_route=\/wp\/v2\/users\/1"}],"replies":[{"embeddable":true,"href":"https:\/\/miradordeatarfe.es\/index.php?rest_route=%2Fwp%2Fv2%2Fcomments&post=73229"}],"version-history":[{"count":1,"href":"https:\/\/miradordeatarfe.es\/index.php?rest_route=\/wp\/v2\/posts\/73229\/revisions"}],"predecessor-version":[{"id":73231,"href":"https:\/\/miradordeatarfe.es\/index.php?rest_route=\/wp\/v2\/posts\/73229\/revisions\/73231"}],"wp:featuredmedia":[{"embeddable":true,"href":"https:\/\/miradordeatarfe.es\/index.php?rest_route=\/wp\/v2\/media\/73230"}],"wp:attachment":[{"href":"https:\/\/miradordeatarfe.es\/index.php?rest_route=%2Fwp%2Fv2%2Fmedia&parent=73229"}],"wp:term":[{"taxonomy":"category","embeddable":true,"href":"https:\/\/miradordeatarfe.es\/index.php?rest_route=%2Fwp%2Fv2%2Fcategories&post=73229"},{"taxonomy":"post_tag","embeddable":true,"href":"https:\/\/miradordeatarfe.es\/index.php?rest_route=%2Fwp%2Fv2%2Ftags&post=73229"}],"curies":[{"name":"wp","href":"https:\/\/api.w.org\/{rel}","templated":true}]}}