{"id":73232,"date":"2024-12-08T09:00:00","date_gmt":"2024-12-08T08:00:00","guid":{"rendered":"https:\/\/miradordeatarfe.es\/?p=73232"},"modified":"2024-12-08T12:38:31","modified_gmt":"2024-12-08T11:38:31","slug":"el-trovo-el-arte-vivo-que-resuena-en-nuestra-tertulia-poetico-literaria","status":"publish","type":"post","link":"https:\/\/miradordeatarfe.es\/?p=73232","title":{"rendered":"El Trovo: El Arte vivo que resuena en LA UNIVERSIDAD DE MAYORES"},"content":{"rendered":"\n<p>La tertulia de la Asociaci\u00f3n ALUMA <strong>asociaci\u00f3n de alumnos pertenecientes al Aula Permanente de Formaci\u00f3n Abierta de la Universidad de Granada,<\/strong> han tenido un testimonio vibrante de la fuerza de la poes\u00eda popular, esa que encuentra su m\u00e1xima expresi\u00f3n en los<strong> trovos.<\/strong><\/p>\n\n\n\n<p>El trovo, esa joya de la tradici\u00f3n musical de La Alpujarra y otras comarcas del sureste espa\u00f1ol, nos transporta a un universo donde la palabra y la m\u00fasica dialogan en perfecta armon\u00eda. Se trata de un arte ancestral que emerge de lo m\u00e1s profundo de nuestras ra\u00edces culturales, consistente en la improvisaci\u00f3n de \u201cpoes\u00eda dialogada\u201d sobre una base musical folcl\u00f3rica. Este tesoro cultural, que abarca desde Almer\u00eda y Granada hasta Murcia y el sur de Albacete, tambi\u00e9n resuena en la comarca de Loja, la Subb\u00e9tica cordobesa y el noreste de M\u00e1laga.<\/p>\n\n\n\n<p>Hoy, en la voz de las ingeniosas <strong>Poetisas del Genil<\/strong> \u2014Marina, Laura y Marta\u2014, el trovo ha cobrado una nueva vida, emocionando a todos los presentes en nuestra tertulia. Desde las orillas del r\u00edo Genil, estas j\u00f3venes artistas han revivido una tradici\u00f3n centenaria con alma, frescura y destreza, demostrando que este arte sigue tan vivo como siempre.<\/p>\n\n\n\n<p>La sala vibr\u00f3 con entusiasmo. Los versos improvisados, llenos de gracia y picard\u00eda, sobrevolaron el aula como p\u00e1jaros que encuentran eco en cada rinc\u00f3n, despertando sonrisas y aplausos. La musicalidad de los verdiales, esa melod\u00eda que parece susurrar los secretos de nuestra tierra, acompa\u00f1\u00f3 los versos, dot\u00e1ndolos de una magia \u00fanica.<\/p>\n\n\n\n<p>La<strong> Asociaci\u00f3n de Troveros \u201cEl Loje\u00f1o\u201d<\/strong> ha sabido preservar este arte que se siente tan viejo como el eco de las monta\u00f1as, y hoy fuimos testigos de c\u00f3mo se reinventa sin perder su esencia. En esta tarde, comprobamos que la poes\u00eda popular, sencilla y llena de musicalidad, sigue siendo un puente entre generaciones, un arte vivo que nos conecta con nuestras ra\u00edces m\u00e1s profundas.<\/p>\n\n\n\n<figure class=\"wp-block-image size-large\"><img data-recalc-dims=\"1\" loading=\"lazy\" decoding=\"async\" width=\"640\" height=\"320\" src=\"https:\/\/i0.wp.com\/miradordeatarfe.es\/wp-content\/uploads\/2024\/12\/thumbnail_20241203_191750_HDR.jpg?resize=640%2C320&#038;ssl=1\" alt=\"\" class=\"wp-image-73233\" srcset=\"https:\/\/i0.wp.com\/miradordeatarfe.es\/wp-content\/uploads\/2024\/12\/thumbnail_20241203_191750_HDR.jpg?resize=1024%2C512&amp;ssl=1 1024w, https:\/\/i0.wp.com\/miradordeatarfe.es\/wp-content\/uploads\/2024\/12\/thumbnail_20241203_191750_HDR.jpg?resize=300%2C150&amp;ssl=1 300w, https:\/\/i0.wp.com\/miradordeatarfe.es\/wp-content\/uploads\/2024\/12\/thumbnail_20241203_191750_HDR.jpg?resize=768%2C384&amp;ssl=1 768w, https:\/\/i0.wp.com\/miradordeatarfe.es\/wp-content\/uploads\/2024\/12\/thumbnail_20241203_191750_HDR.jpg?resize=1536%2C768&amp;ssl=1 1536w, https:\/\/i0.wp.com\/miradordeatarfe.es\/wp-content\/uploads\/2024\/12\/thumbnail_20241203_191750_HDR.jpg?resize=1320%2C660&amp;ssl=1 1320w, https:\/\/i0.wp.com\/miradordeatarfe.es\/wp-content\/uploads\/2024\/12\/thumbnail_20241203_191750_HDR.jpg?w=1920&amp;ssl=1 1920w\" sizes=\"auto, (max-width: 640px) 100vw, 640px\" \/><\/figure>\n\n\n\n<p><strong>\u00a1Qu\u00e9 suerte tenemos en Andaluc\u00eda de poseer y disfrutar de este tesoro cultural!<\/strong> Hoy, m\u00e1s que nunca, nos sentimos parte de ese legado que habla de nuestra forma de ser, sentir y pensar.<\/p>\n\n\n\n<p><strong>El trovo est\u00e1 vivo. Y hoy, lo hemos sentido vibrar en cada coraz\u00f3n.<\/strong><\/p>\n\n\n\n<p>Jos\u00e9 Rodr\u00edguez S\u00e1nchez<\/p>\n\n\n\n<p><a href=\"https:\/\/youtu.be\/ArZvPcz5VKY\">Aqu\u00ed se puede ver el v\u00eddeo de la tertulia.<\/a><\/p>\n","protected":false},"excerpt":{"rendered":"<p>La tertulia de la Asociaci\u00f3n ALUMA asociaci\u00f3n de alumnos pertenecientes al Aula Permanente de Formaci\u00f3n&#8230;<\/p>\n","protected":false},"author":1,"featured_media":73234,"comment_status":"closed","ping_status":"closed","sticky":false,"template":"","format":"standard","meta":{"_coblocks_attr":"","_coblocks_dimensions":"","_coblocks_responsive_height":"","_coblocks_accordion_ie_support":"","jetpack_post_was_ever_published":false,"_jetpack_newsletter_access":"","_jetpack_dont_email_post_to_subs":true,"_jetpack_newsletter_tier_id":0,"_jetpack_memberships_contains_paywalled_content":false,"_jetpack_memberships_contains_paid_content":false,"footnotes":"","jetpack_publicize_message":"","jetpack_publicize_feature_enabled":true,"jetpack_social_post_already_shared":false,"jetpack_social_options":{"image_generator_settings":{"template":"highway","enabled":false},"version":2}},"categories":[10791,1161,44],"tags":[],"class_list":["post-73232","post","type-post","status-publish","format-standard","has-post-thumbnail","hentry","category-andalucia","category-ciudadania","category-noticias-de-hoy"],"jetpack_publicize_connections":[],"jetpack_featured_media_url":"https:\/\/i0.wp.com\/miradordeatarfe.es\/wp-content\/uploads\/2024\/12\/thumbnail_20241203_191641_HDR.jpg?fit=1345%2C762&ssl=1","jetpack_likes_enabled":true,"jetpack_sharing_enabled":true,"_links":{"self":[{"href":"https:\/\/miradordeatarfe.es\/index.php?rest_route=\/wp\/v2\/posts\/73232","targetHints":{"allow":["GET"]}}],"collection":[{"href":"https:\/\/miradordeatarfe.es\/index.php?rest_route=\/wp\/v2\/posts"}],"about":[{"href":"https:\/\/miradordeatarfe.es\/index.php?rest_route=\/wp\/v2\/types\/post"}],"author":[{"embeddable":true,"href":"https:\/\/miradordeatarfe.es\/index.php?rest_route=\/wp\/v2\/users\/1"}],"replies":[{"embeddable":true,"href":"https:\/\/miradordeatarfe.es\/index.php?rest_route=%2Fwp%2Fv2%2Fcomments&post=73232"}],"version-history":[{"count":2,"href":"https:\/\/miradordeatarfe.es\/index.php?rest_route=\/wp\/v2\/posts\/73232\/revisions"}],"predecessor-version":[{"id":73291,"href":"https:\/\/miradordeatarfe.es\/index.php?rest_route=\/wp\/v2\/posts\/73232\/revisions\/73291"}],"wp:featuredmedia":[{"embeddable":true,"href":"https:\/\/miradordeatarfe.es\/index.php?rest_route=\/wp\/v2\/media\/73234"}],"wp:attachment":[{"href":"https:\/\/miradordeatarfe.es\/index.php?rest_route=%2Fwp%2Fv2%2Fmedia&parent=73232"}],"wp:term":[{"taxonomy":"category","embeddable":true,"href":"https:\/\/miradordeatarfe.es\/index.php?rest_route=%2Fwp%2Fv2%2Fcategories&post=73232"},{"taxonomy":"post_tag","embeddable":true,"href":"https:\/\/miradordeatarfe.es\/index.php?rest_route=%2Fwp%2Fv2%2Ftags&post=73232"}],"curies":[{"name":"wp","href":"https:\/\/api.w.org\/{rel}","templated":true}]}}