{"id":73244,"date":"2024-12-10T09:00:00","date_gmt":"2024-12-10T08:00:00","guid":{"rendered":"https:\/\/miradordeatarfe.es\/?p=73244"},"modified":"2024-12-09T12:24:12","modified_gmt":"2024-12-09T11:24:12","slug":"decidieron-donar-ropa-usada-junto-a-rastreadores-tipo-airtag-ocultos-ahora-han-descubierto-una-de-las-estafas-del-siglo","status":"publish","type":"post","link":"https:\/\/miradordeatarfe.es\/?p=73244","title":{"rendered":"Decidieron donar ropa usada junto a rastreadores tipo AirTag ocultos. Ahora han descubierto una de las estafas del siglo"},"content":{"rendered":"\n<p class=\"has-medium-font-size\"><strong>Greenpeace quiso saber d\u00f3nde iba a parar la ropa que donamos en contenedores y destaparon un enorme problema estructural a nivel gubernamental<\/strong><\/p>\n\n\n\n<p><a href=\"https:\/\/twitter.com\/AlvaroGarciaM_\"><\/a><\/p>\n\n\n\n<p>Ciudades y pueblos de toda Espa\u00f1a disponen de <strong>contenedores en los que echar la ropa usada con el fin de darle una segunda vida<\/strong>, ya sea mediante una donaci\u00f3n a pa\u00edses en desarrollo o poni\u00e9ndose a la venta como ropa usada. Sin embargo, siempre ha existido una cierta duda acerca de d\u00f3nde acaban esas prendas. En virtud de ello, desde Greenpeace <a href=\"https:\/\/es.greenpeace.org\/es\/sala-de-prensa\/comunicados\/gran-parte-de-la-ropa-usada-no-llega-a-tener-una-segunda-vida-tras-meses-de-rastreo-mediante-geolocalizadores\/\">iniciaron una investigaci\u00f3n<\/a> con rastreadores de ubicaci\u00f3n como los <a href=\"https:\/\/www.applesfera.com\/nuevo\/airtag-que-como-funciona-tecnologia-apple-para-encontrar-cualquier-cosa\">AirTag<\/a>.<\/p>\n\n\n\n<p>Y claro, ha habido sorpresas y no precisamente agradables. La organizaci\u00f3n ha podido confirmar que existe <strong>una turbia red de circulaci\u00f3n de residuo textil<\/strong> y en la que los ayuntamientos y otras autoridades p\u00fablicas competentes estar\u00edan despoj\u00e1ndose de su responsabilidad en esta materia. \u00bfD\u00f3nde acaba entonces nuestra ropa usada?<\/p>\n\n\n\n<h2 class=\"wp-block-heading\">Donamos mucha ropa, pero apenas se reutiliza<\/h2>\n\n\n\n<p><a href=\"https:\/\/geo.dailymotion.com\/player\/x8gnb.html?mute=true\">https:\/\/geo.dailymotion.com\/player\/x8gnb.html?mute=true<\/a><\/p>\n\n\n\n<p>Por poner algo de contexto previo, podemos observar las conclusiones extra\u00eddas de un <a href=\"https:\/\/www.eionet.europa.eu\/etcs\/etc-ce\/products\/etc-ce-report-2024-5-textile-waste-management-in-europes-circular-economy\">reciente estudio de la EEA<\/a> (Agencia Europea del Medioambiente). En \u00e9l se analizan datos de 2020 con respecto a las donaciones de ropa en toda la Uni\u00f3n Europea. El primer dato relevante es que <strong>se generaron 6,95 millones de toneladas de residuos textiles<\/strong>, lo que equivaldr\u00eda a unos 16 kilogramos por persona y a\u00f1o.<\/p>\n\n\n\n<p>Aquel dato supone un contraste importante con lo que ve\u00edamos a principios de siglo, ya que en el a\u00f1o 2000 apenas se generaron 550.000 toneladas de residuos textiles. En dos d\u00e9cadas se han triplicado los datos.<\/p>\n\n\n\n<p><a href=\"https:\/\/www.applesfera.com\/airtag\/este-usuario-decidio-tirar-varios-airtag-a-basura-acabo-descubriendo-trama-estafas-a-nivel-gubernamental\">Esta usuaria decidi\u00f3 tirar varios AirTag a la basura y acab\u00f3 descubriendo una trama de estafas a nivel gubernamental<\/a><\/p>\n\n\n\n<p>En lo que a Espa\u00f1a se refiere, superamos la media de residuos textiles de otros pa\u00edses de la UE. Alcanzamos unos 20 kilogramos por persona y a\u00f1o, aunque ya aparece un primer dato preocupante: tan s\u00f3lo se recogen 2,1 kilogramos por persona para darle una segunda vida. Esto supone que <strong>apenas el 4% de la ropa que echamos a contenedores se recupera<\/strong>.<\/p>\n\n\n\n<h2 class=\"wp-block-heading\">Los rastreadores tipo AirTag destapan un gran problema estructural<\/h2>\n\n\n\n<p>Por parte de Greenpeace se ha ido un paso m\u00e1s all\u00e1 y se ha querido saber d\u00f3nde acaba realmente la ropa, cu\u00e1nto tarda en llegar a ese destino y si luego se le acaba dando una segunda vida o no. Para ello <strong>monitorizaron 29 prendas<\/strong> que se donan en contenedores de la v\u00eda p\u00fablica o en tiendas como Mango y Zara. Todas ellas con accesorios como el AirTag y similares.<\/p>\n\n\n\n<p><img data-recalc-dims=\"1\" loading=\"lazy\" decoding=\"async\" height=\"429\" width=\"640\" srcset=\"https:\/\/i.blogs.es\/b545b9\/mapa\/450_1000.webp 450w, https:\/\/i.blogs.es\/b545b9\/mapa\/650_1200.webp 681w,https:\/\/i.blogs.es\/b545b9\/mapa\/1024_2000.webp 1024w, https:\/\/i.blogs.es\/b545b9\/mapa\/1366_2000.webp 1366w\" src=\"https:\/\/i0.wp.com\/i.blogs.es\/b545b9\/mapa\/450_1000.webp?resize=640%2C429&#038;ssl=1\" alt=\"Mapa\"\/>Estos fueron los destinos de la ropa rastreada por Greenpeace<\/p>\n\n\n\n<p>El caso es que de esa treintena de prendas rastreadas, <strong>solamente una lleg\u00f3 a un destino en el que se le dio una segunda vida<\/strong>. Fue en Ruman\u00eda, donde acab\u00f3 siendo adquirida por una tienda de segunda mano que probablemente acabar\u00eda poni\u00e9ndola en venta para el p\u00fablico.<\/p>\n\n\n\n<p>Luego, alrededor de la mitad del resto de prendas se quedaron en Espa\u00f1a. Se pudo observar que alguna de ellas s\u00ed que lleg\u00f3 a moverse una o varias veces por nuestro territorio, pero sin un rumbo fijo y sin que finalmente acabasen siendo donadas a alguna asociaci\u00f3n o tienda de segunda mano. No cumplieron con eso de darles una segunda vida.<\/p>\n\n\n\n<h2 class=\"wp-block-heading\">Y para colmo, la que llega a su destino es ropa en mal estado<\/h2>\n\n\n\n<p>De las prendas restantes que fueron rastreadas, Greenpeace sabe que <strong>recorrieron miles de kil\u00f3metros<\/strong> pasando por pa\u00edses sudamericanos como Chile, africanos como Marruecos, Togo o Egipto y tambi\u00e9n en Asia llegando a Pakist\u00e1n o India. Sin embargo, no tienen certezas de que finalmente acabasen teniendo una segunda vida en manos de otros propietarios.<\/p>\n\n\n\n<p>Debido a todo esto, la ONG denuncia un <strong>circuito irregular en la gesti\u00f3n de residuos textiles<\/strong>. La recogida selectiva de residuos es algo que le corresponde a los ayuntamientos, pero desde Greenpeace sospechan que est\u00e1n eludiendo tal responsabilidad en lo que a los residuos textiles se refiere.<\/p>\n\n\n\n<p>De igual modo, tambi\u00e9n ponen de manifiesto la poca o nula utilidad que luego representa la donaci\u00f3n de ropa, siendo esto un tir\u00f3n de orejas para los particulares donantes. Seg\u00fan sus investigaciones, hasta el 40% de ropa usada que se recibe en pa\u00edses como Kenia reciben la catalogaci\u00f3n de \u00abmuy mala calidad\u00bb.<\/p>\n","protected":false},"excerpt":{"rendered":"<p>Greenpeace quiso saber d\u00f3nde iba a parar la ropa que donamos en contenedores y destaparon&#8230;<\/p>\n","protected":false},"author":1,"featured_media":73245,"comment_status":"closed","ping_status":"closed","sticky":false,"template":"","format":"standard","meta":{"_coblocks_attr":"","_coblocks_dimensions":"","_coblocks_responsive_height":"","_coblocks_accordion_ie_support":"","jetpack_post_was_ever_published":false,"_jetpack_newsletter_access":"","_jetpack_dont_email_post_to_subs":false,"_jetpack_newsletter_tier_id":0,"_jetpack_memberships_contains_paywalled_content":false,"_jetpack_memberships_contains_paid_content":false,"footnotes":"","jetpack_publicize_message":"","jetpack_publicize_feature_enabled":true,"jetpack_social_post_already_shared":true,"jetpack_social_options":{"image_generator_settings":{"template":"highway","default_image_id":0,"enabled":false},"version":2}},"categories":[1161,186,44,6937],"tags":[],"class_list":["post-73244","post","type-post","status-publish","format-standard","has-post-thumbnail","hentry","category-ciudadania","category-instituciones","category-noticias-de-hoy","category-sociedad"],"jetpack_publicize_connections":[],"jetpack_featured_media_url":"https:\/\/i0.wp.com\/miradordeatarfe.es\/wp-content\/uploads\/2024\/12\/1200_800.webp?fit=1200%2C800&ssl=1","jetpack_likes_enabled":true,"jetpack_sharing_enabled":true,"_links":{"self":[{"href":"https:\/\/miradordeatarfe.es\/index.php?rest_route=\/wp\/v2\/posts\/73244","targetHints":{"allow":["GET"]}}],"collection":[{"href":"https:\/\/miradordeatarfe.es\/index.php?rest_route=\/wp\/v2\/posts"}],"about":[{"href":"https:\/\/miradordeatarfe.es\/index.php?rest_route=\/wp\/v2\/types\/post"}],"author":[{"embeddable":true,"href":"https:\/\/miradordeatarfe.es\/index.php?rest_route=\/wp\/v2\/users\/1"}],"replies":[{"embeddable":true,"href":"https:\/\/miradordeatarfe.es\/index.php?rest_route=%2Fwp%2Fv2%2Fcomments&post=73244"}],"version-history":[{"count":1,"href":"https:\/\/miradordeatarfe.es\/index.php?rest_route=\/wp\/v2\/posts\/73244\/revisions"}],"predecessor-version":[{"id":73246,"href":"https:\/\/miradordeatarfe.es\/index.php?rest_route=\/wp\/v2\/posts\/73244\/revisions\/73246"}],"wp:featuredmedia":[{"embeddable":true,"href":"https:\/\/miradordeatarfe.es\/index.php?rest_route=\/wp\/v2\/media\/73245"}],"wp:attachment":[{"href":"https:\/\/miradordeatarfe.es\/index.php?rest_route=%2Fwp%2Fv2%2Fmedia&parent=73244"}],"wp:term":[{"taxonomy":"category","embeddable":true,"href":"https:\/\/miradordeatarfe.es\/index.php?rest_route=%2Fwp%2Fv2%2Fcategories&post=73244"},{"taxonomy":"post_tag","embeddable":true,"href":"https:\/\/miradordeatarfe.es\/index.php?rest_route=%2Fwp%2Fv2%2Ftags&post=73244"}],"curies":[{"name":"wp","href":"https:\/\/api.w.org\/{rel}","templated":true}]}}