{"id":73250,"date":"2024-12-09T10:00:00","date_gmt":"2024-12-09T09:00:00","guid":{"rendered":"https:\/\/miradordeatarfe.es\/?p=73250"},"modified":"2024-12-06T11:07:20","modified_gmt":"2024-12-06T10:07:20","slug":"el-gobierno-andaluz-sube-un-30-el-canon-del-agua-tras-eliminarlo-en-plena-sequia","status":"publish","type":"post","link":"https:\/\/miradordeatarfe.es\/?p=73250","title":{"rendered":"El Gobierno andaluz sube un 30% el canon del agua, tras eliminarlo en plena sequ\u00eda"},"content":{"rendered":"\n<p class=\"has-medium-font-size\"><strong>Te informamos del nuevo \u2018tarifazo\u2019 del Gobierno de Juan Manuel Moreno, que lo incluy\u00f3 de tapadillo en una enmienda final el PP, en los presupuestos de Andaluc\u00eda para 2025.<\/strong><\/p>\n\n\n\n<p>El Gobierno andaluz del PP, que presum\u00eda de rebajas fiscales, subir\u00e1 los recibos de agua para toda la ciudadan\u00eda de la comunidad aut\u00f3noma a partir del 1 de enero de 2025 al incrementar en un 30 por ciento el canon del agua.<\/p>\n\n\n\n<p>Y eso que, en 2022, tras lograr aquel a\u00f1o la mayor\u00eda absoluta, y pese a la sequ\u00eda que azotaba a Andaluc\u00eda, el presidente Juan Manuel Moreno anunci\u00f3 la supresi\u00f3n del canon del agua, como medida evidentemente electoralista, para 2023, por cuanto que <a href=\"https:\/\/elindependientedegranada.es\/politica\/junta-recupera-canon-agua-con-prevision-recaudar-140-millones-euros\">lo recuper\u00f3 en 2024, con la previsi\u00f3n de recaudar 140 millones de euros<\/a>.<\/p>\n\n\n\n<p>Cuando anunci\u00f3 la supresi\u00f3n del canon del agua, el propio Moreno cifr\u00f3 \u201cel ahorro estimado para las familias y empresas andaluzas en 140 millones de euros, en torno a 40 euros anuales en la factura del agua\u201d. Y abund\u00f3 en el ahorro al precisar, entonces, que, \u00abuna familia de cuatro miembros, con un consumo medio de 100 euros por trimestre, viene pagando en la actualidad entre 9,50 y 10 euros en su factura\u00bb, por lo que, \u00abcon esta medida, se puede ahorrar en torno a 40 euros anuales en la factura del agua\u00bb.<\/p>\n\n\n\n<p>Ahora, con la subida, cada recibo se incrementar\u00e1 a partir del a\u00f1o pr\u00f3ximo entre 50 y 55 euros de media al a\u00f1o, seg\u00fan diferentes estimaciones.<\/p>\n\n\n\n<h4 class=\"wp-block-heading\"><strong>Un \u2018tarifazo\u2019 de tapadillo<\/strong><\/h4>\n\n\n\n<p>Tras mantener en 2023 y 2024 el canon del agua en Andaluc\u00eda con una recaudaci\u00f3n de 140 millones, ahora el Gobierno de Moreno lo incrementar\u00e1 a partir de 2025 un 30 por ciento, lo que supone una carga a\u00f1adida para la ciudadan\u00eda de 23,4 millones.<\/p>\n\n\n\n<p>Lo ha hecho de tapadillo, al incluir el propio grupo popular en el Parlamento andaluz una enmienda final en la que recoge la subida del canon del agua un 30 por ciento, en todos los tramos, como enmienda final a los presupuestos auton\u00f3micos de 2025<\/p>\n\n\n\n<p>El pasado mi\u00e9rcoles el Grupo Popular en el Parlamento de Andaluc\u00eda defend\u00eda esta subida de tasas al considerar que es solo \u00abun peque\u00f1o esfuerzo fiscal frente a tantas otras bajadas\u00bb. Los populares afirmaron que era necesaria esa recaudaci\u00f3n para realizar infraestructuras hidr\u00e1ulicas fundamentales en la comunidad y que, ante todo, den \u00abseguridad\u00bb a los ciudadanos, tras los episodios que se han vivido de grandes inundaciones con las pasadas DANA, dijeron el portavoz del PP-A en el Parlamento, Toni Mart\u00edn, y el portavoz del grupo en materia de presupuestos, Pablo Venzal.<\/p>\n\n\n\n<p>El punto de partida de la enmienda es una parte fija de subida y una variable. En los consumos de menos de diez metros c\u00fabicos pase de 0,10 euros el metro c\u00fabico a 0,13; hasta 18 metros c\u00fabicos pasar\u00e1 de 0,20 a 0,26; y a partir de 18 metros c\u00fabicos pase de 0,6 a 0,78 euros el metro c\u00fabico. Es decir, todos los tramos suben como punto de partida un 30%.<\/p>\n\n\n\n<p>As\u00ed que el Gobierno de Moreno apuesta por seguir llenando la hucha de la Junta para ejecutar las obras urgentes en materia de agua en Andaluc\u00eda, que no acomete, mientras en periodos de sequ\u00eda, cada vez m\u00e1s son las personas las que personas que sufren cortes de agua<\/p>\n\n\n\n<h4 class=\"wp-block-heading\"><strong>Reacci\u00f3n de la oposici\u00f3n<\/strong><\/h4>\n\n\n\n<p>La portavoz del Grupo Socialista en el Parlamento andaluz, \u00c1ngeles F\u00e9rriz, sostuvo que el PP meti\u00f3 \u00abpor la puerta de atr\u00e1s, v\u00eda enmiendas\u00bb al proyecto de Ley del Presupuesto de la Comunidad Aut\u00f3noma para 2025, una \u00absubida del 30 por ciento del canon del agua\u00bb.<\/p>\n\n\n\n<p>Tras llamar la atenci\u00f3n sobre que el PP-A presente enmiendas \u00abpara enmendar su propio Presupuesto\u00bb, ha criticado que algunas de esas enmiendas plantean \u00abuna reforma fiscal por la puerta de atr\u00e1s\u00bb, que contempla \u00absubir el canon del agua un 30% a todos los andaluces\u00bb.<\/p>\n\n\n\n<p>\u00c1ngeles F\u00e9rriz ironiz\u00f3 al se\u00f1alar que el Gobierno del PP se reivindicaba como el de \u00abla bajada masiva de impuestos\u00bb, y \u201cllevan presumiendo toda esta legislatura de que le han bajado los impuestos a todos los andaluces\u00bb, cuando realmente dicha bajada \u00abse traduce en diez &#8216;eurillos&#8217; al a\u00f1o para la mayor\u00eda de los trabajadores andaluces\u00bb, y en \u00ab7.000 euros a las grandes fortunas<\/p>\n\n\n\n<p>La portavoz socialistas advirti\u00f3 de que esa subida del 30% del canon auton\u00f3mico del agua \u00abse come la bajada que han planteado del IRPF\u00bb, y critic\u00f3 que, desde el PP, tengan \u00abla desfachatez de decir que la subida del canon del agua, o sea, el &#8216;impuestazo&#8217; que nos van a meter a todos los andaluces de un 30%, es para hacer m\u00e1s inversiones\u00bb, cuando en el Gobierno del PP \u00abhan sido incapaces de gastarse el dinero de este a\u00f1o y del pasado\u00bb para ejecutar \u00abinversiones derivadas del canon del agua\u00bb, de las que s\u00f3lo se ha ejecutado en ambas anualidades \u00abel 50%\u00bb.<\/p>\n\n\n\n<p>\u00abEsta subida del canon del agua que nos van a colar es otro atraco m\u00e1s a los andaluces, y sobre todo\u00bb porque los &#8216;populares&#8217; \u00abhan demostrado que no saben hacer nada de frente\u00bb, teniendo en cuenta que la aprobaci\u00f3n del proyecto de Ley del Presupuesto de 2025 fue \u00abhace nada\u00bb, por lo que se ha preguntado por qu\u00e9 el Grupo Popular recurre a las enmiendas para plantear dicha subida del canon del agua y no se incluy\u00f3 desde primera hora en el propio texto del Presupuesto.<\/p>\n\n\n\n<p>El representante de Por Andaluc\u00eda ha denunciado que, \u00abal final, lo que tenemos\u00bb en la Junta \u00abes un gobierno de derecha, del Partido Popular, que siempre hace lo mismo\u00bb, que es \u00abprimero mentir y, despu\u00e9s, beneficiar a los millonarios, a los ricos\u00bb<\/p>\n\n\n\n<p>El portavoz adjunto del grupo Por Andaluc\u00eda, Juan Antonio Delgado, denunci\u00f3 que el presidente de la Junta, Juan Manuel Moreno, \u00abha vuelto a enga\u00f1ar a los andaluces\u00bb con la propuesta incluida entre las enmiendas del PP-A al proyecto de Ley del Presupuesto de 2025 de \u00absubir un 30 por ciento el canon del agua\u00bb.<\/p>\n\n\n\n<p>De este modo, Delgado ha se\u00f1alado que, al llegar al Gobierno andaluz, Moreno \u00absuprimi\u00f3 el canon al agua\u00bb, pero luego \u00ablo volvi\u00f3 a restablecer y ahora quiere subir el agua a las familias un 30%, que supone una media de 52 euros al a\u00f1o por cada familia\u00bb, ha apuntado.<\/p>\n\n\n\n<p>El representante de Por Andaluc\u00eda ha denunciado que, \u00abal final, lo que tenemos\u00bb en la Junta \u00abes un gobierno de derecha, del Partido Popular, que siempre hace lo mismo\u00bb, que es \u00abprimero mentir y, despu\u00e9s, beneficiar a los millonarios, a los ricos\u00bb, a quienes \u00abs\u00ed les bajan los impuestos, y sub\u00edrselos o no quit\u00e1rselos, no baj\u00e1rselos, a las clases populares, a las familias y especialmente a las personas pobres\u00bb, finaliz\u00f3 su cr\u00edtica Juan Antonio Delgado.<\/p>\n\n\n\n<p><strong>Indegranada<\/strong><\/p>\n\n\n\n<p>FOTO: Moreno, en la inauguraci\u00f3n de la depuradora de Los Vados, en febrero de 2023.<\/p>\n\n\n\n<p>http:\/\/www.elindependientedegranada.es\/politica\/gobierno-andaluz-sube-30-canon-agua-eliminarlo-plena-sequia<\/p>\n","protected":false},"excerpt":{"rendered":"<p>Te informamos del nuevo \u2018tarifazo\u2019 del Gobierno de Juan Manuel Moreno, que lo incluy\u00f3 de&#8230;<\/p>\n","protected":false},"author":1,"featured_media":73251,"comment_status":"closed","ping_status":"closed","sticky":false,"template":"","format":"standard","meta":{"_coblocks_attr":"","_coblocks_dimensions":"","_coblocks_responsive_height":"","_coblocks_accordion_ie_support":"","jetpack_post_was_ever_published":false,"_jetpack_newsletter_access":"","_jetpack_dont_email_post_to_subs":true,"_jetpack_newsletter_tier_id":0,"_jetpack_memberships_contains_paywalled_content":false,"_jetpack_memberships_contains_paid_content":false,"footnotes":"","jetpack_publicize_message":"","jetpack_publicize_feature_enabled":true,"jetpack_social_post_already_shared":true,"jetpack_social_options":{"image_generator_settings":{"template":"highway","enabled":false},"version":2}},"categories":[10791,1161,186,44],"tags":[],"class_list":["post-73250","post","type-post","status-publish","format-standard","has-post-thumbnail","hentry","category-andalucia","category-ciudadania","category-instituciones","category-noticias-de-hoy"],"jetpack_publicize_connections":[],"jetpack_featured_media_url":"https:\/\/i0.wp.com\/miradordeatarfe.es\/wp-content\/uploads\/2024\/12\/moreno_depuradoravadors.jpg?fit=650%2C383&ssl=1","jetpack_likes_enabled":true,"jetpack_sharing_enabled":true,"_links":{"self":[{"href":"https:\/\/miradordeatarfe.es\/index.php?rest_route=\/wp\/v2\/posts\/73250","targetHints":{"allow":["GET"]}}],"collection":[{"href":"https:\/\/miradordeatarfe.es\/index.php?rest_route=\/wp\/v2\/posts"}],"about":[{"href":"https:\/\/miradordeatarfe.es\/index.php?rest_route=\/wp\/v2\/types\/post"}],"author":[{"embeddable":true,"href":"https:\/\/miradordeatarfe.es\/index.php?rest_route=\/wp\/v2\/users\/1"}],"replies":[{"embeddable":true,"href":"https:\/\/miradordeatarfe.es\/index.php?rest_route=%2Fwp%2Fv2%2Fcomments&post=73250"}],"version-history":[{"count":2,"href":"https:\/\/miradordeatarfe.es\/index.php?rest_route=\/wp\/v2\/posts\/73250\/revisions"}],"predecessor-version":[{"id":73254,"href":"https:\/\/miradordeatarfe.es\/index.php?rest_route=\/wp\/v2\/posts\/73250\/revisions\/73254"}],"wp:featuredmedia":[{"embeddable":true,"href":"https:\/\/miradordeatarfe.es\/index.php?rest_route=\/wp\/v2\/media\/73251"}],"wp:attachment":[{"href":"https:\/\/miradordeatarfe.es\/index.php?rest_route=%2Fwp%2Fv2%2Fmedia&parent=73250"}],"wp:term":[{"taxonomy":"category","embeddable":true,"href":"https:\/\/miradordeatarfe.es\/index.php?rest_route=%2Fwp%2Fv2%2Fcategories&post=73250"},{"taxonomy":"post_tag","embeddable":true,"href":"https:\/\/miradordeatarfe.es\/index.php?rest_route=%2Fwp%2Fv2%2Ftags&post=73250"}],"curies":[{"name":"wp","href":"https:\/\/api.w.org\/{rel}","templated":true}]}}