{"id":73260,"date":"2024-12-08T09:28:00","date_gmt":"2024-12-08T08:28:00","guid":{"rendered":"https:\/\/miradordeatarfe.es\/?p=73260"},"modified":"2024-12-08T09:57:23","modified_gmt":"2024-12-08T08:57:23","slug":"y-juana-llevaba-razon","status":"publish","type":"post","link":"https:\/\/miradordeatarfe.es\/?p=73260","title":{"rendered":"\u00abY Juana llevaba raz\u00f3n\u00bb por Agust\u00edn Mart\u00ednez"},"content":{"rendered":"\n<p>\u00ab<strong>Yo soy su voz. Vengo a pedir ayuda\u00bb. As\u00ed comienza su mensaje Gabriel, el hijo mayor de Juana. Con un testimonio absolutamente impactante pide ayuda para su hermano menor, Daniel, que sigue viviendo con su padre, a quien le otorgaron su custodia <\/strong><\/p>\n\n\n\n<p>Despu\u00e9s de haber tenido que pasar por prisi\u00f3n, de un calvario judicial, medi\u00e1tico y pol\u00edtico, en el que poco menos se le acusaba de haber inventado una pel\u00edcula de terror para perjudicar a su ex marido, pero sobre todo, despu\u00e9s del desgarro y la impotencia que debe sentir una madre, al comprobar, d\u00eda tras d\u00eda, que sus hijos menores est\u00e1n siendo v\u00edctimas de malos tratos por parte de su padre, sin que nadie haga nada por evitarlo, un v\u00eddeo de su hijo mayor denunciando los malos tratos de su padre, demuestra que Juana Rivas, ten\u00eda raz\u00f3n y dec\u00eda la verdad y todos los dem\u00e1s no, incluido el \u201cpeculiar\u201d juez que la env\u00edo a la c\u00e1rcel y el PP que se opuso a su indulto parcial.<\/p>\n\n\n\n<p>Ahora, cuando hemos sabido que la fiscal\u00eda italiana acusa a Francesco Acuri, ex marido de Juana y padre de sus dos hijos, de malos tratos hacia los ni\u00f1os, desde estas modestas l\u00edneas exijo a quienes lincharon a esta mujer, la enviaron a prisi\u00f3n y la convirtieron en carne de ca\u00f1\u00f3n medi\u00e1tica, dediquen el mismo tiempo y los mismos \u201calardes\u201d que emplearon en lapidarla, en decir que ten\u00eda raz\u00f3n, que su marido era un maltratador, primero con ella y luego con sus hijos y que su decisi\u00f3n de no devolverle a los menores, solo ten\u00eda como objetivo el protegerles.<\/p>\n\n\n\n<p>\u00abYo soy su voz. Vengo a pedir ayuda\u00bb. As\u00ed comienza su mensaje Gabriel, el hijo mayor de Juana. Con un testimonio absolutamente impactante pide ayuda para su hermano menor, Daniel, que sigue viviendo con su padre, a quien le otorgaron su custodia mientras su madre peleaba para demostrar que tanto ella como sus dos hijos, entonces menores, eran v\u00edctimas de violencia.<\/p>\n\n\n\n<p>\u00abEn 2017, dice Gabriel, me arrancaron de mi casa, a mis 11 a\u00f1os y a los 3 de mi hermano Daniel, que sigue viviendo en ese infierno que yo viv\u00ed hasta los 16\u2026 Vive con un maltratador. Tiene miedo. Se siente en riesgo de muerte, como yo me he sentido en riesgo. Mi reflejo lo veo en \u00e9l\u2026 Conozco a mi padre y s\u00e9 que no es capaz de controlar su impulsividad y su ira. Mi hermano est\u00e1 en gran peligro\u2026Vengo a pedir ayuda, a darle un mensaje a aquellas personas que s\u00ed pueden hacer algo por nosotros\u00bb.<\/p>\n\n\n\n<p>Este demoledor mensaje coincide con la decisi\u00f3n de la Fiscal\u00eda italiana de procesar a Francesco Arcuri, el padre de los dos hijos de Juana Rivas, por presuntos malos tratos a sus hijos.<\/p>\n\n\n\n<p>Ante tan escalofriante panorama, el equipo jur\u00eddico en Espa\u00f1a de Juana Rivas, ha difundido un comunicado en el que reclaman a las autoridades competentes que se adopten las medidas necesarias para la protecci\u00f3n efectiva de Daniel, recordando que el pasado mes de marzo, el Tribunal Supremo italiano, tras acoger en todos sus t\u00e9rminos el recurso de Casaci\u00f3n de Juana Rivas, anul\u00f3 la sentencia de la Corte de Apelaci\u00f3n de Cagliari, evidenciando las graves irregularidades del proceso llevado a cabo, entre otras, la ausencia de valoraci\u00f3n adecuada del \u201cinter\u00e9s superior \u201c de los dos hijos, los cuales fueron separados, concedi\u00e9ndole a Francesco Arcuri la custodia del menor, el cual sigue aun viviendo con su padre, en Italia y que hace menos de un mes, el 14 de noviembre, ha procesado a Arcuri, acusado de maltrato a sus hijos Gabriel y Daniel, \u201csometi\u00e9ndolos habitualmente a violencia f\u00edsica, vejaciones, insultos y amenazas\u201d, por lo que ese equipo jur\u00eddico ha manifestado su m\u00e1xima preocupaci\u00f3n ante el hecho de que, un menor, se vea obligado a seguir viviendo con su padre tras la existencia de un proceso penal abierto por maltratarle y, en cuya instrucci\u00f3n, se ha concluido que hay pruebas m\u00e1s que suficientes para imputar a dicho padre y proceder, por tanto, a la apertura de juicio penal contra \u00e9l.<\/p>\n\n\n\n<p>Ante este c\u00famulo de evidencias cabr\u00eda esperar que las autoridades judiciales espa\u00f1olas revisaran con urgencia las actuaciones seguidas en este procedimiento, muy especialmente las protagonizadas por el \u201cpeculiar\u201d juez, Manuel P\u00ed\u00f1ar, algunas de las cuales, fueron m\u00e1s propias de la \u00e9poca de la inquisici\u00f3n, que las de una justicia moderna y democr\u00e1tica que es la que supone tenemos en este pa\u00eds, aunque a la vista de casos como este, es mucho suponer.<\/p>\n\n\n\n<p>Ser\u00eda el momento para que el Consejo General de Poder Judicial empezara a poner pie en pared y terminara con el bochornoso corporativismo imperante en la judicatura y que permite que jueces como Manuel P\u00ed\u00f1ar, se puedan seguir comportando como lo hizo este con Juana Rivas.<\/p>\n\n\n\n<p>Conviene recordar la obsesi\u00f3n de este personaje con Juana, lo que le llev\u00f3 a oponerse a su puesta en libertad despu\u00e9s de su indulto parcial concedido por el gobierno, haci\u00e9ndolo incluso contra el criterio de la Fiscal\u00eda y de la Justicia italiana y la defensa de su ex pareja, ninguno de los cuales se opusieron a la suspensi\u00f3n de la condena. Seg\u00fan \u201csu se\u00f1or\u00eda\u201d poner en libertad a Juana \u201cpodr\u00eda representar un grave peligro para sus hijos\u201d.<\/p>\n\n\n\n<p>El pasado mes de febrero supimos de las vergonzantes respuestas de semejante \u201cjuez\u201d, investigado por un delito de odio, ante otro juez, negando que las bochornosas, hom\u00f3fobas, racistas y xen\u00f3fobas publicaciones de sus redes sociales fueran suyas y a\u00f1adiendo que, en caso de serlo, utilizarlas ser\u00eda un delito contra su intimidad\u2026<\/p>\n\n\n\n<p>Parece absolutamente incomprensible que alguien como Manuel P\u00ed\u00f1ar haya podido ser juez y por lo tanto due\u00f1o de vidas y haciendas, m\u00e1xime tras comprobar la enorme cantidad de prejuicios que su se\u00f1or\u00eda atesoraba y que quedaban p\u00fablicamente reflejadas en sus redes sociales, donde compart\u00eda fotomontajes de S\u00e1nchez con las manos manchadas de sangre, acus\u00e1ndole de ser \u201cpresidente gracias a estar de rodillas delante de los herederos de los asesinos\u201d; llamando \u201cmiserable\u201d a Irene Montero, o insinuando que era \u201cgilipollas\u201d por un informe del Instituto de la Mujer en el que se recog\u00eda que los hombres contaminan m\u00e1s que las mujeres.<\/p>\n\n\n\n<p>En su cuenta de Facebook, el magistrado no tuvo reparo en afirmar que \u201cel feminismo est\u00e1 cada vez m\u00e1s metido en la estupidez\u201d; en criticar el presupuesto de Igualdad, o en compartir contenido en el que se insultaba directamente a la entonces ministra Irene Montero. Tampoco oculta su animadversi\u00f3n por el titular de Interior, Grande-Marlaska, al que califica de \u201clerdo\u201d por las \u201cbarbaridades\u201d que \u201cest\u00e1 aplicando\u201d en lo que Pi\u00f1ar considera \u201cun sistema penitenciario buenista, tonto y \u00f1o\u00f1o surgido del social comunismo\u201d.<\/p>\n\n\n\n<p>Afortunadamente desde el pasado mes de junio, este se\u00f1or ha dejado de ser juez por \u201cjubilaci\u00f3n voluntaria\u201d, aunque hubiera debido dejar de serlo por una sanci\u00f3n disciplinaria que le hubiera expulsado con deshonor de la carrera, cosa que no ha ocurrido.<\/p>\n\n\n\n<p>foto:Juana Rivas y Francesco Arcuri | Archivo &#8211;  https:\/\/www.libertaddigital.com<\/p>\n\n\n\n<p><a href=\"https:\/\/www.lavozdegranada.info\/y-juana-llevaba-razon\">https:\/\/www.lavozdegranada.info\/y-juana-llevaba-razon<\/a><\/p>\n\n\n\n\n","protected":false},"excerpt":{"rendered":"<p>\u00abYo soy su voz. Vengo a pedir ayuda\u00bb. As\u00ed comienza su mensaje Gabriel, el hijo&#8230;<\/p>\n","protected":false},"author":1,"featured_media":73262,"comment_status":"closed","ping_status":"closed","sticky":false,"template":"","format":"standard","meta":{"_coblocks_attr":"","_coblocks_dimensions":"","_coblocks_responsive_height":"","_coblocks_accordion_ie_support":"","jetpack_post_was_ever_published":false,"_jetpack_newsletter_access":"","_jetpack_dont_email_post_to_subs":true,"_jetpack_newsletter_tier_id":0,"_jetpack_memberships_contains_paywalled_content":false,"_jetpack_memberships_contains_paid_content":false,"footnotes":"","jetpack_publicize_message":"","jetpack_publicize_feature_enabled":true,"jetpack_social_post_already_shared":false,"jetpack_social_options":{"image_generator_settings":{"template":"highway","enabled":false},"version":2}},"categories":[14,10781,44],"tags":[],"class_list":["post-73260","post","type-post","status-publish","format-standard","has-post-thumbnail","hentry","category-feminismo","category-granada","category-noticias-de-hoy"],"jetpack_publicize_connections":[],"jetpack_featured_media_url":"https:\/\/i0.wp.com\/miradordeatarfe.es\/wp-content\/uploads\/2024\/12\/juana-rivas-francesco-arcuri-15032023.jpg.webp?fit=954%2C559&ssl=1","jetpack_likes_enabled":true,"jetpack_sharing_enabled":true,"_links":{"self":[{"href":"https:\/\/miradordeatarfe.es\/index.php?rest_route=\/wp\/v2\/posts\/73260","targetHints":{"allow":["GET"]}}],"collection":[{"href":"https:\/\/miradordeatarfe.es\/index.php?rest_route=\/wp\/v2\/posts"}],"about":[{"href":"https:\/\/miradordeatarfe.es\/index.php?rest_route=\/wp\/v2\/types\/post"}],"author":[{"embeddable":true,"href":"https:\/\/miradordeatarfe.es\/index.php?rest_route=\/wp\/v2\/users\/1"}],"replies":[{"embeddable":true,"href":"https:\/\/miradordeatarfe.es\/index.php?rest_route=%2Fwp%2Fv2%2Fcomments&post=73260"}],"version-history":[{"count":2,"href":"https:\/\/miradordeatarfe.es\/index.php?rest_route=\/wp\/v2\/posts\/73260\/revisions"}],"predecessor-version":[{"id":73264,"href":"https:\/\/miradordeatarfe.es\/index.php?rest_route=\/wp\/v2\/posts\/73260\/revisions\/73264"}],"wp:featuredmedia":[{"embeddable":true,"href":"https:\/\/miradordeatarfe.es\/index.php?rest_route=\/wp\/v2\/media\/73262"}],"wp:attachment":[{"href":"https:\/\/miradordeatarfe.es\/index.php?rest_route=%2Fwp%2Fv2%2Fmedia&parent=73260"}],"wp:term":[{"taxonomy":"category","embeddable":true,"href":"https:\/\/miradordeatarfe.es\/index.php?rest_route=%2Fwp%2Fv2%2Fcategories&post=73260"},{"taxonomy":"post_tag","embeddable":true,"href":"https:\/\/miradordeatarfe.es\/index.php?rest_route=%2Fwp%2Fv2%2Ftags&post=73260"}],"curies":[{"name":"wp","href":"https:\/\/api.w.org\/{rel}","templated":true}]}}