{"id":73265,"date":"2024-12-07T09:59:00","date_gmt":"2024-12-07T08:59:00","guid":{"rendered":"https:\/\/miradordeatarfe.es\/?p=73265"},"modified":"2024-12-06T12:06:31","modified_gmt":"2024-12-06T11:06:31","slug":"sumar-solicita-al-congreso-desclasificar-el-archivo-del-asesinato-de-garcia-caparros-que-psoe-y-pp-ya-apoyaron-en-andalucia","status":"publish","type":"post","link":"https:\/\/miradordeatarfe.es\/?p=73265","title":{"rendered":"Sumar solicita al Congreso desclasificar el archivo del asesinato de Garc\u00eda Caparr\u00f3s que PSOE y PP ya apoyaron en Andaluc\u00eda"},"content":{"rendered":"\n<p class=\"has-medium-font-size\"><strong>El socio del Gobierno requiere por escrito a la Mesa que \u201cpermita el acceso\u201d al archivo de la investigaci\u00f3n que hizo la C\u00e1mara Baja sobre la muerte del joven malague\u00f1o en la manifestaci\u00f3n por la autonom\u00eda andaluza del 4 de diciembre de 1977, que hoy cumple 47 a\u00f1os<\/strong><\/p>\n\n\n\n<p>Manuel Jos\u00e9 Garc\u00eda Caparr\u00f3s, un joven malague\u00f1o, sindicalista de CCOO y trabajador de la f\u00e1brica de Cervezas Victoria, muri\u00f3 por el disparo de un polic\u00eda mientras participaba, junto a otros 200.000 andaluces, en la gran manifestaci\u00f3n por la autonom\u00eda andaluza, el 4 de diciembre de 1977 en M\u00e1laga. <a href=\"https:\/\/www.eldiario.es\/andalucia\/garcia-caparros-joven-murio-bandera_1_4134156.html\">HEMEROTECA | Garc\u00eda Caparr\u00f3s, el joven que muri\u00f3 por la bandera andaluza<\/a><\/p>\n\n\n\n<p>Coincidiendo con el 47 aniversario de su asesinato, el grupo parlamentario Sumar ha registrado este mi\u00e9rcoles un escrito en la Mesa del Congreso de los Diputados solicitando la desclasificaci\u00f3n de su expediente, esto es, las actas de la comisi\u00f3n de la C\u00e1mara Baja que investig\u00f3 aquel suceso, que fueron declaradas secretas entonces y algunas de ellas a\u00fan hoy lo son.<\/p>\n\n\n\n<p>Sumar reclama que se \u201cpermita el acceso a toda la documentaci\u00f3n que obre en su poder, y en concreto, aquella que se obtuviera en el desarrollo de la actividad de la Comisi\u00f3n de Encuesta celebrada en 1977, relacionada con el asesinato de Garc\u00eda Caparr\u00f3s, sin anonimizar nombres propios\u201d, reza el escrito.<\/p>\n\n\n\n<p>La solicitud del grupo de Yolanda D\u00edaz para desclasificar los archivos del asesinato de Garc\u00eda Caparr\u00f3s debe dirimirse en el \u00f3rgano de control del Congreso, presidido por la socialista Francina Armengol y de mayor\u00eda progresista: cuatro miembros del PP, tres del PSOE y dos de Sumar. La decisi\u00f3n, no obstante, compromete a las dos fuerzas mayoritarias, porque tanto populares como socialistas han rechazado en Madrid lo que antes hab\u00edan apoyado en Andaluc\u00eda.<\/p>\n\n\n\n<p>Se trata de un requerimiento que la Mesa del Congreso ya ha recibido (y desestimado) en el pasado al menos dos veces: una a petici\u00f3n expresa del Gobierno andaluz de Susana D\u00edaz (en el \u00faltimo a\u00f1o de mandato socialista tras 37 en el poder), y otra a demanda del Parlamento andaluz hace dos a\u00f1os, ya bajo la mayor\u00eda absoluta del PP de Juan Manuel Moreno.<\/p>\n\n\n\n<p>En esta \u00faltima ocasi\u00f3n, fueron los socialistas andaluces quienes intentaron enmendar el punto de la desclasificaci\u00f3n de los archivos del joven malague\u00f1o recogido en una proposici\u00f3n no de ley de Adelante Andaluc\u00eda, el partido de Teresa Rodr\u00edguez.<\/p>\n\n\n\n<p>El PSOE propuso, como alternativa, una f\u00f3rmula m\u00e1s laxa: \u201cinstar al Gobierno de Espa\u00f1a a adoptar las medidas previstas en la Ley de Memoria para que los familiares de Manuel Jos\u00e9 Garc\u00eda Caparr\u00f3s tengan acceso a la verificaci\u00f3n de los hechos y circunstancias en que se produjo su asesinato el 4 de diciembre\u201d.<\/p>\n\n\n\n<p>Sin embargo, el PP de Moreno negoci\u00f3 y pact\u00f3 con Teresa Rodr\u00edguez la redacci\u00f3n final de la PNL -los populares a\u00f1adieron sus propias enmiendas de adici\u00f3n- y avalaron la solicitud de desclasificaci\u00f3n de los archivos, forzando al PSOE a apoyar la iniciativa para no quedarse solos con Vox en el voto contrario.<\/p>\n\n\n\n<h2 class=\"wp-block-heading\"><strong>Acceso parcial a las actas<\/strong><\/h2>\n\n\n\n<p>En 2017, la Mesa de la C\u00e1mara Baja ya autoriz\u00f3 a la diputada malague\u00f1a de Unidas Podemos, Eva Garc\u00eda Sempere, a consultar parcialmente el expediente, pero los nombres propios que aparec\u00edan en \u00e9l fueron tachados \u201cpara proteger los datos de car\u00e1cter personal\u201d. Con los a\u00f1os, gran parte del trabajo de la comisi\u00f3n parlamentaria que investig\u00f3 los hechos ha ido saliendo a la luz, pero quedan tres sesiones cuyas actas han permanecido parcialmente precintadas.<\/p>\n\n\n\n<p>Ahora, Sumar vuelve a remover el polvor\u00edn y forzar\u00e1 un posicionamiento de la Mesa del Congreso, comprometiendo a sus socios socialistas, que siempre han sido ambivalentes respecto a la solicitud de desclasificaci\u00f3n del asesinato del joven sindicalista malague\u00f1o. Hasta hoy, PSOE y Sumar siempre han votado en bloque dentro de la Mesa, anteponiendo la mayor\u00eda progresista a los cuatro diputados del PP.<\/p>\n\n\n\n<p>El escrito de Sumar se nutre de toda la experiencia previa para evitar tropezar en las mismas piedras, por ejemplo, que esta vez las actas se hagan p\u00fablicas \u201csin anonimizar\u201d. \u201cEl criterio de la Mesa para autorizar el acceso a la documentaci\u00f3n, sin la previa disociaci\u00f3n de los datos de car\u00e1cter personal, estar\u00eda amparado por el principio de autonom\u00eda de esta C\u00e1mara que, en todo caso,&nbsp;tendr\u00eda como \u00fanica limitaci\u00f3n respetar el marco constitucional y legal, en particular, los derechos fundamentales y las obligaciones derivadas de leyes como la de Memoria Democr\u00e1tica\u201d, dice el escrito, que cita jurisprudencia del Tribunal Constitucional, adem\u00e1s de la Ley de Memoria y la Ley de Transparencia.<\/p>\n\n\n\n<p>El texto, adem\u00e1s, subraya que \u201cla autonom\u00eda parlamentaria no puede convertirse en un refugio para evitar el escrutinio p\u00fablico o perpetuar la opacidad\u201d y se\u00f1ala que \u201cla documentaci\u00f3n solicitada no afecta a intereses estrat\u00e9gicos, de seguridad nacional o de defensa, sino que se refiere a un hecho hist\u00f3rico y pol\u00edtico -\u201dde inter\u00e9s p\u00fablico innegable\u201c- cuya relevancia trasciende al propio Congreso de los Diputados\u201d.<\/p>\n\n\n\n<h2 class=\"wp-block-heading\"><strong>Querella criminal contra el Ministerio de Interior<\/strong><\/h2>\n\n\n\n<p>La historia de Garc\u00eda Caparr\u00f3s es una historia sin ep\u00edlogo, porque su familia -sus hermanas- lleva a\u00f1os peleando para lograr fundamentalmente dos objetivos: uno es la desclasificaci\u00f3n del expediente de su asesinato, y el otro es el reconocimiento como v\u00edctima de la violencia pol\u00edtica al mismo nival que las v\u00edctimas del terrorismo. Esto \u00faltimo es importante porque a\u00f1adir\u00eda a la reparaci\u00f3n moral, una reparaci\u00f3n econ\u00f3mica.<\/p>\n\n\n\n<p>Precisamente las hermanas de Garc\u00eda Caparr\u00f3s -Loli, Puri y Paqui- anunciaron hace dos d\u00edas que ultiman la presentaci\u00f3n de una querella criminal contra el Ministerio de Interior, porque consideran que \u201cse ocult\u00f3 el crimen de nuestro hermano\u201d, y se\u00f1alan al Gobierno de Espa\u00f1a como \u201cc\u00f3mplice de aquel asesinato\u201d.<\/p>\n\n\n\n<p>La iniciativa de Sumar en el Congreso viene precedida de otras propuestas que recorrieron el mismo camino sin mucho \u00e9xito. En noviembre de 2022, el Parlamento andaluz pidi\u00f3 por primera vez la desclasificaci\u00f3n del expediente de Garc\u00eda Caparr\u00f3s, a partir de una proposici\u00f3n no de ley de Adelante Andaluc\u00eda, que obtuvo el respaldo de PP, PSOE y Por Andaluc\u00eda. S\u00f3lo Vox vot\u00f3 en contra.<\/p>\n\n\n\n<p>La C\u00e1mara auton\u00f3mica hizo suya aquella reivindicaci\u00f3n y remiti\u00f3 la decisi\u00f3n al Gobierno de Espa\u00f1a y a la Junta de Andaluc\u00eda, pero no pas\u00f3 de ah\u00ed. Un a\u00f1o despu\u00e9s, el 4 de diciembre de 2023, Sumar registr\u00f3 otra proposici\u00f3n no de ley en el Congreso solicitando exactamente lo mismo: el reconocimiento de Garc\u00eda Caparr\u00f3s como v\u00edctima del terrorismo e instar al Gobierno a desclasificar los archivos de su asesinato.<\/p>\n\n\n\n<p>La Mesa admiti\u00f3 el primer punto, pero no calific\u00f3 el segundo, argumentando que el citado expediente sobre la muerte del joven malague\u00f1o pertenec\u00eda a una Comisi\u00f3n parlamentaria y, por tanto, el Gobierno de Espa\u00f1a no ten\u00eda competenias para decidir sobre los archivos. En un escrito de respuesta al que ha tenido acceso este peri\u00f3dico, el Congreso ofrece una \u201cpropuesta\u201d al grupo parlamentario Sumar para salvar su iniciativa con una \u201creformulaci\u00f3n\u201d de este punto.<\/p>\n\n\n\n<p>\u201cTeniendo en cuenta que no cabe instar al Gobierno a la realizaci\u00f3n de actuaciones que exceden de su competencia\u201d, el \u00f3rgano de control del Congreso sugiere al grupo de Yolanda D\u00edaz que le env\u00eden a ellos la misma solicitud, dado que s\u00ed son competentes para resolver.<\/p>\n\n\n\n<h2 class=\"wp-block-heading\"><strong>Dos iniciativas de Sumar en paralelo<\/strong><\/h2>\n\n\n\n<p>A partir de ah\u00ed, la iniciativa de Sumar se bifurca y regresa al Congreso partida en dos iniciativas: por un lado, la proposici\u00f3n no de ley que se registra, se debate y se aprueba hace dos semanas en la Comisi\u00f3n de Interior, con el voto de la mayor\u00eda de partidos que sostienen al Gobierno de S\u00e1nchez (PSOE, Sumar, Bildu, ERC y PNV), y la abstenci\u00f3n del PP.<\/p>\n\n\n\n<p><a href=\"https:\/\/www.eldiario.es\/andalucia\/congreso-pide-gobierno-considere-garcia-caparros-victima-represion-politica_1_11869028.html\">De ah\u00ed sale la obligaci\u00f3n del Congreso de \u201crendir homenaje\u201d a Garc\u00eda Caparr\u00f3s<\/a>, e instar al Gobierno a considerarle \u201cv\u00edctima de la represi\u00f3n por razones pol\u00edticas en la hist\u00f3rica manifestaci\u00f3n de 4 de diciembre de 1977 por la consecuci\u00f3n de las libertades democr\u00e1ticas y del autogobierno para Andaluc\u00eda\u201d.<\/p>\n\n\n\n<p>En la negociaci\u00f3n previa, Sumar acepta retirar la consideraci\u00f3n de \u201cv\u00edctima del terrorismo\u201d para as\u00ed afianzar el apoyo del PSOE y que el PP se abstenga, en vez de votar en contra. Los populares no se plantearon un voto afirmativo, porque el texto definitivo sit\u00faa a Garc\u00eda Caparr\u00f3s como v\u00edctima mortal en el a\u00f1o 77, es decir, en el periodo de Transici\u00f3n a la democracia, que entra dentro de la nueva Ley de Memoria Hist\u00f3rica a la que el PP se opuso radicalmente.<\/p>\n\n\n\n<p>Algo similar ocurri\u00f3 dos a\u00f1os antes con la proposici\u00f3n no de ley que registr\u00f3 el partido de Teresa Rodr\u00edguez en el Parlamento andaluz. Para ganarse el respaldo de los populares de Moreno -con mayor\u00eda absoluta-, Adelante Andaluc\u00eda elimin\u00f3 el t\u00e9rmino \u201cv\u00edctima del terrorismo\u201d, y lo sustituy\u00f3 por un texto m\u00e1s gen\u00e9rico -menos comprometedor, de hecho, que el que acaba de aprobar el Congreso: \u201cInstar a la Junta de Andaluc\u00eda para que, a su vez, inste al Gobierno de la naci\u00f3n a considerar\u201d a Garc\u00eda Caparr\u00f3s \u201cv\u00edctima por su lucha a favor de la democracia, los derechos fundamentales y los valores democr\u00e1ticos\u201d.<\/p>\n\n\n\n<p>La segunda iniciativa que Sumar llev\u00f3 al Congreso es esta solicitud de desclasificaci\u00f3n de los archivos, registrada este mi\u00e9rcoles y dirigida directamente a la Mesa, siguiendo la \u201cpropuesta\u201d del propio \u00f3rgano de control de la C\u00e1mara, que ahora deber\u00e1 resolver si hace p\u00fablicos los archivos o no.<\/p>\n\n\n\n<h2 class=\"wp-block-heading\"><strong>32 agentes disparando al aire<\/strong><\/h2>\n\n\n\n<p>Sobre el asesinato del joven sindicalista malague\u00f1o se han escrito varios libros con informaci\u00f3n sacada de las actas del Congreso. Uno de ellos &#8211;<em>Las muertes de Garc\u00eda Caparr\u00f3s<\/em>, de la secretaria judicial Rosa Burgos- se\u00f1al\u00f3 al cabo primero M. P. R., ya fallecido, como el polic\u00eda que dispar\u00f3 la bala que mat\u00f3 al muchacho mientras se manifestaba en M\u00e1laga por una autonom\u00eda andaluza.<\/p>\n\n\n\n<p>En 2017, cuando la diputada de Unidas Podemos, Eva Garc\u00eda Sempere, tuvo acceso a las actas secretas -casi 700 p\u00e1ginas con los nombres propios tachados- denunci\u00f3 que la investigaci\u00f3n en la comisi\u00f3n del Congreso hab\u00eda orillado el informe policial que se\u00f1alaba el origen de los disparos, incluido el que mat\u00f3 a Garc\u00eda Caparr\u00f3s.<\/p>\n\n\n\n<p>El informe de la Polic\u00eda Armada recog\u00eda tres cargas policiales -32 agentes dispararon al aire- despu\u00e9s de que los manifestantes colgaran la bandera andaluza de la fachada de la Diputaci\u00f3n de M\u00e1laga, una de ellas en el lugar en el que recibi\u00f3 el tiro mortal. Agunos de esos agentes fueron \u201cexpedientados y arrestados\u201d por aquel suceso, seg\u00fan el expediente. <a href=\"https:\/\/www.eldiario.es\/andalucia\/congreso-pide-gobierno-considere-garcia-caparros-victima-represion-politica_1_11869028.html\">El Congreso pide al Gobierno que considere a Garc\u00eda Caparr\u00f3s \u201cv\u00edctima de la represi\u00f3n pol\u00edtica\u201d<\/a><\/p>\n\n\n\n<p>Muy pr\u00f3xima a la esquina donde cay\u00f3 muerto, en una calle de la capital malague\u00f1a, hay una placa del Ayuntamiento en su memoria, y cada 4 de diciembre recibe una ofrenda floral de su familia y sus allegados.<\/p>\n\n\n\n<p><strong><a href=\"https:\/\/www.eldiario.es\/autores\/daniel_cela\/\">Daniel Cela<\/a> \/ <a href=\"https:\/\/www.eldiario.es\/autores\/alberto_ortiz\/\">Alberto Ortiz<\/a><\/strong><\/p>\n\n\n\n<p>FOTO: Eduardo Parra &#8211; Europa<\/p>\n\n\n\n<p><a href=\"https:\/\/www.eldiario.es\/andalucia\/sumar-solicita-congreso-desclasificar-archivo-asesinato-garcia-caparros-psoe-pp-apoyaron-andalucia_1_11873608.html\">https:\/\/www.eldiario.es\/andalucia\/sumar-solicita-congreso-desclasificar-archivo-asesinato-garcia-caparros-psoe-pp-apoyaron-andalucia_1_11873608.html<\/a><\/p>\n","protected":false},"excerpt":{"rendered":"<p>El socio del Gobierno requiere por escrito a la Mesa que \u201cpermita el acceso\u201d al&#8230;<\/p>\n","protected":false},"author":1,"featured_media":73266,"comment_status":"closed","ping_status":"closed","sticky":false,"template":"","format":"standard","meta":{"_coblocks_attr":"","_coblocks_dimensions":"","_coblocks_responsive_height":"","_coblocks_accordion_ie_support":"","jetpack_post_was_ever_published":false,"_jetpack_newsletter_access":"","_jetpack_dont_email_post_to_subs":true,"_jetpack_newsletter_tier_id":0,"_jetpack_memberships_contains_paywalled_content":false,"_jetpack_memberships_contains_paid_content":false,"footnotes":"","jetpack_publicize_message":"","jetpack_publicize_feature_enabled":true,"jetpack_social_post_already_shared":true,"jetpack_social_options":{"image_generator_settings":{"template":"highway","enabled":false},"version":2}},"categories":[10791,44,7671],"tags":[],"class_list":["post-73265","post","type-post","status-publish","format-standard","has-post-thumbnail","hentry","category-andalucia","category-noticias-de-hoy","category-politica"],"jetpack_publicize_connections":[],"jetpack_featured_media_url":"https:\/\/i0.wp.com\/miradordeatarfe.es\/wp-content\/uploads\/2024\/12\/715f4323-f095-417b-9045-81147a2f82da_16-9-discover-aspect-ratio_default_0_x2056y304.webp?fit=1200%2C675&ssl=1","jetpack_likes_enabled":true,"jetpack_sharing_enabled":true,"_links":{"self":[{"href":"https:\/\/miradordeatarfe.es\/index.php?rest_route=\/wp\/v2\/posts\/73265","targetHints":{"allow":["GET"]}}],"collection":[{"href":"https:\/\/miradordeatarfe.es\/index.php?rest_route=\/wp\/v2\/posts"}],"about":[{"href":"https:\/\/miradordeatarfe.es\/index.php?rest_route=\/wp\/v2\/types\/post"}],"author":[{"embeddable":true,"href":"https:\/\/miradordeatarfe.es\/index.php?rest_route=\/wp\/v2\/users\/1"}],"replies":[{"embeddable":true,"href":"https:\/\/miradordeatarfe.es\/index.php?rest_route=%2Fwp%2Fv2%2Fcomments&post=73265"}],"version-history":[{"count":1,"href":"https:\/\/miradordeatarfe.es\/index.php?rest_route=\/wp\/v2\/posts\/73265\/revisions"}],"predecessor-version":[{"id":73267,"href":"https:\/\/miradordeatarfe.es\/index.php?rest_route=\/wp\/v2\/posts\/73265\/revisions\/73267"}],"wp:featuredmedia":[{"embeddable":true,"href":"https:\/\/miradordeatarfe.es\/index.php?rest_route=\/wp\/v2\/media\/73266"}],"wp:attachment":[{"href":"https:\/\/miradordeatarfe.es\/index.php?rest_route=%2Fwp%2Fv2%2Fmedia&parent=73265"}],"wp:term":[{"taxonomy":"category","embeddable":true,"href":"https:\/\/miradordeatarfe.es\/index.php?rest_route=%2Fwp%2Fv2%2Fcategories&post=73265"},{"taxonomy":"post_tag","embeddable":true,"href":"https:\/\/miradordeatarfe.es\/index.php?rest_route=%2Fwp%2Fv2%2Ftags&post=73265"}],"curies":[{"name":"wp","href":"https:\/\/api.w.org\/{rel}","templated":true}]}}