{"id":73272,"date":"2024-12-09T11:00:00","date_gmt":"2024-12-09T10:00:00","guid":{"rendered":"https:\/\/miradordeatarfe.es\/?p=73272"},"modified":"2025-10-16T10:01:04","modified_gmt":"2025-10-16T08:01:04","slug":"la-pelicula-de-juan-espadas-por-remedios-sanchez","status":"publish","type":"post","link":"https:\/\/miradordeatarfe.es\/?p=73272","title":{"rendered":"\u00abLA PEL\u00cdCULA DE JUAN ESPADAS\u00bb por Remedios S\u00e1nchez"},"content":{"rendered":"\n<p>La muerte pol\u00edtica de Juan Espadas no es una cosa de este congreso federal que se ha celebrado en Sevilla hace unos d\u00edas, ni tampoco de los \u00faltimos meses. Juan Espadas ha venido siendo un difunto pol\u00edtico desde que crey\u00f3 que el PSOE andaluz era un cortijo y que, como nuevo se\u00f1orito del mismo, pod\u00eda hacer y deshacer, poner y quitar en la federaci\u00f3n socialista m\u00e1s importante del pa\u00eds. \u00a0Y es as\u00ed que erradic\u00f3, como si fuera mala hierba, a cualquiera que hubiera apoyado a Susana D\u00edaz, quien, curiosamente, tambi\u00e9n fue su gran protectora pol\u00edtica para ganar la alcald\u00eda de Sevilla. Es decir, que en vez de unir sensibilidades en torno a su figura, lo que ha venido haciendo ha sido dinamitar puentes. \u00a0La pol\u00edtica, como una de las bellas artes, se parece cada vez m\u00e1s a la literatura en estos gestos vergonzantes por pueriles.<\/p>\n\n\n\n<p> En una ocasi\u00f3n le dijeron a Borges que un escritor paisano hab\u00eda manifestado un intenso odio por \u00e9l. \u201cEso es imposible &#8211; afirm\u00f3 serenamente el argentino- porque yo a ese nunca le he hecho ning\u00fan favor\u201d. Es decir, que como los favores se pagan siempre, Espadas fulmina a cualquiera que le recuerde la sonrisa de Susana, el carisma de Susana o hasta la habilidad de Susana para meter la pata y salir airosa. Desde aquel junio de 2021 en que, con el apoyo de Ferraz, don Juan se convirti\u00f3 en el leg\u00edtimo mandam\u00e1s andaluz del socialismo regional, la consigna, en vez de conformar una bater\u00eda de propuestas frente al gobierno de Moreno Bonilla, fue aniquilar a cualquier precio a D\u00edaz. Resulta muy llamativo que la ejecutiva espadista persevere en responsabilizar a la trianera hasta de ser el toro que mat\u00f3 a Manolete en una persecuci\u00f3n cargada de odios y desprecios como nunca se hab\u00eda visto. Y claro, con ese grado de descomposici\u00f3n interna, de falta de respeto a los tuyos, es muy dif\u00edcil tener una m\u00ednima credibilidad para confrontar ideas con un partido cohesionado exteriormente como es el PP.<\/p>\n\n\n\n<p>Resultado, que Juan Espadas cosech\u00f3 en 2022 la mayor derrota electoral vista en estas tierras: 30 parlamentarios frente a los 56 de Juanma Moreno. Pero el realismo m\u00e1gico del cuento reside en que logr\u00f3 que calara que la culpable era la rubia (siempre hay que echar mano de una rubia, a ser posible mujer, a la que responsabilizar). Ah\u00ed reside su m\u00e9rito principal: en la contradicci\u00f3n de tratar de dar muerte pol\u00edtica a D\u00edaz revitaliz\u00e1ndola en cada intervenci\u00f3n. Para observadores externos, la cosa tiene mucho de freudiana, con su reborde machista y su carga de frustraci\u00f3n perpetua. Para ellos, es su cotidianeidad. Pero el problema esencial de Espadas nunca ha sido Susana, sino \u00e9l mismo: su ausencia de carisma, su discurso ambivalente y su desconexi\u00f3n con las preocupaciones de los andaluces. No se puede estar con un ojo mirando a Ferraz y con el otro al Palacio de las Cinco Llagas sin quedarse bizco. Lo que resulta sorprendente es que no perciba que, desde el punto en el que est\u00e1n al desastre absoluto, hay un paso corto y las sucesivas encuestas -todas, Juan, todas- lo vaticinan. Por eso esto no es una pel\u00edcula; es un sainete tragic\u00f3mico en el que las bases del PSOE-A se parecen sospechosamente a Lola Flores suplicando a su ejecutiva regional aquello de \u201cSi me quer\u00e9is, irse\u201d.<\/p>\n","protected":false},"excerpt":{"rendered":"<p>La muerte pol\u00edtica de Juan Espadas no es una cosa de este congreso federal que&#8230;<\/p>\n","protected":false},"author":1,"featured_media":73273,"comment_status":"closed","ping_status":"closed","sticky":false,"template":"","format":"standard","meta":{"_coblocks_attr":"","_coblocks_dimensions":"","_coblocks_responsive_height":"","_coblocks_accordion_ie_support":"","jetpack_post_was_ever_published":false,"_jetpack_newsletter_access":"","_jetpack_dont_email_post_to_subs":true,"_jetpack_newsletter_tier_id":0,"_jetpack_memberships_contains_paywalled_content":false,"_jetpack_memberships_contains_paid_content":false,"footnotes":"","jetpack_publicize_message":"","jetpack_publicize_feature_enabled":true,"jetpack_social_post_already_shared":true,"jetpack_social_options":{"image_generator_settings":{"template":"highway","enabled":false},"version":2}},"categories":[10791,44,7671,6914],"tags":[],"class_list":["post-73272","post","type-post","status-publish","format-standard","has-post-thumbnail","hentry","category-andalucia","category-noticias-de-hoy","category-politica","category-opinion-de-reme-sanchez"],"jetpack_publicize_connections":[],"jetpack_featured_media_url":"https:\/\/i0.wp.com\/miradordeatarfe.es\/wp-content\/uploads\/2024\/12\/872923588_248030800_1024x576.webp?fit=1024%2C576&ssl=1","jetpack_likes_enabled":true,"jetpack_sharing_enabled":true,"_links":{"self":[{"href":"https:\/\/miradordeatarfe.es\/index.php?rest_route=\/wp\/v2\/posts\/73272","targetHints":{"allow":["GET"]}}],"collection":[{"href":"https:\/\/miradordeatarfe.es\/index.php?rest_route=\/wp\/v2\/posts"}],"about":[{"href":"https:\/\/miradordeatarfe.es\/index.php?rest_route=\/wp\/v2\/types\/post"}],"author":[{"embeddable":true,"href":"https:\/\/miradordeatarfe.es\/index.php?rest_route=\/wp\/v2\/users\/1"}],"replies":[{"embeddable":true,"href":"https:\/\/miradordeatarfe.es\/index.php?rest_route=%2Fwp%2Fv2%2Fcomments&post=73272"}],"version-history":[{"count":1,"href":"https:\/\/miradordeatarfe.es\/index.php?rest_route=\/wp\/v2\/posts\/73272\/revisions"}],"predecessor-version":[{"id":73274,"href":"https:\/\/miradordeatarfe.es\/index.php?rest_route=\/wp\/v2\/posts\/73272\/revisions\/73274"}],"wp:featuredmedia":[{"embeddable":true,"href":"https:\/\/miradordeatarfe.es\/index.php?rest_route=\/wp\/v2\/media\/73273"}],"wp:attachment":[{"href":"https:\/\/miradordeatarfe.es\/index.php?rest_route=%2Fwp%2Fv2%2Fmedia&parent=73272"}],"wp:term":[{"taxonomy":"category","embeddable":true,"href":"https:\/\/miradordeatarfe.es\/index.php?rest_route=%2Fwp%2Fv2%2Fcategories&post=73272"},{"taxonomy":"post_tag","embeddable":true,"href":"https:\/\/miradordeatarfe.es\/index.php?rest_route=%2Fwp%2Fv2%2Ftags&post=73272"}],"curies":[{"name":"wp","href":"https:\/\/api.w.org\/{rel}","templated":true}]}}