{"id":73284,"date":"2024-12-10T11:37:00","date_gmt":"2024-12-10T10:37:00","guid":{"rendered":"https:\/\/miradordeatarfe.es\/?p=73284"},"modified":"2024-12-08T11:11:09","modified_gmt":"2024-12-08T10:11:09","slug":"maria-lucena-perez-biologa-por-jose-enrique-granados","status":"publish","type":"post","link":"https:\/\/miradordeatarfe.es\/?p=73284","title":{"rendered":"\u00abMar\u00eda Lucena P\u00e9rez, bi\u00f3loga\u00bb por Jos\u00e9 Enrique Granados"},"content":{"rendered":"\n<p>El lince ib\u00e9rico es una de las especies de nuestra fauna que goza de mayor magia, admiraci\u00f3n y simbolismo entre la ciudadan\u00eda. Una especie ic\u00f3nica del monte mediterr\u00e1neo, end\u00e9mico de la Pen\u00ednsula Ib\u00e9rica que ha pasado por graves momentos, en cuanto a su conservaci\u00f3n, pero que gracias al esfuerzo de cient\u00edficos y gestores ha multiplicado sus efectivos num\u00e9ricos por diez en lo que va de siglo, por lo que este animal ha dejado de estar considerado \u201cen peligro\u201d en la Lista Roja <a><\/a>que elabora la Uni\u00f3n Internacional para la Conservaci\u00f3n de la Naturaleza (UICN), pasando a estar considerado como \u201cvulnerable\u201d.<\/p>\n\n\n\n<p>El estado de conservaci\u00f3n del lince ib\u00e9rico (Lynx pardinus) ha mejorado al centrarse los esfuerzos de conservaci\u00f3n en aumentar la abundancia de su presa, el conejo europeo, proteger y restaurar los h\u00e1bitats de matorrales y bosques mediterr\u00e1neos, y reducir las muertes causadas por actividades humanas, destaca la UICN.<\/p>\n\n\n\n<p>El aumento de la diversidad gen\u00e9tica de la especie a trav\u00e9s de translocaciones y de un programa de reproducci\u00f3n ex situ ha sido clave para aumentar el n\u00famero de ejemplares. Desde 2010, se han reintroducido m\u00e1s de 400 linces ib\u00e9ricos en partes de Portugal y Espa\u00f1a. El lince ib\u00e9rico ocupa ahora al menos 3.320 km2, un aumento con respecto a los 449 km2 de 2005. La mayor\u00eda de los ejemplares (85,5%) se encuentra en Espa\u00f1a localizados principalmente en diez n\u00facleos de Andaluc\u00eda, ocho en Extremadura y seis en Castilla-La Mancha.<\/p>\n\n\n\n<p>Algunos de los ejemplares liberados en Sierra Harana hace algunos meses, han visitado en varias ocasiones Sierra Elvira.<\/p>\n\n\n\n<p>Los atarfe\u00f1os podemos sentirnos orgullosos de que algunos de nuestros vecinos hayan contribuido a este \u00e9xito. Mi primer trabajo remunerado como bi\u00f3logo, fue con esta especie y durante muchos a\u00f1os, entre 2001 y 2013, Jos\u00e9 Mar\u00eda Gil S\u00e1nchez, \u201cel Indio\u201d trabaj\u00f3 en los programas de conservaci\u00f3n de la especie a nivel andaluz.<\/p>\n\n\n\n<p>Sin embargo, esta entrada de nuestra gacetilla est\u00e1 dedicada a Mar\u00eda Lucena P\u00e9rez, bi\u00f3loga adscrita al Departamento de Ecolog\u00eda y Evoluci\u00f3n de la Estaci\u00f3n Biol\u00f3gica de Do\u00f1ana, instituto del Consejo Superior de Investigaciones Cient\u00edficas, con sede en Sevilla.<\/p>\n\n\n\n<p>A pesar de su juventud, Mar\u00eda tiene m\u00e1s de 15 art\u00edculos publicados en revistas indexadas casi todas centradas en la gen\u00e9tica de los linces, ya que su tesis doctoral defendida en 2020 se titulaba \u201cLinces en el Pale\u00e1rtico: Variaci\u00f3n gen\u00f3mica en poblaciones pasadas y presentes\u201d.<\/p>\n\n\n\n<p>En su tesis uso metodolog\u00edas novedosas en el \u00e1rea de la gen\u00f3mica y el ADN antiguo para ahondar en el conocimiento de la historia evolutiva de las dos especies de lince del Pale\u00e1rtico, el lince boreal (Lynx lynx) y el lince ib\u00e9rico (Lynx pardinus), que a pesar de presentar rasgos de vida similares, tienen historias demogr\u00e1ficas, en apariencia, muy dispares. El lince boreal se considera una especie de preocupaci\u00f3n menor en cuanto a conservaci\u00f3n y tiene una distribuci\u00f3n muy amplia en Eurasia, mientras que el lince ib\u00e9rico, distribuido en un par de poblaciones al sur de la pen\u00ednsula ib\u00e9rica, ha sido considerado el felino m\u00e1s amenazado del mundo. En la tesis Mar\u00eda describi\u00f3 los patrones gen\u00f3micos de poblaciones presentes y pasadas de ambas especies para reconstruir su historia evolutiva, e investigar el rol que distintas fuerzas evolutivas, cambios demogr\u00e1ficos y factores extr\u00ednsecos han jugado en el moldeado de sus genomas a lo largo del tiempo.<\/p>\n\n\n\n<p>Distintas fuerzas evolutivas, como migraci\u00f3n, mutaci\u00f3n, flujo g\u00e9nico, selecci\u00f3n y deriva, act\u00faan en las poblaciones provocando cambios en frecuencias al\u00e9licas que se acaban consolidando como divergencias nucleot\u00eddicas, algunas de las cuales pueden sustentar divergencias adaptativas. La acumulaci\u00f3n de estos cambios evolutivos termina diferenciando gen\u00e9ticamente las poblaciones y generando linajes y, eventualmente, especies. A lo largo de este continuo, eventos naturales, como las fluctuaciones clim\u00e1ticas y antr\u00f3picos alteran la demograf\u00eda de estas especies y el equilibrio entre las fuerzas evolutivas y generan patrones gen\u00f3micos, que nos informan sobre la historia evolutiva del linaje.<\/p>\n\n\n\n<p>Siempre lo he manifestado y de nuevo lo vuelvo a hacer; siento orgullo de pertenecer a un pueblo en el que viven o han nacido gente con talento y perseverancia que contribuyen con su esfuerzo y trabajo a la creaci\u00f3n de un mundo mejor.<\/p>\n\n\n\n<p>Mar\u00eda a alcanzar mayores metas. Tu familia est\u00e1 orgullosa de ti; tu padre tambi\u00e9n lo estar\u00eda.<\/p>\n\n\n\n<p>Gacetilla y curiosidades elvirenses.<\/p>\n","protected":false},"excerpt":{"rendered":"<p>El lince ib\u00e9rico es una de las especies de nuestra fauna que goza de mayor&#8230;<\/p>\n","protected":false},"author":1,"featured_media":73285,"comment_status":"closed","ping_status":"closed","sticky":false,"template":"","format":"standard","meta":{"_coblocks_attr":"","_coblocks_dimensions":"","_coblocks_responsive_height":"","_coblocks_accordion_ie_support":"","jetpack_post_was_ever_published":false,"_jetpack_newsletter_access":"","_jetpack_dont_email_post_to_subs":true,"_jetpack_newsletter_tier_id":0,"_jetpack_memberships_contains_paywalled_content":false,"_jetpack_memberships_contains_paid_content":false,"footnotes":"","jetpack_publicize_message":"","jetpack_publicize_feature_enabled":true,"jetpack_social_post_already_shared":true,"jetpack_social_options":{"image_generator_settings":{"template":"highway","enabled":false},"version":2}},"categories":[186,38,44,6539],"tags":[],"class_list":["post-73284","post","type-post","status-publish","format-standard","has-post-thumbnail","hentry","category-instituciones","category-opinion-de-jose-enrique-granados","category-noticias-de-hoy","category-personajes-de-ataref"],"jetpack_publicize_connections":[],"jetpack_featured_media_url":"https:\/\/i0.wp.com\/miradordeatarfe.es\/wp-content\/uploads\/2024\/12\/467076521_1086091433524338_5695105149184799238_n.jpg?fit=369%2C369&ssl=1","jetpack_likes_enabled":true,"jetpack_sharing_enabled":true,"_links":{"self":[{"href":"https:\/\/miradordeatarfe.es\/index.php?rest_route=\/wp\/v2\/posts\/73284","targetHints":{"allow":["GET"]}}],"collection":[{"href":"https:\/\/miradordeatarfe.es\/index.php?rest_route=\/wp\/v2\/posts"}],"about":[{"href":"https:\/\/miradordeatarfe.es\/index.php?rest_route=\/wp\/v2\/types\/post"}],"author":[{"embeddable":true,"href":"https:\/\/miradordeatarfe.es\/index.php?rest_route=\/wp\/v2\/users\/1"}],"replies":[{"embeddable":true,"href":"https:\/\/miradordeatarfe.es\/index.php?rest_route=%2Fwp%2Fv2%2Fcomments&post=73284"}],"version-history":[{"count":1,"href":"https:\/\/miradordeatarfe.es\/index.php?rest_route=\/wp\/v2\/posts\/73284\/revisions"}],"predecessor-version":[{"id":73286,"href":"https:\/\/miradordeatarfe.es\/index.php?rest_route=\/wp\/v2\/posts\/73284\/revisions\/73286"}],"wp:featuredmedia":[{"embeddable":true,"href":"https:\/\/miradordeatarfe.es\/index.php?rest_route=\/wp\/v2\/media\/73285"}],"wp:attachment":[{"href":"https:\/\/miradordeatarfe.es\/index.php?rest_route=%2Fwp%2Fv2%2Fmedia&parent=73284"}],"wp:term":[{"taxonomy":"category","embeddable":true,"href":"https:\/\/miradordeatarfe.es\/index.php?rest_route=%2Fwp%2Fv2%2Fcategories&post=73284"},{"taxonomy":"post_tag","embeddable":true,"href":"https:\/\/miradordeatarfe.es\/index.php?rest_route=%2Fwp%2Fv2%2Ftags&post=73284"}],"curies":[{"name":"wp","href":"https:\/\/api.w.org\/{rel}","templated":true}]}}