{"id":73308,"date":"2024-12-12T10:17:00","date_gmt":"2024-12-12T09:17:00","guid":{"rendered":"https:\/\/miradordeatarfe.es\/?p=73308"},"modified":"2024-12-12T11:02:02","modified_gmt":"2024-12-12T10:02:02","slug":"vuestras-intimidaciones-me-resbalan","status":"publish","type":"post","link":"https:\/\/miradordeatarfe.es\/?p=73308","title":{"rendered":"Vuestras intimidaciones me resbalan"},"content":{"rendered":"\n<p>Muchas, much\u00edsimas mujeres tienen miedo y no les faltan razones. No estoy hablando de los maltratadores, de violaciones ni palizas, sino del Poder Judicial. Pero no solo. Tambi\u00e9n de todos los engranajes institucionales que nos amenazan, de los medios de comunicaci\u00f3n y de la violencia en las redes. Con Juana Rivas nos los dejaron claro: <strong>Ojo con proteger a tus hijos del maltratador, porque la que acabar\u00e1 en la c\u00e1rcel ser\u00e1s t\u00fa.<\/strong> Es uno de los ejemplos m\u00e1s palmarios de adiestramiento, doma y sometimiento ejemplar que recuerdo.<\/p>\n\n\n\n<p>Siento que algo ha cambiado. Por fin. No s\u00e9 si estamos preparadas para que \u00abel miedo cambie de bando\u00bb, pero s\u00ed <strong>puedo decir que yo ya no tengo miedo. Porque somos muchas, much\u00edsimas.<\/strong> Porque ya sabemos lo que nos hacen y nos pueden hacer. Porque no estaremos solas. Sabemos que el Poder Judicial no funciona en el caso de las denuncias por violencia machista, que de ah\u00ed salimos escocidas, castigadas. Ahora ya podemos decirlo sin que se nos echen encima con el raca-raca del \u00abdenuncia\u00bb. Si no denunciamos, nosotras sabemos por qu\u00e9.<\/p>\n\n\n\n<p>Tambi\u00e9n sabemos que ya no vamos a callarnos. As\u00ed que no queda otra que actuar, y desde luego debemos, como sociedad, preguntarnos por qu\u00e9 los cauces institucionales no nos sirven. <strong>El problema no es nuestro, de las mujeres, es de esos cauces<\/strong>. A la madre que denuncia que el padre viola a la cr\u00eda la meten en la c\u00e1rcel. A la madre que denuncia que el padre la muele a palos, le quitan la custodia. A la mujer violada la mandan a casa por falta de pruebas. Las \u00f3rdenes de alejamiento son una broma de mal gusto. Ayer me escrib\u00eda una mujer que recib\u00eda palizas habituales. La abogada le dijo que desistiera de denunciar porque no ten\u00eda pruebas grabadas, y en cambi\u00f3 \u00e9l s\u00ed pod\u00eda tener alg\u00fan v\u00eddeo de ella sali\u00e9ndose de sus casillas.<\/p>\n\n\n\n<p>En su d\u00eda yo habr\u00eda escondido a Juana Rivas y a sus hijos en mi casa, y as\u00ed se lo hice llegar. Ahora no me importa decirlo. O le habr\u00eda pagado un billete a cualquier pa\u00eds lo suficientemente lejano. \u00bfY qu\u00e9? \u00bfY t\u00fa no? Pues por no hacerlo, por acatar las \u00f3rdenes judiciales, su hijo menor lleva siete a\u00f1os viviendo con el maltratador, separado de su madre y su hermano, quien ya ha avisado de la vida atroz que les daba su padre, Arcuri. \u00bfDejar\u00edas t\u00fa a tu hija con un padre que la viola? \u00bfLo har\u00edas porque lo manda un juez? P\u00e1rate y responde de coraz\u00f3n.<\/p>\n\n\n\n<p><strong>Me llegan amenazas a diario, m\u00e1s all\u00e1 de las que me prometen golpes y similares, el \u00abTe vamos a callar la boca a patadas\u00bb.<\/strong> Me dicen \u00abSe te va a caer el pelo con lo que haces\u00bb. \u00abNos veremos en los juzgados\u00bb. \u00abTe vas a cagar con la denuncia que te vamos a meter\u00bb. \u00abYo represento a Fulanito de Tal, y no sabes con qui\u00e9n te est\u00e1s metiendo\u00bb. Hace tiempo, con cada una de estas bravuconadas se me encog\u00eda el est\u00f3mago y pasaba d\u00edas de angustia y ansiedad. Ya no. <strong>Ahora me resbalan.<\/strong> Sencillamente me planteo qu\u00e9 puede suceder. \u00bfQue me denuncien? \u00bfQue me condenen? Francamente, eso no me produce mayor tribulaci\u00f3n.<\/p>\n\n\n\n<p>Un d\u00eda aparece un grupo de mujeres relatando episodios de violencia sexual. Todas se refieren al mismo hombre, pongamos que un periodista. Todas cuentan c\u00f3mo sufrieron agresiones por parte del tipo. No s\u00f3lo eso, sino que prest\u00e1ndoles atenci\u00f3n, se puede extraer un patr\u00f3n claro de actuaci\u00f3n. Ninguna da el nombre. Otro d\u00eda aparece otro grupo de mujeres que se refiere a un profesor. Poco despu\u00e9s, otras se refieren a un escritor. Tampoco en estos casos aparecen los nombres. <strong>Lo curioso es que, incluso sin decir el nombre del agresor ni el suyo propio, aun as\u00ed las mujeres pasan un miedo atroz.<\/strong> Env\u00edan su mensaje, lo borran, vuelven a enviarlo, hablan entre ellas&#8230; y ni siquiera unidas consiguen sacudirse un terror que las mantiene a partir de entonces en vilo, les impide dormir y llevar una vida normal.<\/p>\n\n\n\n<p>\u00bfA qu\u00e9 tienen miedo esas mujeres? Desde luego no a que el periodista, el escritor o el profesor vayan personalmente a buscarlas. Todas ellas tienen un miedo inconcreto a que el sistema se vuelva contra ellas. \u00bfC\u00f3mo? Que se sepa su nombre, que el agresor les denuncie, que les afecte econ\u00f3mica y laboralmente, entre otras cosas. Tienen miedo y tienen toda la raz\u00f3n. El nombre de la v\u00edctima de la manada de Sanfermines se filtr\u00f3 y convirtieron su vida en un infierno, tal y como dijo ella, \u00abpeor que lo que pas\u00f3 en el portal\u00bb. Nevenka Fern\u00e1ndez jam\u00e1s ha podido volver a Ponferrada, donde el entorno de su agresor vive tranquilo. En el caso de la manada del Arandina, el pueblo sali\u00f3 a la calle para apoyar a los agresores de la menor violada. Elisa Mouliaa, la \u00fanica denunciante (por ahora) de \u00cd\u00f1igo Errej\u00f3n, ha vivido desde entonces una pesadilla que no acaba, con amenazas, acoso y violencia digital.<\/p>\n\n\n\n<p>Y ahora volvemos a Juana Rivas. Rivas es un ejemplo pormenorizado, salvaje y doloroso de la violencia que sufrimos las mujeres desde las instituciones. No solo desde el Poder Judicial, que tambi\u00e9n, sino desde todos los \u00e1mbitos institucionales. <strong>\u00bfDe verdad tenemos que esperar a que un hijo sea mayor de edad para atender a lo que cuenta?<\/strong> Eso viene de la peregrina idea de que las madres adiestramos a nuestros hijos para que act\u00faen contra sus propios padres, algo sin pies ni cabeza, algo que sencillamente se ha inventado para que mantengamos la boca cerrada y perpetuar una violencia que ya es abrumadora, un clamor.<\/p>\n\n\n\n<p>El sometimiento, la doma, la intimidaci\u00f3n y la amenaza hacia las madres que osan defender a sus criaturas frente a sus maltratadores, hacia las mujeres que se\u00f1alan a sus violadores, ha sido feroz y minuciosa por parte del Poder Judicial, s\u00ed, pero tambi\u00e9n de los medios de comunicaci\u00f3n y de las instituciones pol\u00edticas, que han permitido que esto suceda. Adem\u00e1s, ha dado sus frutos. Las mujeres tienen miedo a denunciar. <strong>Tienen miedo a que ese proceso se vuelva contra nosotras, incluso si el agresor es condenado.<\/strong> Tienen miedo al castigo judicial, al castigo medi\u00e1tico y al castigo social. Cualquier mujer que decide dar el paso de denunciar a su agresor sabe que entra en una suerte de ruleta donde le puede caer a ella la condena, sea la que sea. Pero tambi\u00e9n sabe que, aun sin condena, sale ella perdiendo.<\/p>\n\n\n\n<p>Mientras escribo esto el hijo menor de Juana Rivas est\u00e1, como sucede cada d\u00eda desde hace m\u00e1s de 7 a\u00f1os, junto a un agresor condenado cuyo hijo mayor considera peligroso hasta el punto de temer por la vida de su hermano. Y d\u00eda a d\u00eda, hora a hora, recibo centenares de testimonios de v\u00edctimas que no osan dar el nombre de su agresor ni el suyo propio. La respuesta a todo ello es un silencio espeso que empieza a subir de temperatura. Un silencio, y la amenaza de cargar contra ellas, contra nosotras. <strong>A m\u00ed, francamente, esas intimidaciones a estas alturas me resbalan. Me temo que ya no soy la \u00fanica.<\/strong><\/p>\n\n\n\n<p><a href=\"https:\/\/blogs.publico.es\/cristina-fallaras\/author\/cristina-fallaras\/\"><strong>Cristina Fallar\u00e1s<\/strong><\/a><\/p>\n\n\n\n<p>FOTO: Imagen de archivo de Juana Rivas &#8211; Europa Press<\/p>\n\n\n\n<p><a href=\"https:\/\/blogs.publico.es\/cristina-fallaras\/2024\/12\/08\/vuestras-intimidaciones-me-resbalan\/#analytics-buscador:listado\">https:\/\/blogs.publico.es\/cristina-fallaras\/2024\/12\/08\/vuestras-intimidaciones-me-resbalan\/#analytics-buscador:listado<\/a><\/p>\n\n\n\n\n","protected":false},"excerpt":{"rendered":"<p>Muchas, much\u00edsimas mujeres tienen miedo y no les faltan razones. No estoy hablando de los&#8230;<\/p>\n","protected":false},"author":1,"featured_media":73309,"comment_status":"closed","ping_status":"closed","sticky":false,"template":"","format":"standard","meta":{"_coblocks_attr":"","_coblocks_dimensions":"","_coblocks_responsive_height":"","_coblocks_accordion_ie_support":"","jetpack_post_was_ever_published":false,"_jetpack_newsletter_access":"","_jetpack_dont_email_post_to_subs":true,"_jetpack_newsletter_tier_id":0,"_jetpack_memberships_contains_paywalled_content":false,"_jetpack_memberships_contains_paid_content":false,"footnotes":"","jetpack_publicize_message":"","jetpack_publicize_feature_enabled":true,"jetpack_social_post_already_shared":true,"jetpack_social_options":{"image_generator_settings":{"template":"highway","enabled":false},"version":2}},"categories":[1161,14,186,44],"tags":[],"class_list":["post-73308","post","type-post","status-publish","format-standard","has-post-thumbnail","hentry","category-ciudadania","category-feminismo","category-instituciones","category-noticias-de-hoy"],"jetpack_publicize_connections":[],"jetpack_featured_media_url":"https:\/\/i0.wp.com\/miradordeatarfe.es\/wp-content\/uploads\/2024\/12\/EuropaPress_1525458_granada_vista_judicial_caso_juana_rivas_danos_perjuicios_expareja_francesco-1024x683-1.jpg?fit=1024%2C683&ssl=1","jetpack_likes_enabled":true,"jetpack_sharing_enabled":true,"_links":{"self":[{"href":"https:\/\/miradordeatarfe.es\/index.php?rest_route=\/wp\/v2\/posts\/73308","targetHints":{"allow":["GET"]}}],"collection":[{"href":"https:\/\/miradordeatarfe.es\/index.php?rest_route=\/wp\/v2\/posts"}],"about":[{"href":"https:\/\/miradordeatarfe.es\/index.php?rest_route=\/wp\/v2\/types\/post"}],"author":[{"embeddable":true,"href":"https:\/\/miradordeatarfe.es\/index.php?rest_route=\/wp\/v2\/users\/1"}],"replies":[{"embeddable":true,"href":"https:\/\/miradordeatarfe.es\/index.php?rest_route=%2Fwp%2Fv2%2Fcomments&post=73308"}],"version-history":[{"count":4,"href":"https:\/\/miradordeatarfe.es\/index.php?rest_route=\/wp\/v2\/posts\/73308\/revisions"}],"predecessor-version":[{"id":73425,"href":"https:\/\/miradordeatarfe.es\/index.php?rest_route=\/wp\/v2\/posts\/73308\/revisions\/73425"}],"wp:featuredmedia":[{"embeddable":true,"href":"https:\/\/miradordeatarfe.es\/index.php?rest_route=\/wp\/v2\/media\/73309"}],"wp:attachment":[{"href":"https:\/\/miradordeatarfe.es\/index.php?rest_route=%2Fwp%2Fv2%2Fmedia&parent=73308"}],"wp:term":[{"taxonomy":"category","embeddable":true,"href":"https:\/\/miradordeatarfe.es\/index.php?rest_route=%2Fwp%2Fv2%2Fcategories&post=73308"},{"taxonomy":"post_tag","embeddable":true,"href":"https:\/\/miradordeatarfe.es\/index.php?rest_route=%2Fwp%2Fv2%2Ftags&post=73308"}],"curies":[{"name":"wp","href":"https:\/\/api.w.org\/{rel}","templated":true}]}}