{"id":73312,"date":"2024-12-14T10:02:00","date_gmt":"2024-12-14T09:02:00","guid":{"rendered":"https:\/\/miradordeatarfe.es\/?p=73312"},"modified":"2024-12-09T13:43:07","modified_gmt":"2024-12-09T12:43:07","slug":"bienestar-para-el-siglo-xxi","status":"publish","type":"post","link":"https:\/\/miradordeatarfe.es\/?p=73312","title":{"rendered":"Bienestar para el siglo XXI"},"content":{"rendered":"\n<p class=\"has-medium-font-size\"><strong>El cambio del art\u00edculo 49, que consagra el derecho a la autonom\u00eda de las personas con discapacidad, es una conquista de la movilizaci\u00f3n social y un mandato que ahora debe traducirse en pol\u00edticas p\u00fablicas, como vamos a hacer con la reforma de las leyes de Discapacidad y Dependencia<\/strong><\/p>\n\n\n\n<p>Poco despu\u00e9s de cumplirse un a\u00f1o de legislatura, creo firmemente que este 2024 no pasar\u00e1 a la historia pol\u00edtica del pa\u00eds por el ruido y la furia parlamentaria, ni por las soflamas incendiarias, ni por los seriales exagerados que llenan las portadas y las horas de tertulia. Este a\u00f1o referir\u00e1 siempre al <strong>dolor sufrido por Valencia<\/strong> y sentido en el pa\u00eds entero, y a las responsabilidades pol\u00edticas que se har\u00e1n inapelables con el tiempo. 2024 referir\u00e1 tambi\u00e9n a la Constituci\u00f3n, esta vez no como icono ni como arma arrojadiza, sino porque se logr\u00f3 por fin algo que parec\u00eda imposible: <strong>la reforma social del texto constitucional<\/strong>.<\/p>\n\n\n\n<p>No es una cuesti\u00f3n simb\u00f3lica, por mucho que los s\u00edmbolos importen. El cambio del <strong>art\u00edculo 49<\/strong>, que consagra el derecho a la autonom\u00eda de las personas con discapacidad, es una conquista de la movilizaci\u00f3n social y un mandato que ahora debe traducirse en pol\u00edticas p\u00fablicas, como vamos a hacer con la reforma de las <strong>leyes de Discapacidad y Dependencia<\/strong>, lista ya para su tramitaci\u00f3n. Es tambi\u00e9n un recordatorio, un reforzamiento de la funci\u00f3n social del Estado -Espa\u00f1a como un <em>Estado social y democr\u00e1tico de Derecho-<\/em>, tantas veces postergada, tantas veces orillada en las reflexiones y planteamientos sobre los d\u00e9ficits y contradicciones que afectan a la Constituci\u00f3n de 1978 y a la construcci\u00f3n hist\u00f3rica del Estado.<\/p>\n\n\n\n<p>Es ah\u00ed, en la profundizaci\u00f3n del Estado social, en la construcci\u00f3n de un Estado del bienestar para el siglo XXI, donde adquiere sentido la pregunta sobre las piezas nuevas que este Gobierno debe aportar para la mejora de la vida en el pa\u00eds. A nadie se le escapan las complejidades que rodean esta tarea: parlamentarias, pol\u00edticas, continentales, globales. La rotundidad y la val\u00eda de la acci\u00f3n pol\u00edtica est\u00e1 siempre determinada por el contexto en el que se produce, es evidente. Pero tambi\u00e9n lo es que una acci\u00f3n pol\u00edtica valiente es la que transforma ese contexto, lo desplaza, lo mejora, abre posibilidades donde no las hab\u00eda.<\/p>\n\n\n\n<p>Intervenir el mercado de la vivienda, reducir las desigualdades, hacer un reparto m\u00e1s justo y democr\u00e1tico del tiempo y de la riqueza, mejorar la red de protecci\u00f3n social. No son principios abstractos: es topar los alquileres, prohibir la compra especulativa de vivienda en zonas tensionadas, perseguir modelos de negocio fraudulentos como el de los pisos tur\u00edsticos ilegales. Es una prestaci\u00f3n universal por crianza, una fiscalidad m\u00e1s progresiva, con impuestos mayores para multinacionales y grandes fortunas. Es reducir la jornada laboral sin reducir el sueldo, ampliar los permisos por nacimiento, remunerar los permisos parentales. Es un <strong>nuevo modelo para el sistema de dependencia<\/strong>, con m\u00e1s recursos, mejores prestaciones y condiciones m\u00e1s dignas de trabajo. Son los objetivos que defendimos en las elecciones del a\u00f1o pasado y los que gu\u00edan nuestra acci\u00f3n pol\u00edtica cada d\u00eda en la coalici\u00f3n de Gobierno. Son las prioridades que defenderemos en la negociaci\u00f3n de los presupuestos. Tambi\u00e9n ser\u00e1n la medida de nuestros logros y fracasos.<\/p>\n\n\n\n<p>A nadie se le escapa que en este a\u00f1o dif\u00edcil los ritmos han sido m\u00e1s lentos de lo deseable. Eso acrecienta la importancia del futuro inmediato: <strong>aprobar unos presupuestos que aterricen esos objetivos<\/strong> en una mejora inmediata de las condiciones de vida de las mayor\u00edas trabajadoras en Espa\u00f1a. Pero eso tambi\u00e9n pone en valor lo que se ha conseguido a pesar de todas las dificultades. Este a\u00f1o el SMI ha aumentado un 5%, las pensiones han aumentado un 3,8%, las prestaciones no contributivas un 6,9%, ha mejorado la cobertura de las rentas m\u00ednimas, se ha reducido la desigualdad y la brecha salarial de g\u00e9nero. Espa\u00f1a ha adoptado una regulaci\u00f3n pionera para las empleadas del hogar; tambi\u00e9n un sistema de Tarjetas Monedero para dignificar la provisi\u00f3n de asistencia material b\u00e1sica del que participan ya m\u00e1s de 55.000 familias, que hacen la compra en el supermercado con normalidad en vez de una cola para recibir una bolsa de alimentos.&nbsp;<\/p>\n\n\n\n<p>Hemos aprobado una estrategia dotada de 1.300 millones para transformar el sistema de la dependencia y que la gente pueda permanecer m\u00e1s tiempo en su casa, con mejores apoyos y m\u00e1s servicios de proximidad en lugar de grandes residencias. Hemos aprobado <strong>la reforma del art\u00edculo 49, la ley ELA o la primera parte de la reforma fiscal que necesita el pa\u00eds<\/strong>, y en breve conf\u00edo en que suceder\u00e1 lo mismo con la ley de Familias y las leyes de Discapacidad y Dependencia. Hace una semana, adoptamos sanciones por valor de 179 millones de euros a cinco aerol\u00edneas de bajo coste por pr\u00e1cticas abusivas como el cobro del equipaje de mano o la selecci\u00f3n de asientos contiguos a ni\u00f1os y personas en situaci\u00f3n de dependencia. Con ese mismo empe\u00f1o -que ning\u00fan actor econ\u00f3mico, por grande o poderoso que sea, pueda hacer de la vulneraci\u00f3n de derechos un modelo de negocio- estamos investigando pr\u00e1cticas abusivas en sectores como la vivienda, la alimentaci\u00f3n o el comercio electr\u00f3nico.&nbsp;<\/p>\n\n\n\n<p>Cito solo alguno de los pasos que hemos dado por esas dos razones: porque son valiosos y tambi\u00e9n porque son insuficientes. Porque las <em>piezas nuevas<\/em> que necesita este pa\u00eds est\u00e1n a\u00fan por venir y requerir\u00e1n de iniciativa pol\u00edtica, s\u00ed, pero tambi\u00e9n de fuerza social, presi\u00f3n y empuje suficiente para que no se vean minorados u obstruidos por el camino. Porque lo que est\u00e1 en disputa no es la estabilidad del Gobierno ni el inter\u00e9s de un actor pol\u00edtico u otro. Porque la construcci\u00f3n del Estado social, de ese horizonte de prosperidad compartida, libertad y justicia social, es la \u00fanica alternativa al mundo violento, desigual e injusto que crece por momentos y nos rodea como una amenaza. Creo que hay razones de sobra para dar esta pelea. Tambi\u00e9n para ganarla.<\/p>\n\n\n\n<p><strong>Pablo Bustinduy<\/strong> Ministro de Derechos Sociales, Consumo y Agenda 2030<\/p>\n\n\n\n<p>FOTO: Dos personas caminan por el Parque Cotolino, en Castro Urdiales (Cantabria). EUROPA PRESS\/C. Ortiz<\/p>\n\n\n\n<p><a href=\"https:\/\/blogs.publico.es\/dominiopublico\/66273\/bienestar-para-el-siglo-xxi\/#md=modulo-portada-bloque:2col-t4;mm=mobile-medium\">https:\/\/blogs.publico.es\/dominiopublico\/66273\/bienestar-para-el-siglo-xxi\/#md=modulo-portada-bloque:2col-t4;mm=mobile-medium<\/a><\/p>\n","protected":false},"excerpt":{"rendered":"<p>El cambio del art\u00edculo 49, que consagra el derecho a la autonom\u00eda de las personas&#8230;<\/p>\n","protected":false},"author":1,"featured_media":73313,"comment_status":"closed","ping_status":"closed","sticky":false,"template":"","format":"standard","meta":{"_coblocks_attr":"","_coblocks_dimensions":"","_coblocks_responsive_height":"","_coblocks_accordion_ie_support":"","jetpack_post_was_ever_published":false,"_jetpack_newsletter_access":"","_jetpack_dont_email_post_to_subs":true,"_jetpack_newsletter_tier_id":0,"_jetpack_memberships_contains_paywalled_content":false,"_jetpack_memberships_contains_paid_content":false,"footnotes":"","jetpack_publicize_message":"","jetpack_publicize_feature_enabled":true,"jetpack_social_post_already_shared":true,"jetpack_social_options":{"image_generator_settings":{"template":"highway","enabled":false},"version":2}},"categories":[1161,186,44],"tags":[],"class_list":["post-73312","post","type-post","status-publish","format-standard","has-post-thumbnail","hentry","category-ciudadania","category-instituciones","category-noticias-de-hoy"],"jetpack_publicize_connections":[],"jetpack_featured_media_url":"https:\/\/i0.wp.com\/miradordeatarfe.es\/wp-content\/uploads\/2024\/12\/EuropaPress_5746744_dos_personas_caminan_parque_cotolino_donde_detenido_menores_motivo_hallazgo-1024x682-1.jpg?fit=1024%2C682&ssl=1","jetpack_likes_enabled":true,"jetpack_sharing_enabled":true,"_links":{"self":[{"href":"https:\/\/miradordeatarfe.es\/index.php?rest_route=\/wp\/v2\/posts\/73312","targetHints":{"allow":["GET"]}}],"collection":[{"href":"https:\/\/miradordeatarfe.es\/index.php?rest_route=\/wp\/v2\/posts"}],"about":[{"href":"https:\/\/miradordeatarfe.es\/index.php?rest_route=\/wp\/v2\/types\/post"}],"author":[{"embeddable":true,"href":"https:\/\/miradordeatarfe.es\/index.php?rest_route=\/wp\/v2\/users\/1"}],"replies":[{"embeddable":true,"href":"https:\/\/miradordeatarfe.es\/index.php?rest_route=%2Fwp%2Fv2%2Fcomments&post=73312"}],"version-history":[{"count":1,"href":"https:\/\/miradordeatarfe.es\/index.php?rest_route=\/wp\/v2\/posts\/73312\/revisions"}],"predecessor-version":[{"id":73314,"href":"https:\/\/miradordeatarfe.es\/index.php?rest_route=\/wp\/v2\/posts\/73312\/revisions\/73314"}],"wp:featuredmedia":[{"embeddable":true,"href":"https:\/\/miradordeatarfe.es\/index.php?rest_route=\/wp\/v2\/media\/73313"}],"wp:attachment":[{"href":"https:\/\/miradordeatarfe.es\/index.php?rest_route=%2Fwp%2Fv2%2Fmedia&parent=73312"}],"wp:term":[{"taxonomy":"category","embeddable":true,"href":"https:\/\/miradordeatarfe.es\/index.php?rest_route=%2Fwp%2Fv2%2Fcategories&post=73312"},{"taxonomy":"post_tag","embeddable":true,"href":"https:\/\/miradordeatarfe.es\/index.php?rest_route=%2Fwp%2Fv2%2Ftags&post=73312"}],"curies":[{"name":"wp","href":"https:\/\/api.w.org\/{rel}","templated":true}]}}