{"id":73331,"date":"2024-12-11T09:44:00","date_gmt":"2024-12-11T08:44:00","guid":{"rendered":"https:\/\/miradordeatarfe.es\/?p=73331"},"modified":"2024-12-09T19:50:20","modified_gmt":"2024-12-09T18:50:20","slug":"solea-morente-recupera-canciones-que-dejo-grabadas-con-su-padre-en-mar-en-calma","status":"publish","type":"post","link":"https:\/\/miradordeatarfe.es\/?p=73331","title":{"rendered":"Sole\u00e1 Morente recupera canciones que dej\u00f3 grabadas con su padre en \u00abMar en calma\u00bb"},"content":{"rendered":"\n<p class=\"has-medium-font-size\">E<strong>l proyecto, que comenz\u00f3 cuando cumpli\u00f3 el requisito que le puso su padre, Enrique Morente, licenciarse, lo recupera 14 a\u00f1os despu\u00e9s animada por su hermana Estrella.<\/strong>\u00ab<strong>Mar en calma\u00bb sale el 13 de diciembre y puede comprarse ya en preventa<\/strong>Portada del disco, con un dibujo de Aurora Carbonell titulado \u00abMi ni\u00f1a Sole\u00e1\u00bb.<\/p>\n\n\n\n<p>Sol\u00e9a Morente publica \u00abMar en calma\u00bb, un proyecto que como ella misma ha explicado en sus redes sociales, puso en marcha en septiembre de 2010 junto a su padre y qued\u00f3 guardado tras su muerte apenas tres meses despu\u00e9s.&nbsp;<\/p>\n\n\n\n<p>Saldr\u00e1 a la luz el pr\u00f3ximo viernes, 13 de diciembre, con una portada que reproduce un delicado dibujo obra de su madre, Aurora Carbonell, que se titula \u00abMi ni\u00f1a Sole\u00e1\u00bb<\/p>\n\n\n\n<p>As\u00ed ha explicado Sole\u00e1 Morente en sus redes sociales la historia de este disco que ha publicado animada por Estrella, su hermana:&nbsp;<\/p>\n\n\n\n<p>\u00abUn mediod\u00eda de septiembre en Granada (2010), termin\u00e9 el \u00faltimo examen de la carrera y fui a casa corriendo para contarle a mis padres que por fin me hab\u00eda licenciado. Detr\u00e1s de esa prisa por compartir el final de un ciclo de mi vida, se escond\u00edan las ganas de saber si mi padre se acordaba de lo que en alg\u00fan momento hab\u00edamos hablado meses antes; si terminaba la carrera, empezar\u00edamos a grabar algunas maquetas para un posible proyecto que quiz\u00e1 alg\u00fan d\u00eda podr\u00eda publicar o quiz\u00e1 podr\u00eda quedarse en la intimidad y compartirlo solo con mis amigas y mi familia, y as\u00ed no me quedar\u00eda con las ganas de haberlo hecho.<\/p>\n\n\n\n<p>Juntos elegimos \u00abPalabras para Julia\u00bb, \u00abI&#8217;m a fool to want you\u00bb en la voz de Billie Holiday, \u00abLa Chamelona\u00bb por Peric\u00f3n de C\u00e1diz y tambi\u00e9n escuchamos varias canciones de Caetano Veloso y nos quedamos con \u00abSonhos\u00bb<\/p>\n\n\n\n<p>Por supuesto que se acordaba perfectamente de aquel acuerdo. Abri\u00f3 una botella de champ\u00e1n en la cocina y me dijo: vamos a elegir algunas canciones que te gusten y nos bajamos al estudio. Juntos elegimos \u00abPalabras para Julia\u00bb, \u00abI&#8217;m a fool to want you\u00bb en la voz de Billie Holiday, \u00abLa Chamelona\u00bb por Peric\u00f3n de C\u00e1diz y tambi\u00e9n escuchamos varias canciones de Caetano Veloso y nos quedamos con \u00abSonhos\u00bb. Recuerdo que nos planteamos hacer el Pastorcico (poema de San Juan de la Cruz) y una preciosa canci\u00f3n de Victoria de los \u00c1ngeles.&nbsp;<\/p>\n\n\n\n<p>Finalmente estas dos \u00faltimas no entraron en el proyecto. Poco despu\u00e9s, mi padre march\u00f3, quedando el trabajo guardado en un caj\u00f3n que emocionalmente me cost\u00f3 mucho volver a abrir, hasta que tiempo despu\u00e9s mi hermana Estrella me anim\u00f3 a que lo retomase de la mano del maestro Isidro Sanl\u00facar, brind\u00e1ndome as\u00ed la oportunidad de conocer profesionalmente a uno de los mayores maestros de la m\u00fasica a quien siempre estar\u00e9 agradecida\u00bb.&nbsp;<\/p>\n\n\n\n<figure class=\"wp-block-image\"><img data-recalc-dims=\"1\" decoding=\"async\" src=\"https:\/\/i0.wp.com\/www.elindependientedegranada.es\/sites\/default\/files\/solea_1.jpg?w=640&#038;ssl=1\" alt=\"\"\/><\/figure>\n\n\n\n<p>Sol\u00e9a Morente, en su actuaci\u00f3n en Granada en un concierto solidario con Ucracia. Tom Leif eggert<\/p>\n\n\n\n<p>\u00abMar en calma\u00bb es un \u00e1lbum de Sole\u00e1 Morente. Un disco con una carga sentimental especial, ya que la artista comenz\u00f3 a imaginarlo junto a su padre, Enrique Morente, y decidi\u00f3 retomarlo desde el recuerdo, como un homenaje a su legado. \u00abLa idea era seleccionar canciones que nos marcasen y nos conmoviesen\u00bb. Con I&#8217;m a fool to want you como primer adelanto, bajo el influjo de la versi\u00f3n de Billie Holiday.<\/p>\n\n\n\n<p>La permanente inquietud de Sole\u00e1 por por innovar musicalmente ha hecho que nazca este disco producido por Isidro Mu\u00f1oz y Borja Evora. Crea un nuevo universo de sue\u00f1os y poes\u00eda, mecidos por la brisa de las playas de Sanl\u00facar<\/p>\n\n\n\n<p>Un \u00e1lbum en el que podremos encontrar verdaderas joyas de la m\u00fasica, como la canci\u00f3n de Frank Sinatra \u2018I\u2019m a fool to want you\u2019, inspirada en la interpretaci\u00f3n de Billie Holiday; \u2018Palabras para Julia\u2019, del maestro Paco Ib\u00e1\u00f1ez; o la canci\u00f3n \u2018Sue\u00f1os\u2019, traducida del portugu\u00e9s al castellano por Fernando Trueba para esta ocasi\u00f3n tan especial, y con la colaboraci\u00f3n del guitarrista jerezano Diego del Morao.<\/p>\n\n\n\n<h4 class=\"wp-block-heading\">Resugir de Discos Probeticos<\/h4>\n\n\n\n<p>\u00abMar en calma\u00bb sale bajo el sello Discos Probeticos, que naci\u00f3 en 1994 con la publicaci\u00f3n de \u00abMaestros\u00bb del guitarrista flamenco Rafael Riqueni y que vuelve a cobrar vida de la mano de Sole\u00e1. La creaci\u00f3n del sello, 30 a\u00f1os atr\u00e1s, respond\u00eda a la inquietud discogr\u00e1fica y editorial de Enrique Morente, el cual siempre demostr\u00f3, desde su infinita pasi\u00f3n por la m\u00fasica, una constante voluntad por impulsar y desarrollar proyectos que, de manera modesta, sincera e independiente, contribuyeran al crecimiento del flamenco y a su vez sirvieran de veh\u00edculo para difundir el arte en sus diferentes vertientes.<\/p>\n\n\n\n<p><strong>Redacci\u00f3n El Independiente de Granada<\/strong><\/p>\n\n\n\n<p>FOTO;Portada del disco, con un dibujo de Aurora Carbonell titulado \u00abMi ni\u00f1a Sole\u00e1\u00bb.VIA facebook de Soledad Morente<\/p>\n\n\n\n<p>http:\/\/www.elindependientedegranada.es\/cultura\/solea-morente-recupera-canciones-que-dejo-grabadas-con-padre-mar-calma<\/p>\n","protected":false},"excerpt":{"rendered":"<p>El proyecto, que comenz\u00f3 cuando cumpli\u00f3 el requisito que le puso su padre, Enrique Morente,&#8230;<\/p>\n","protected":false},"author":1,"featured_media":73332,"comment_status":"closed","ping_status":"closed","sticky":false,"template":"","format":"standard","meta":{"_coblocks_attr":"","_coblocks_dimensions":"","_coblocks_responsive_height":"","_coblocks_accordion_ie_support":"","jetpack_post_was_ever_published":false,"_jetpack_newsletter_access":"","_jetpack_dont_email_post_to_subs":true,"_jetpack_newsletter_tier_id":0,"_jetpack_memberships_contains_paywalled_content":false,"_jetpack_memberships_contains_paid_content":false,"footnotes":"","jetpack_publicize_message":"","jetpack_publicize_feature_enabled":true,"jetpack_social_post_already_shared":true,"jetpack_social_options":{"image_generator_settings":{"template":"highway","enabled":false},"version":2}},"categories":[1161,44,6937],"tags":[],"class_list":["post-73331","post","type-post","status-publish","format-standard","has-post-thumbnail","hentry","category-ciudadania","category-noticias-de-hoy","category-sociedad"],"jetpack_publicize_connections":[],"jetpack_featured_media_url":"https:\/\/i0.wp.com\/miradordeatarfe.es\/wp-content\/uploads\/2024\/12\/mar_en_calma_portada_0.jpg?fit=648%2C584&ssl=1","jetpack_likes_enabled":true,"jetpack_sharing_enabled":true,"_links":{"self":[{"href":"https:\/\/miradordeatarfe.es\/index.php?rest_route=\/wp\/v2\/posts\/73331","targetHints":{"allow":["GET"]}}],"collection":[{"href":"https:\/\/miradordeatarfe.es\/index.php?rest_route=\/wp\/v2\/posts"}],"about":[{"href":"https:\/\/miradordeatarfe.es\/index.php?rest_route=\/wp\/v2\/types\/post"}],"author":[{"embeddable":true,"href":"https:\/\/miradordeatarfe.es\/index.php?rest_route=\/wp\/v2\/users\/1"}],"replies":[{"embeddable":true,"href":"https:\/\/miradordeatarfe.es\/index.php?rest_route=%2Fwp%2Fv2%2Fcomments&post=73331"}],"version-history":[{"count":1,"href":"https:\/\/miradordeatarfe.es\/index.php?rest_route=\/wp\/v2\/posts\/73331\/revisions"}],"predecessor-version":[{"id":73333,"href":"https:\/\/miradordeatarfe.es\/index.php?rest_route=\/wp\/v2\/posts\/73331\/revisions\/73333"}],"wp:featuredmedia":[{"embeddable":true,"href":"https:\/\/miradordeatarfe.es\/index.php?rest_route=\/wp\/v2\/media\/73332"}],"wp:attachment":[{"href":"https:\/\/miradordeatarfe.es\/index.php?rest_route=%2Fwp%2Fv2%2Fmedia&parent=73331"}],"wp:term":[{"taxonomy":"category","embeddable":true,"href":"https:\/\/miradordeatarfe.es\/index.php?rest_route=%2Fwp%2Fv2%2Fcategories&post=73331"},{"taxonomy":"post_tag","embeddable":true,"href":"https:\/\/miradordeatarfe.es\/index.php?rest_route=%2Fwp%2Fv2%2Ftags&post=73331"}],"curies":[{"name":"wp","href":"https:\/\/api.w.org\/{rel}","templated":true}]}}