{"id":73334,"date":"2024-12-17T10:20:00","date_gmt":"2024-12-17T09:20:00","guid":{"rendered":"https:\/\/miradordeatarfe.es\/?p=73334"},"modified":"2024-12-16T19:18:16","modified_gmt":"2024-12-16T18:18:16","slug":"quienes-de-verdad-cuidan-nuestro-clima","status":"publish","type":"post","link":"https:\/\/miradordeatarfe.es\/?p=73334","title":{"rendered":"Quienes de verdad cuidan nuestro clima"},"content":{"rendered":"\n<p class=\"has-medium-font-size\"><strong>Mientras pol\u00edticos y empresarios se re\u00fanen peri\u00f3dicamente en decepcionantes cumbres mundiales del clima, numerosas asociaciones y colectivos ciudadanos cuidan de verdad nuestro medioambiente a nivel local. Te mostramos algunas de las entidades que act\u00faan en Granada.<\/strong><\/p>\n\n\n\n<p>Pol\u00edticos y empresas de todo el mundo est\u00e1n reunidos estos d\u00edas en Azerbaiy\u00e1n en otra cumbre clim\u00e1tica que, muy probablemente, acabar\u00e1 en una nueva decepci\u00f3n, con la atm\u00f3sfera calent\u00e1ndose a un ritmo desconocido en la historia de la humanidad y varios l\u00edmites biof\u00edsicos del planeta soprepasados, lo que pone en serio peligro el futuro de la vida humana, como advierte una y otra vez la comunidad cient\u00edfica.&nbsp;<\/p>\n\n\n\n<p>Mientras, cada son m\u00e1s numerosas las asociaciones y colectivos ciudadanos que, con sus peque\u00f1as pero valiosas acciones, van sumando granitos de arena para cuidar nuestro medioambiente. Son quienes de verdad velan cada d\u00eda por el clima. Te mostramos algunas de las entidades que act\u00faan en Granada y lo que hacen, contado por ellas:&nbsp;<\/p>\n\n\n\n<h4 class=\"wp-block-heading has-large-font-size\">Somos R\u00edo D\u00edlar<\/h4>\n\n\n\n<p>La mitigaci\u00f3n del cambio clim\u00e1tico pasa por acciones concretas desde nuestros entornos m\u00e1s cercanos. Cada gesto es esencial y revolucionario en la lucha imparable para frenar los efectos de la alteraci\u00f3n clim\u00e1tica que hemos provocado los seres humanos.<\/p>\n\n\n\n<p>La asociaci\u00f3n <strong>Somos R\u00edo D\u00edlar<\/strong> se plante\u00f3 como objetivo esencial en 2020 recuperar un r\u00edo emblem\u00e1tico de nuestra provincia en el que vemos un ejemplo evidente de olvido por parte de la ciudadan\u00eda y de las administraciones con competencias en materia de aguas. Desde su nacimiento hasta su desembocadura los r\u00edos son corredores de vida a los que debemos devolverles su naturaleza original tras una larga historia de atropellos y mala gesti\u00f3n.<\/p>\n\n\n\n<p>Los r\u00edos son mucho m\u00e1s que un recurso natural: son arterias que sustentan ecosistemas enteros y formas de vida. En Granada, el r\u00edo D\u00edlar es un ejemplo emblem\u00e1tico. Este cauce, que fluye desde las cumbres de Sierra Nevada, enfrenta una presi\u00f3n creciente debido a su desecaci\u00f3n en gran parte de su recorrido por la actividad humana, vertidos, captaciones ilegales y descontroladas, cierres de la zona de servidumbre de paso, dotaciones desorbitadas&#8230; Estos problemas afectan a la gran mayor\u00eda de los r\u00edos de Granada. La intervenci\u00f3n que el organismo de cuenca est\u00e1 realizando en \u00e9l deber\u00eda ser m\u00e1s rigurosa a\u00fan y servir de emblema en la restauraci\u00f3n del resto de los r\u00edos de su competencia.<\/p>\n\n\n\n<p>Los servicios que nos prestan estos ecosistemas son tan numerosos que nuestra asociaci\u00f3n persiste en la recuperaci\u00f3n de todos ellos. Debemos procurar el fr\u00e1gil equilibrio entre los usos y el respeto que merece. Somos R\u00edo D\u00edlar reivindica una intervenci\u00f3n seria por parte de quienes tienen la autoridad de proteger al r\u00edo D\u00edlar pero tambi\u00e9n apelamos a la responsabilidad ciudadana en la protecci\u00f3n de este curso de agua tan especial para todos los granadinos.<\/p>\n\n\n\n<figure class=\"wp-block-image\"><img data-recalc-dims=\"1\" decoding=\"async\" src=\"https:\/\/i0.wp.com\/www.elindependientedegranada.es\/sites\/default\/files\/somos_dilar.jpg?w=640&#038;ssl=1\" alt=\"\"\/><\/figure>\n\n\n\n<p>El caudal m\u00ednimo ecol\u00f3gico, una de las principales reivindicaciones para el r\u00edo D\u00edlar. Somos R\u00edo D\u00edlar<\/p>\n\n\n\n<p>Desde el lema \u201cQueremos r\u00edos vivos con agua para la vida\u201d exigimos el buen estado de todos los r\u00edos de nuestra provincia y del territorio espa\u00f1ol. Para ello no escatimamos en denunciar infracciones administrativas, impulsar actividades de sensibilizaci\u00f3n tales como talleres de diversa \u00edndole, charlas escolares o encuentros de limpiezas del cauce as\u00ed como buscar alianzas con otros proyectos granadinos de conservaci\u00f3n de espacios degradados.<\/p>\n\n\n\n<p>Los caudales ecol\u00f3gicos, la protecci\u00f3n de los humedales y la reforestaci\u00f3n, ganando zonas de arbolado, son una herramienta clave para combatir la emergencia clim\u00e1tica. Todo en conjunto son herramientas que nos da la naturaleza para capturar di\u00f3xido de carbono, reducir la erosi\u00f3n del suelo, regular el clima y aumentar la resiliencia de los ecosistemas.<\/p>\n\n\n\n<p>En esta Cumbre Mundial por el Clima, las asociaciones ambientales de Granada recuerdan al mundo que los compromisos deben traducirse en acciones. La urgencia es innegable, y la oportunidad de actuar es ahora. Por los r\u00edos, por los \u00e1rboles, por el clima\u2026 y por la vida.<\/p>\n\n\n\n<h4 class=\"wp-block-heading has-large-font-size\">ACPES<\/h4>\n\n\n\n<p>La <strong>Asociaci\u00f3n para la Conservaci\u00f3n Pisc\u00edcola y de los Ecosistemas del Sur<\/strong> (ACPES) lleva a sus espaldas m\u00e1s de 20 a\u00f1os de dedicaci\u00f3n incesante en defensa de numerosos ecosistemas acu\u00e1ticos para que puedan recuperarse como ecosistemas sanos.<\/p>\n\n\n\n<p>Sus socios, expertos en ecolog\u00eda fluvial y en legislaci\u00f3n ambiental, abordan sus objetivos desde diferentes frentes: denuncias y seguimiento de incumplimientos en reg\u00edmenes de caudales ecol\u00f3gicos en r\u00edos, de vertidos, de ocupaciones del dominio p\u00fablico hidr\u00e1ulico y sus zonas de servidumbre, captaciones ilegales y actuaciones perjudiciales para la conservaci\u00f3n; participaci\u00f3n en consejos de participaci\u00f3n de diversa \u00edndole, elaboraci\u00f3n de estudios e informes, alegaciones a proyectos mineros con graves afecciones a acu\u00edferos y a normativas auton\u00f3micas y estatales, realizaci\u00f3n de muestreos de peces, fomento de la pesca sin muerte sobre especies aut\u00f3ctonas, reintroducci\u00f3n y recuperaci\u00f3n de poblaciones de peces aut\u00f3ctonos, colaboraci\u00f3n con otras organizaciones en temas relacionados con r\u00edos, participaci\u00f3n en actividades de voluntariado en colaboraci\u00f3n con otras asociaciones, divulgaci\u00f3n en radio, prensa y redes sociales\u2026<\/p>\n\n\n\n<figure class=\"wp-block-image\"><img data-recalc-dims=\"1\" decoding=\"async\" src=\"https:\/\/i0.wp.com\/www.elindependientedegranada.es\/sites\/default\/files\/acpes.jpg?w=640&#038;ssl=1\" alt=\"\"\/><\/figure>\n\n\n\n<p>Miembros de la Asociaci\u00f3n para la Conservaci\u00f3n Pisc\u00edcola y de los Ecosistemas del Sur. acpes<\/p>\n\n\n\n<p>Los retos que se presentan ante ellos dentro de la provincia de Granada est\u00e1n dirigidos a las administraciones con competencias en materia de medio ambiente y de aguas, desde la Confederaci\u00f3n Hidrogr\u00e1fica del Guadalquivir, pasando por la Junta de Andaluc\u00eda o por los ayuntamientos en cuyos t\u00e9rminos municipales exista alguna l\u00e1mina de agua: barranco, humedal, arroyo, fuente, r\u00edo, etc.&nbsp;<\/p>\n\n\n\n<p>La toma de conciencia de la ciudadan\u00eda es igualmente esencial en la preservaci\u00f3n de estos espacios tan bellos y tan llenos de vida<\/p>\n\n\n\n<p>Los retos radican en la vigilancia exhaustiva de los incumplimientos de la normativa vigente que puedan afectar al buen estado de nuestros ecosistemas acu\u00e1ticos y, por ende, a la buena calidad de vida del ser humano. El control, vigilancia y la aplicaci\u00f3n del r\u00e9gimen sancionador favorecer\u00eda la recuperaci\u00f3n de estas arterias de vida que tantos beneficios nos aportan y que tan maltratados se encuentran en nuestra provincia. La toma de conciencia de la ciudadan\u00eda es igualmente esencial en la preservaci\u00f3n de estos espacios tan bellos y tan llenos de vida.<\/p>\n\n\n\n<h4 class=\"wp-block-heading has-large-font-size\">\u00c1rboles contra el cambio clim\u00e1tico<\/h4>\n\n\n\n<p>Hasta ahora la cara m\u00e1s terrible del cambio clim\u00e1tico la hab\u00edamos visto fuera, en otros pa\u00edses. Hoy nos ha tocado a nosotros y los fen\u00f3menos extremos como sequ\u00edas intensas y prolongadas, temperaturas t\u00f3rridas, lluvias torrenciales y subida del nivel del mar nos seguir\u00e1n afectando cada vez con m\u00e1s frecuencia y m\u00e1s intensidad.<\/p>\n\n\n\n<p>Es preciso dejar de emitir a la atm\u00f3sfera gases de efecto invernadero y en nuestra regi\u00f3n, una de las zonas m\u00e1s afectadas por el cambio clim\u00e1tico del planeta, es necesario que adaptemos nuestros pueblos y ciudades a las condiciones extremas que nos esperan y mitigar as\u00ed los efectos del cambio clim\u00e1tico.<\/p>\n\n\n\n<p>Para ello es necesario revegetar las ciudades y su entorno, plantar \u00e1rboles, arbustos y herb\u00e1ceas que absorban CO2 y contaminantes, que rebajen las temperaturas, que aumenten la biodiversidad. Es necesario tambi\u00e9n disminuir el tr\u00e1fico y peatonalizar al m\u00e1ximo la ciudad. Y es necesario concienciar a la gente de que el Cambio clim\u00e1tico es una realidad y est\u00e1 aqu\u00ed y ahora.<\/p>\n\n\n\n<figure class=\"wp-block-image\"><img data-recalc-dims=\"1\" decoding=\"async\" src=\"https:\/\/i0.wp.com\/www.elindependientedegranada.es\/sites\/default\/files\/accc.jpg?w=640&#038;ssl=1\" alt=\"\"\/><\/figure>\n\n\n\n<p>La asociaci\u00f3n <strong>\u00c1rboles contra el Cambio Clim\u00e1tico<\/strong> lleva desde 2019 realizando tareas de concienciaci\u00f3n y plantando \u00e1rboles y arbustos aut\u00f3ctonos en Granada capital y su entorno. Y los riega y los cuida durante los primeros a\u00f1os, \u00fanica forma de que sobrevivan a las condiciones de sequ\u00eda y altas temperaturas cada vez m\u00e1s extremas. Foto: ACCC<\/p>\n\n\n\n<p>Gran parte de la provincia de Granada se est\u00e1 desertificando. La \u00fanica manera de retrasar este proceso es plantar \u00e1rboles y arbustos que sobrevivan en el tiempo, no&nbsp; que mueran tras la foto para la prensa.<\/p>\n\n\n\n<h4 class=\"wp-block-heading has-large-font-size\">Nodo local de Greenpeace<\/h4>\n\n\n\n<p>El nodo local de<strong> Greenpeace<\/strong> en Granada se re\u00fane mensualmente para debatir temas de actualidad relacionados con la crisis clim\u00e1tica y proponer acciones concretas. En nuestras reuniones, analizamos las iniciativas de la organizaci\u00f3n y adaptamos sus campa\u00f1as de concienciaci\u00f3n al contexto local. Por ejemplo, en el D\u00eda de la Movilidad Sostenible, organizamos actividades en la calle para sensibilizar sobre la importancia de reducir el uso del autom\u00f3vil y fomentar alternativas m\u00e1s ecol\u00f3gicas. Tambi\u00e9n hemos realizado acciones para destacar la relevancia de proteger el Amazonas, repartiendo infograf\u00edas e informaci\u00f3n entre la ciudadan\u00eda.<\/p>\n\n\n\n<p>Nuestra meta es que Granada se convierta en un referente de respeto y cuidado por el medio ambiente, generando un impacto positivo en la calidad de vida de todos los ciudadanos<\/p>\n\n\n\n<p>Adem\u00e1s, colaboramos con otros colectivos ambientalistas de Granada en actividades conjuntas, como replantaciones de \u00e1rboles y concentraciones de protesta. Trabajar unidos nos permite amplificar nuestro impacto y definir objetivos comunes para avanzar hacia una ciudad m\u00e1s sostenible. Nuestra meta es que Granada se convierta en un referente de respeto y cuidado por el medio ambiente, generando un impacto positivo en la calidad de vida de todos los ciudadanos.<\/p>\n\n\n\n<p class=\"has-medium-font-size\"><strong>Mirando a futuro<\/strong>:<\/p>\n\n\n\n<p>Uno de nuestros principales retos es lograr que el Ayuntamiento impulse una transformaci\u00f3n modal en los desplazamientos diarios, priorizando el transporte p\u00fablico sobre el veh\u00edculo privado. Para ello, solicitamos a la Concejal\u00eda de Participaci\u00f3n Ciudadana, liderada por Francisco Jos\u00e9 Almohalla, una mayor apertura hacia nuestras propuestas, de modo que puedan ser consideradas y derivadas a la concejal\u00eda de Movilidad y Sostenibilidad, encabezada por Ana Isabel Agudo. Este \u00f3rgano es clave para implementar una legislaci\u00f3n m\u00e1s estricta que fomente esta transici\u00f3n modal, con zonas de bajas emisiones m\u00e1s rigurosas. Asimismo, es fundamental que la Junta de Andaluc\u00eda contribuya a este objetivo optimizando y mejorando la red de transporte del consorcio metropolitano de Granada, que incluye el metro y toda la red de autobuses metropolitanos, de manera que las restricciones no afecten injustamente a los colectivos m\u00e1s desfavorecidos, que no pueden permitirse veh\u00edculos nuevos de bajas emisiones.<\/p>\n\n\n\n<figure class=\"wp-block-image\"><img data-recalc-dims=\"1\" decoding=\"async\" src=\"https:\/\/i0.wp.com\/www.elindependientedegranada.es\/sites\/default\/files\/greenpeace.jpg?w=640&#038;ssl=1\" alt=\"\"\/><\/figure>\n\n\n\n<p>Expositor de Greenpeace con carteles reivindicativos. greenpeace<\/p>\n\n\n\n<p>Otro de nuestros grandes retos es trabajar para lograr la renaturalizaci\u00f3n del r\u00edo Genil, que atraviesa Granada y representa un valioso recurso natural para la ciudad. Este es un tema que nos concierne a todos y que requiere medidas concretas para restaurar su ecosistema y mejorar la calidad del entorno urbano. Consideramos que esta iniciativa debe ser abordada como una prioridad dentro del Plan de Ordenaci\u00f3n del Territorio de Andaluc\u00eda (POTA), con el objetivo de integrar la naturaleza en el coraz\u00f3n de la ciudad.<\/p>\n\n\n\n<p>En conclusi\u00f3n, diversos actores entran en juego en estos desaf\u00edos ambientales, y nuestro papel es fomentar una comunicaci\u00f3n efectiva entre todos ellos para lograr mejoras que beneficien el futuro com\u00fan.<\/p>\n\n\n\n<h4 class=\"wp-block-heading has-large-font-size\">Huerto Alegre<\/h4>\n\n\n\n<p>Desde <strong>Huerto Alegre<\/strong>, Centro de Educaci\u00f3n y Cultura Ambiental, con un equipo de 22 personas de diversos \u00e1mbitos: psicolog\u00eda, pedagog\u00eda, biolog\u00eda, ciencias ambientales, educaci\u00f3n social, geograf\u00eda, bellas artes\u2026 y 42 de trayectoria, reivindicamos para la cumbre del clima, mas educaci\u00f3n ambiental para toda la poblaci\u00f3n.<\/p>\n\n\n\n<p>La Educaci\u00f3n Ambiental es una estrategia pedag\u00f3gica que ofrece nuevas formas de mirar y comprender el mundo con la finalidad de mejorar las relaciones de las personas con el entorno y de las personas entre s\u00ed.<\/p>\n\n\n\n<p>Esa forma de mirar y entender el mundo se sustenta por un lado en la ciencia de la Ecolog\u00eda, que plantea que en la naturaleza todo est\u00e1 relacionado, interconectado y en permanente cambio, por lo tanto, lo que ocurre en un lugar influye en todo lo dem\u00e1s, en el contexto. Los ecosistemas naturales se autorregulan, cambian y se regeneran de una forma equilibrada, el problema surge cuando la especie humana es depredadora, contamina y destruye la biodiversidad, los fr\u00e1giles v\u00ednculos que sustentan la vida.<\/p>\n\n\n\n<p>La educaci\u00f3n ambiental aporta un m\u00e9todo de conocimiento para comprender c\u00f3mo funciona la naturaleza y qu\u00e9 papel desempe\u00f1amos las personas en ese entramado<\/p>\n\n\n\n<p>Por otro lado la educaci\u00f3n ambiental aporta un m\u00e9todo de conocimiento para comprender c\u00f3mo funciona la naturaleza y qu\u00e9 papel desempe\u00f1amos las personas en ese entramado, es el m\u00e9todo de la investigaci\u00f3n participativa que concibe el aprendizaje como un proceso de descubrimiento compartido que lleva a la acci\u00f3n, al compromiso\u2026 A partir de esta forma de aprender el alumnado toma un papel activo, sabe que puede construir conocimiento, que puede intervenir en el entorno en el que vive para mejorarlo y abandona la posici\u00f3n cl\u00e1sica de una forma de aprender pasiva, que recibe la informaci\u00f3n de fuera y la memoriza sin procesarla.<\/p>\n\n\n\n<figure class=\"wp-block-image\"><img data-recalc-dims=\"1\" decoding=\"async\" src=\"https:\/\/i0.wp.com\/www.elindependientedegranada.es\/sites\/default\/files\/huerto_alegree.jpg?w=640&#038;ssl=1\" alt=\"\"\/><\/figure>\n\n\n\n<p>Huerto Alegre desarrolla actividades de educaci\u00f3n ambientel en plena naturaleza. Huerto Alegre<\/p>\n\n\n\n<p>Las personas que hacemos educaci\u00f3n ambiental en cualquier contexto (escolar, entorno natural, rural, urbano\u2026) promovemos este tipo de aprendizaje como una forma de que los ni\u00f1os, ni\u00f1as, j\u00f3venes, desarrollen todo su potencial como personas y puedan elegir en cada momento seg\u00fan su propio criterio.<\/p>\n\n\n\n<p>En tercer lugar, la educaci\u00f3n ambiental profundiza sobre tres \u00e1mbitos importantes que aportan al alumnado claves relevantes para aprender a vivir e intervenir en su mundo: el conocimiento de uno mismo (emociones, raz\u00f3n, f\u00edsico) el conocimiento de los dem\u00e1s en esos tres \u00e1mbitos tambi\u00e9n y el conocimiento del entorno que nos rodea (desde la perspectiva ecol\u00f3gica antes comentada).<\/p>\n\n\n\n<p>Es importante trabajar fuera de clase, sobre lo que ocurre en la realidad, sobre problemas actuales, aunque esto nos lleve en el camino a indagar procesos u aportaciones hist\u00f3ricas<\/p>\n\n\n\n<p>Para finalizar esta breve exposici\u00f3n que define la educaci\u00f3n ambiental, es importante trabajar fuera de clase, sobre lo que ocurre en la realidad, sobre problemas actuales, aunque esto nos lleve en el camino a indagar procesos u aportaciones hist\u00f3ricas. Todo suma para zambullirnos en la comprensi\u00f3n del mundo que nos rodea, con los ojos de la complejidad y la provisionalidad.<\/p>\n\n\n\n<p>Huerto alegre desarrolla sus programas de Educaci\u00f3n Ambiental y Cultura en:<\/p>\n\n\n\n<ul class=\"wp-block-list\">\n<li>La graja escuela Huerto Alegre, situada en el Parque Natural Sierras de Tejeda Almijara y Alhama. Municipio de Albu\u00f1uelas.\u00a0<\/li>\n\n\n\n<li>El aula de Naturaleza Ermita Vieja en el Parque Natural y Nacional de Sierra Nevada. Municipio de D\u00edlar.\u00a0<\/li>\n\n\n\n<li>Coordinando el programa Red Andaluza de Ecoescuelas en Andaluc\u00eda Oriental con la Consejer\u00eda de Desarrollo Educativo y Formaci\u00f3n Profesional.\u00a0<\/li>\n\n\n\n<li>Asesorando a centros y entidades en el desarrollo de programas de educaci\u00f3n ambiental y cultural de calidad.\u00a0<\/li>\n\n\n\n<li>Colaborando con asociaciones y entidades del territorio pr\u00f3ximo<\/li>\n<\/ul>\n\n\n\n<p>\u201cDebemos entender que el destino de los seres humanos tiene la faceta del destino de la especie humana, del destino individual y social entrelazados e inseparables y que tenemos un destino com\u00fan como ciudadanos de la tierra. Se debe desarrollar un pensamiento que reconozca y enfrente la incertidumbre de nuestro tiempo y ense\u00f1ar principios de estrategia que nos permitan afrontar los riesgos y modificar su desarrollo en virtud de las informaciones en el camino\u201d.<\/p>\n\n\n\n<p>Los siete saberes necesarios para la educaci\u00f3n del futuro (Edgar Mor\u00edn).<\/p>\n\n\n\n<h4 class=\"wp-block-heading has-large-font-size\">Extinction or rebellion<\/h4>\n\n\n\n<p><strong>Extinction or rebellion<\/strong> es un movimiento social mundial que lucha por la justicia clim\u00e1tica a trav\u00e9s de la desobediencia civil y la resistencia no violenta. Su objetivo es influir sobre los gobiernos del mundo y las pol\u00edticas medioambientales globales y locales.<\/p>\n\n\n\n<p>En 2022 se consigui\u00f3 una asignatura optativa sobre emergencia clim\u00e1tica y ecosocial en la UGR tras semanas de organizaci\u00f3n, un encierro en la facultad de Ciencias y una acci\u00f3n de desobediencia civil en el Hospital Real. Durante este tiempo tambi\u00e9n hemos logrado extender y normalizar la desobediencia civil como una forma de lucha leg\u00edtima y hemos afianzado algunas alianzas con colectivos locales con las que hemos compartido formaci\u00f3n al respecto y participado en acciones muy sonadas, como algunas en el marco de la Cumbre Social de Granada en 2023.<\/p>\n\n\n\n<figure class=\"wp-block-image\"><img data-recalc-dims=\"1\" decoding=\"async\" src=\"https:\/\/i0.wp.com\/www.elindependientedegranada.es\/sites\/default\/files\/xr_gr_0.jpg?w=640&#038;ssl=1\" alt=\"\"\/><\/figure>\n\n\n\n<p>Una de las acciones reiviindicativas de Extinction Rebellion. xr<\/p>\n\n\n\n<p>Algunos retos a enfrentarnos son la b\u00fasqueda de metas y trabajo en com\u00fan con otros colectivos y luchas. Dentro de la provincia seguimos teniendo grandes problemas, como la gesti\u00f3n del agua en D\u00edlar, la expansi\u00f3n de las pistas de esqu\u00ed a\u00fan sin haber suficiente agua en Sierra Nevada, las sequ\u00edas y las plantaciones de aguacates y monocultivos que empobrecen la tierra, el transporte dentro de la ciudad de Granada, entre otras muchas cuestiones. Hacer part\u00edcipe a la poblaci\u00f3n de dichas problem\u00e1ticas y enlazarlas con el resto de crisis que estamos viviendo es otro gran reto que tenemos por delante.<\/p>\n\n\n\n<h4 class=\"wp-block-heading has-large-font-size\">Operaci\u00f3n Encina<\/h4>\n\n\n\n<p>La iniciativa de&nbsp;<strong>Operaci\u00f3n Encina<\/strong>&nbsp;nace en Hu\u00e9tor Vega, en 2016&nbsp;con la primera reforestaci\u00f3n con encinas que se llev\u00f3 a cabo en el Camino de los Neveros.&nbsp;<\/p>\n\n\n\n<p>La asociaci\u00f3n nace a ra\u00edz de un incendio en el&nbsp;Camino o de los Neveros en 2014, entonces Pepe V\u00edbora y su hija Beatriz S\u00e1nchez sintieron que deb\u00edan comenzar a luchar contra la emergencia clim\u00e1tica, ahora ya son m\u00e1s personas voluntarias que trabajan codo a codo por crear un futuro mejor.<\/p>\n\n\n\n<p>El proyecto cuenta con 8 a\u00f1os de trayectoria con grandes resultados y no s\u00f3lo plantan encinas, sino biodiversidad, para&nbsp;fomentar la regeneraci\u00f3n del bosque mediterr\u00e1neo en su totalidad en una zona muy degradada y afectada por la erosi\u00f3n del suelo.&nbsp;<\/p>\n\n\n\n<p>Los principales retos han sido la falta de agua, la sequ\u00eda y las altas temperaturas, este factor hace cada a\u00f1o m\u00e1s dif\u00edcil el poder realizar la actividad.&nbsp;<\/p>\n\n\n\n<p>La educaci\u00f3n&nbsp;ambiental es el \u00e1mbito donde la asociaci\u00f3n se enfoca m\u00e1s, para ayudar a dar el primer paso a m\u00e1s personas o centros educativos para poder regenerar ecosistemas o aprender sobre c\u00f3mo poder llevar a cabo una reforestaci\u00f3n de calidad.&nbsp;<\/p>\n\n\n\n<figure class=\"wp-block-image\"><img data-recalc-dims=\"1\" decoding=\"async\" src=\"https:\/\/i0.wp.com\/www.elindependientedegranada.es\/sites\/default\/files\/encina2_0.jpg?w=640&#038;ssl=1\" alt=\"\"\/><\/figure>\n\n\n\n<p>Uno de los muchos \u00e1rboles plantados por el colectivo. Foto: Operaci\u00f3n Encina<\/p>\n\n\n\n<p>Los resultados de la reforestaci\u00f3n han sido sorprendentes,&nbsp;24 meses desde la primera plantaci\u00f3n, las encinas empezaron a dar las primeras bellotas. En la naturaleza este proceso suele tardar unos 15 a\u00f1os de forma natural. 36 meses desde la primera plantaci\u00f3n, algunas encinas alcanzaron los 2 m de altura y los 10 cm de di\u00e1metro de tronco.<\/p>\n\n\n\n<p>Cinco a\u00f1os desde la primera plantaci\u00f3n, llegaron los primeros&nbsp;amentos&nbsp;(flores masculinas), evento que determina que los \u00e1rboles ya han llegado a la edad adulta y autosuficiencia de riego. Este proceso demora 40 a\u00f1os en la naturaleza.<\/p>\n\n\n\n<p>Hoy en d\u00eda el proyecto que se llama \u00abV\u00eda Verde del Camino de los Neveros\u00bb cuenta ya con 4 hect\u00e1reas reforestadas o en proceso de reforestaci\u00f3n, adem\u00e1s de una ciudadan\u00eda muy implicada con el proyecto<\/p>\n\n\n\n<p>Hoy en d\u00eda el proyecto que se llama \u00abV\u00eda Verde del Camino de los Neveros\u00bb cuenta ya con 4 hect\u00e1reas reforestadas o en proceso de reforestaci\u00f3n, adem\u00e1s de una ciudadan\u00eda muy implicada con el proyecto.&nbsp;<\/p>\n\n\n\n<p>Durante el invierno se realizan jornadas semanales de voluntariado para el mantenimiento de la reforestaci\u00f3n y durante el verano, todos los&nbsp;mi\u00e9rcoles se realizan las jornadas de riego participativo.&nbsp;<\/p>\n\n\n\n<p>Otro de los logros de la asociaci\u00f3n es la simbiosis con el Ayuntamiento de Hu\u00e9tor Vega, que colabora en todo&nbsp;momento con el proyecto de la V\u00eda Verde del Camino de los Neveros, as\u00ed&nbsp;como&nbsp;otras entidades y empresas.&nbsp;&nbsp;<\/p>\n\n\n\n<p>Para poder participar con Operaci\u00f3n Encina, es tan f\u00e1cil como unirse a las jornadas de mantenimiento de reforestaci\u00f3n, o tambi\u00e9n buscar el proyecto en redes sociales&nbsp;@operacionencina&nbsp;<\/p>\n\n\n\n<h4 class=\"wp-block-heading has-large-font-size\">Colina<\/h4>\n\n\n\n<p>La asociaci\u00f3n <strong>Colina <\/strong>se puso en marcha en abril de 2022 a ra\u00edz de la necesidad de limpiar los espacios naturales as\u00ed como zonas cr\u00edticas de n\u00facleos poblacionales de la provincia de Granada.&nbsp;<\/p>\n\n\n\n<p>Proced\u00edamos de la asociaci\u00f3n malague\u00f1a Rel\u00e1mpago verde y nos constituimos como grupo independiente para poder llegar con mayor diligencia al clamoroso descuido que sufr\u00eda y sufre nuestra provincia en relaci\u00f3n a vertidos de residuos s\u00f3lidos urbanos.<\/p>\n\n\n\n<p>Se estima una colaboraci\u00f3n de hasta 150 personas en convocatorias m\u00e1s se\u00f1aladas. La jornada en el TM de Moraleda de Zafayona en un barranco que confluye en el rio Genil conocido como Puente de Castilla se recogieron hasta 15.000 kg de basura, constituyendo un verdadero hito en la visibilizaci\u00f3n de abandono que sufre nuestro territorio. En Parque Nueva Granada se recogen peri\u00f3dicamente enseres de todo tipo alcanzando cifras de hasta 6000 kg hasta el momento.<\/p>\n\n\n\n<p>Entre las administraciones que act\u00faan como interlocutoras en nuestro proyecto se encuentran la Diputaci\u00f3n de Granada, la Junta de Andaluc\u00eda, numerosos ayuntamientos, Confederaci\u00f3n Hidrogr\u00e1fica del Guadalquivir, la UGR a trav\u00e9s de la red de voluntarios. Destacamos la colaboraci\u00f3n de asociaciones de vecinos, de Proyecto Hombre y de centros educativos (IES Cartuja, IES Alhend\u00edn, la EI Alev\u00edn y el CEIP San Jos\u00e9, entre otros). En esta red de colaboraci\u00f3n e intercambio se\u00f1alamos la organizaci\u00f3n de diversos encuentros de asociaciones conservacionistas de Andaluc\u00eda con un aut\u00e9ntico \u00e9xito de participaci\u00f3n.<\/p>\n\n\n\n<figure class=\"wp-block-image\"><img data-recalc-dims=\"1\" decoding=\"async\" src=\"https:\/\/i0.wp.com\/www.elindependientedegranada.es\/sites\/default\/files\/colina_0.jpg?w=640&#038;ssl=1\" alt=\"\"\/><\/figure>\n\n\n\n<p>Miembros de la asociaci\u00f3n, durante una jornada de recogida de residuos. Foto: Colina<\/p>\n\n\n\n<p>Entre los logros alcanzados destacar\u00edamos una cierta concienciaci\u00f3n ciudadana, la conservaci\u00f3n estable en el Pantano del Cubillas tras dos a\u00f1os de presencia semanal en recogida de basura en dicho emplazamiento as\u00ed como mayor presencia de las empresas municipales de limpieza en la ciudad de Granada.<\/p>\n\n\n\n<p>Los retos que se nos siguen presentando son la urgencia de una mayor implicaci\u00f3n ciudadana all\u00ed donde las administraciones no llegan<\/p>\n\n\n\n<p>Sin duda los retos que se nos siguen presentando son la urgencia de una mayor implicaci\u00f3n ciudadana all\u00ed donde las administraciones no llegan. Las diferentes autoridades con competencias en materia de mantenimiento y limpieza, no obstante, deben aumentar la plantilla y la eficiencia; por otro lado, observamos laxitud en la denuncia de infracciones relacionadas con vertidos de residuos. Har\u00edamos hincapi\u00e9 en la escasa implicaci\u00f3n por parte de la Diputaci\u00f3n de Granada en la limpieza de sus carreteras. En los municipios peque\u00f1os la Diputaci\u00f3n no tiene instalados contenedores de separaci\u00f3n de residuos lo que dificulta su posterior tratamiento.<\/p>\n\n\n\n<h4 class=\"wp-block-heading has-large-font-size\">Ecologistas en Acci\u00f3n<\/h4>\n\n\n\n<p>La organizaci\u00f3n lleva a\u00f1os trabajando en Granada y denunciando tropel\u00edas ambientales en la provincia. Lo hace con acciones concretas, sum\u00e1ndose a todas las iniciativas en defensa del patrimonio medioambiental y luchando administrativamente, con recursos ante las administraciones, y en los juzgados. En esos \u00e1mbitos ha batallado por los r\u00edos, por Sierra Nevada o la Costa.&nbsp;&nbsp;<\/p>\n\n\n\n<figure class=\"wp-block-image\"><img data-recalc-dims=\"1\" decoding=\"async\" src=\"https:\/\/i0.wp.com\/www.elindependientedegranada.es\/sites\/default\/files\/azucenas1.jpg?w=640&#038;ssl=1\" alt=\"\"\/><\/figure>\n\n\n\n<p>Voluntarido de Ecologistas en Acci\u00f3n en la limpieza de la playa de las Azucenas, en Motril. Foto: Ecologistas en Acci\u00f3n<\/p>\n\n\n\n<p>Cada a\u00f1o, Ecologistas en Acci\u00f3n Granada entrega los premios Atila, que tienen el objetivo de distinguir y denunciar a aquellas personas y entidades que hayan destacado por su contribuci\u00f3n a la destrucci\u00f3n del medio ambiente. Y los Agua de Mayo, que se conceden a aquellas personas o colectivos que durante el a\u00f1o se han significado por su labor en pro de un medio ambiente saludable en cualquiera de sus manifestaciones.<\/p>\n\n\n\n<p>Con toda esa actividad sigue y ha sumado adem\u00e1s un papel relevante en la batalla contra las megaplantas solares que se est\u00e1n instalando en espacios de alto valor agr\u00edcola y ambiental de la provincia y las macrogranjas.&nbsp;<\/p>\n\n\n\n<h4 class=\"wp-block-heading has-large-font-size\">Salvemos la Vega-Vega Educa<\/h4>\n\n\n\n<p>La plataforma Salvemos la Vega es, como el propio colectivo explica, un movimiento asociativo que, aunque actuando localmente, adopta una visi\u00f3n integradora y basada en el inter\u00e9s general de los territorios que conforman la Vega de Granada, y solidaria con el resto de territorios agrarios hist\u00f3ricos de Espa\u00f1a.<\/p>\n\n\n\n<p>Aglutina a centenares de personas de perfiles muy diversos que, desde su voluntariado, hacen que esta Plataforma est\u00e9 viva y que esa vida que genera vaya m\u00e1s all\u00e1 de sus componentes.&nbsp;<\/p>\n\n\n\n<p>Es un colectivo con acreditada labor en defensa de la Vega, uno de los mayores patrimonios de Granada y el \u00e1rea metropolitana<\/p>\n\n\n\n<p>Adem\u00e1s de sensibilizar sobre la importancia de este espacio, la plataforma consigui\u00f3 impulsar el Pacto por la Vega, firmado por todos los partidos y tantas veces incumplido por las administraciones. Adem\u00e1s de las actividades anuales programadas en la Semana de la Vega, el colectivo lleva a cabo otras acciones, como la reciente firma del acuerdo de custodia de la Acequia del Albaricoque; o su proyecto en la finca de la Nocla, cedida por el Ayuntamiento de Granada para que lleve a cabo una investigaci\u00f3n sobre nuevos usos de los chopos.&nbsp;<\/p>\n\n\n\n<figure class=\"wp-block-image\"><img data-recalc-dims=\"1\" decoding=\"async\" src=\"https:\/\/i0.wp.com\/www.elindependientedegranada.es\/sites\/default\/files\/acequia_albaricoque.jpg?w=640&#038;ssl=1\" alt=\"\"\/><\/figure>\n\n\n\n<p>Voluntariado de Salvemos la Vega en la Acequia del Albaricoque. Foto: Salvemos la Vega-Vega Educa<\/p>\n\n\n\n<p>Salvemos la Vega-Vega Educa es la voz de la concienciaci\u00f3n en defensa de la Vega y en torno a este colectivo y sus actividades han surgido otros movimientos, como Defendamos la Vega otra Vez, creada para alertar de los nuevas infraestructuras, fundamentalmente autov\u00edas, proyectadas sobre este espacio y que van a terminar arruinando el espacio y su sistema hist\u00f3rico de riego, milenario y anterior a la Alhambra.&nbsp;<\/p>\n\n\n\n<figure class=\"wp-block-image\"><img data-recalc-dims=\"1\" decoding=\"async\" src=\"https:\/\/i0.wp.com\/www.elindependientedegranada.es\/sites\/default\/files\/agricultor_vega_defendamosvega_portada.jpg?w=640&#038;ssl=1\" alt=\"\"\/><\/figure>\n\n\n\n<p>&nbsp;Antonio Hurtado, &#8216;El ni\u00f1illo&#8217;, uno de los agricultores que ha cultivado tradicionalmente la Vega se dirige a los participantes en la marcha. Foto: Defendamos la Vega otra vez<\/p>\n\n\n\n<p>Y, junto a todas estas plataformas y asociaciones, otros muchos grupos ciudadanos que llevan a cabo acciones en sus municipios, como las asociaciones de vecinos que alertan del deterioro de los \u00e1rboles en las calles y plazas, de las talas y de tropel\u00edas urban\u00edsticas; o voluntariado que alerta de amenazas contra el patrimonio natural, como la Agrupaci\u00f3n de Voluntariado Ambiental de Santa FE (AUCA), implicada en la defensa de su entorno.<\/p>\n\n\n\n<p class=\"has-large-font-size\">&#8211;<strong> IndeGranada<\/strong><\/p>\n\n\n\n<p>FOTO: A la izquierda, un miembro de Operaci\u00f3n Encina, y a la derecha, asociaci\u00f3n \u00c1rboles Contra el Cambio Clim\u00e1tico (arriba) y educaci\u00f3n ambiental en Huerto Alegre.<\/p>\n\n\n\n<p>http:\/\/www.elindependientedegranada.es\/ciudadania\/quienes-verdad-cuidan-nuestro-clima<\/p>\n","protected":false},"excerpt":{"rendered":"<p>Mientras pol\u00edticos y empresarios se re\u00fanen peri\u00f3dicamente en decepcionantes cumbres mundiales del clima, numerosas asociaciones&#8230;<\/p>\n","protected":false},"author":1,"featured_media":73335,"comment_status":"closed","ping_status":"closed","sticky":false,"template":"","format":"standard","meta":{"_coblocks_attr":"","_coblocks_dimensions":"","_coblocks_responsive_height":"","_coblocks_accordion_ie_support":"","jetpack_post_was_ever_published":false,"_jetpack_newsletter_access":"","_jetpack_dont_email_post_to_subs":true,"_jetpack_newsletter_tier_id":0,"_jetpack_memberships_contains_paywalled_content":false,"_jetpack_memberships_contains_paid_content":false,"footnotes":"","jetpack_publicize_message":"","jetpack_publicize_feature_enabled":true,"jetpack_social_post_already_shared":true,"jetpack_social_options":{"image_generator_settings":{"template":"highway","enabled":false},"version":2}},"categories":[10797,10781,9,44],"tags":[],"class_list":["post-73334","post","type-post","status-publish","format-standard","has-post-thumbnail","hentry","category-ciencia","category-granada","category-medio-ambiente","category-noticias-de-hoy"],"jetpack_publicize_connections":[],"jetpack_featured_media_url":"https:\/\/i0.wp.com\/miradordeatarfe.es\/wp-content\/uploads\/2024\/12\/combo_clima.jpg?fit=750%2C464&ssl=1","jetpack_likes_enabled":true,"jetpack_sharing_enabled":true,"_links":{"self":[{"href":"https:\/\/miradordeatarfe.es\/index.php?rest_route=\/wp\/v2\/posts\/73334","targetHints":{"allow":["GET"]}}],"collection":[{"href":"https:\/\/miradordeatarfe.es\/index.php?rest_route=\/wp\/v2\/posts"}],"about":[{"href":"https:\/\/miradordeatarfe.es\/index.php?rest_route=\/wp\/v2\/types\/post"}],"author":[{"embeddable":true,"href":"https:\/\/miradordeatarfe.es\/index.php?rest_route=\/wp\/v2\/users\/1"}],"replies":[{"embeddable":true,"href":"https:\/\/miradordeatarfe.es\/index.php?rest_route=%2Fwp%2Fv2%2Fcomments&post=73334"}],"version-history":[{"count":1,"href":"https:\/\/miradordeatarfe.es\/index.php?rest_route=\/wp\/v2\/posts\/73334\/revisions"}],"predecessor-version":[{"id":73336,"href":"https:\/\/miradordeatarfe.es\/index.php?rest_route=\/wp\/v2\/posts\/73334\/revisions\/73336"}],"wp:featuredmedia":[{"embeddable":true,"href":"https:\/\/miradordeatarfe.es\/index.php?rest_route=\/wp\/v2\/media\/73335"}],"wp:attachment":[{"href":"https:\/\/miradordeatarfe.es\/index.php?rest_route=%2Fwp%2Fv2%2Fmedia&parent=73334"}],"wp:term":[{"taxonomy":"category","embeddable":true,"href":"https:\/\/miradordeatarfe.es\/index.php?rest_route=%2Fwp%2Fv2%2Fcategories&post=73334"},{"taxonomy":"post_tag","embeddable":true,"href":"https:\/\/miradordeatarfe.es\/index.php?rest_route=%2Fwp%2Fv2%2Ftags&post=73334"}],"curies":[{"name":"wp","href":"https:\/\/api.w.org\/{rel}","templated":true}]}}