{"id":73337,"date":"2024-12-15T09:16:00","date_gmt":"2024-12-15T08:16:00","guid":{"rendered":"https:\/\/miradordeatarfe.es\/?p=73337"},"modified":"2024-12-09T20:20:06","modified_gmt":"2024-12-09T19:20:06","slug":"la-primera-visita-al-dentista-hay-que-hacerla-mucho-antes-de-lo-que-te-imaginas","status":"publish","type":"post","link":"https:\/\/miradordeatarfe.es\/?p=73337","title":{"rendered":"La primera visita al dentista hay que hacerla mucho antes de lo que te imaginas"},"content":{"rendered":"\n<h2 class=\"wp-block-heading\">Los dientes de leche y su cuidado est\u00e1n rodeados de tantos mitos que los padres ya no saben qu\u00e9 es verdad y mentira<\/h2>\n\n\n\n<p><a href=\"https:\/\/www.ideal.es\/autor\/carmen-barreiro-3257.html\"><\/a><\/p>\n\n\n\n<p><a href=\"https:\/\/www.ideal.es\/autor\/carmen-barreiro-3257.html\"><\/a>El nacimiento del primer diente es todo un acontecimiento en las familias. Suele ocurrir sobre los seis meses, pero que nadie se asuste porque es solo una cifra orientativa. De hecho, tambi\u00e9n se considera normal que no salgan hasta el a\u00f1o y medio. Si el ni\u00f1o de tu vecina luce una sonrisa con tres dientecitos la mar de monos desde los ocho meses y el tuyo todav\u00eda tiene la enc\u00eda limpia a pesar de que le dobla la edad, \u00abque no cunda el p\u00e1nico\u00bb, tranquiliza la doctora Gal\u00e1n, conocida en redes sociales como Luc\u00eda, mi pediatra. \u00abDesde el momento en el que nace el primero, no van a parar de salir piezas dentales hasta los tres a\u00f1os\u00bb, a\u00f1ade la especialista.<\/p>\n\n\n\n<p>El orden de la salida, que si dan fiebre, que si no hace falta usar pasta, que si un collar de \u00e1mbar para aliviar el dolor, que c\u00f3mo voy a ir al dentista por una caries en un diente de leche si se le va a caer&#8230; Y as\u00ed suma y sigue. La primera dentici\u00f3n de los ni\u00f1os y su cuidado est\u00e1 rodeada de un mont\u00f3n de mitos y medias verdades que muchas veces pasan de generaci\u00f3n en generaci\u00f3n sin ponerse en duda. Empecemos por el principio.<\/p>\n\n\n\n<h3 class=\"wp-block-heading\">\u00bfQu\u00e9 diente sale primero?<\/h3>\n\n\n\n<p>\u00abInicialmente salen los incisivos centrales inferiores y despu\u00e9s los superiores. A continuaci\u00f3n, aparecen los incisivos laterales, abajo y arriba. En apenas unas semanas, el beb\u00e9 tendr\u00e1 cuatro piezas arriba y otras cuatro abajo. Y en torno al a\u00f1o y medio saldr\u00e1n los primeros molares y luego los caninos. Ahora bien, si a tu ni\u00f1o le salen los colmillos antes que ning\u00fan otro diente, tranquilos. Suelen salir los \u00faltimos, pero si brotan los primeros tampoco pasa nada\u00bb, aclara la doctora Gal\u00e1n en &#8216;El gran libro de Luc\u00eda, mi pediatra&#8217; (Ed. Planeta). Los ni\u00f1os tienen 20 piezas dentales frente a las 32 de los adultos.<\/p>\n\n\n\n<h3 class=\"wp-block-heading\">\u00bfDan fiebre?<\/h3>\n\n\n\n<p>Este es uno de los mitos m\u00e1s extendidos. La salida de los dientes no produce fiebre. Y por m\u00e1s que los especialistas insisten en desmentirlo, el mensaje no termina de calar entre los padres. \u00abA un beb\u00e9 puede subirle la temperatura por m\u00faltiples motivos, pero el nacimiento de los dientes no es uno de ellos\u00bb. Con el babeo ocurre algo parecido. Se trata de un proceso independiente de la dentici\u00f3n, lo que pasa es que el desarrollo de las gl\u00e1ndulas par\u00f3tidas, responsables de ese exceso de babas, coincide en el tiempo con la salida de los dientes.<\/p>\n\n\n\n<h3 class=\"wp-block-heading\">La primera revisi\u00f3n dental<\/h3>\n\n\n\n<p>Los especialistas coinciden en que la primera visita debe hacerse antes de que el ni\u00f1o empiece a hablar. \u00abEs importante que acuda a revisi\u00f3n durante su primer a\u00f1o de vida, aunque los cuidados deben iniciarse antes\u00bb, recomiendan en el Consejo General de Dentistas. Comunidades aut\u00f3nomas como la vasca ya han implantado la asistencia dental en ambulatorios a los menores de 0 a 6 a\u00f1os.<\/p>\n\n\n\n<p>Otra de las dudas m\u00e1s frecuentes es cu\u00e1ndo hay que empezar a lavarle los dientes. Y la respuesta es muy sencilla. \u00abDesde que le sale el primero y con pasta con fl\u00faor. Se puede empezar con una gasita o un cepillo de cerdas blandas dos veces al d\u00eda. Sin agobiarse y sin que suponga una batalla campal\u00bb, tranquiliza la doctora Gal\u00e1n.<\/p>\n\n\n\n<p>As\u00ed se pueden evitar las caries<\/p>\n\n\n\n<ul class=\"wp-block-list\">\n<li>Un buen cepillado de dientes al menos dos o tres veces al d\u00eda: \u00abEl m\u00e1s importante es el de la noche\u00bb, precisa la doctora Luc\u00eda Gal\u00e1n.<\/li>\n\n\n\n<li>Cabezales suaves y peque\u00f1os para que puedan llegar a las \u00faltimas piezas.<\/li>\n\n\n\n<li>Dos minutos de cepillado: \u00abse puede jugar a contar hasta los 60 segundos por lo menos. Hay cepillos infantiles en los que se ilumina una luz en el mango hasta alcanzar los dos minutos\u00bb.<\/li>\n\n\n\n<li>Usa seda dental y que tambi\u00e9n se cepille la lengua.<\/li>\n\n\n\n<li>No endulces el chupete: ni con mermelada, ni miel ni con ning\u00fan l\u00edquido que lleve az\u00facar.<\/li>\n\n\n\n<li>No chupes los chupetes de los ni\u00f1os: \u00abse le pueden traspasar bacterias nada beneficiosas para el beb\u00e9\u00bb.<\/li>\n\n\n\n<li>Solo agua para beber: nada de zumos.<\/li>\n\n\n\n<li>Evita los alimentos azucarados: galletas, chuches e incluso el pan de molde.<\/li>\n<\/ul>\n\n\n\n<h3 class=\"wp-block-heading\">Collares de \u00e1mbar para calmar el dolor<\/h3>\n\n\n\n<p>Estos accesorios son muy populares entre algunos padres, que se los ponen a sus beb\u00e9s para evitar el malestar que les causa la salida de los primeros dientes. Pues bien, no solo \u00abno hay evidencia cient\u00edfica de que el \u00e1mbar tenga ninguna propiedad analg\u00e9sica ni en la dentici\u00f3n de los ni\u00f1os ni en nada, sino que, adem\u00e1s, son peligrosos porque el ni\u00f1o se puede ahogar o atragantar con las cuentas si el collar se rompe\u00bb, alertan los especialistas.<\/p>\n\n\n\n<h3 class=\"wp-block-heading\">Comer pan&#8230; sin dientes<\/h3>\n\n\n\n<p>\u00abEntre los siete y nueves meses, los beb\u00e9s ya est\u00e1n preparados para masticar aunque no tengan dientes. Lo hacen con las enc\u00edas y saborean con la lengua. Dale pan de barra y si es integral, mejor. Pierde el miedo\u00bb, aconseja la pediatra.<\/p>\n\n\n\n<p><a href=\"https:\/\/www.ideal.es\/autor\/carmen-barreiro-3257.html\"><strong>Carmen Barreiro<\/strong><\/a><\/p>\n\n\n\n<p><a href=\"https:\/\/www.ideal.es\/vivir\/salud\/primera-visita-dentista-hacerla-imaginas-20241209000825-ntrc.html\">https:\/\/www.ideal.es\/vivir\/salud\/primera-visita-dentista-hacerla-imaginas-20241209000825-ntrc.html<\/a><\/p>\n\n\n\n\n","protected":false},"excerpt":{"rendered":"<p>Los dientes de leche y su cuidado est\u00e1n rodeados de tantos mitos que los padres&#8230;<\/p>\n","protected":false},"author":1,"featured_media":73338,"comment_status":"closed","ping_status":"closed","sticky":false,"template":"","format":"standard","meta":{"_coblocks_attr":"","_coblocks_dimensions":"","_coblocks_responsive_height":"","_coblocks_accordion_ie_support":"","jetpack_post_was_ever_published":false,"_jetpack_newsletter_access":"","_jetpack_dont_email_post_to_subs":true,"_jetpack_newsletter_tier_id":0,"_jetpack_memberships_contains_paywalled_content":false,"_jetpack_memberships_contains_paid_content":false,"footnotes":"","jetpack_publicize_message":"","jetpack_publicize_feature_enabled":true,"jetpack_social_post_already_shared":true,"jetpack_social_options":{"image_generator_settings":{"template":"highway","enabled":false},"version":2}},"categories":[1161,186,44,10],"tags":[],"class_list":["post-73337","post","type-post","status-publish","format-standard","has-post-thumbnail","hentry","category-ciudadania","category-instituciones","category-noticias-de-hoy","category-salud"],"jetpack_publicize_connections":[],"jetpack_featured_media_url":"https:\/\/i0.wp.com\/miradordeatarfe.es\/wp-content\/uploads\/2024\/12\/dentista-primera-vez-k0fB-U230223031340pPG-1200x840%40RC.webp?fit=1200%2C838&ssl=1","jetpack_likes_enabled":true,"jetpack_sharing_enabled":true,"_links":{"self":[{"href":"https:\/\/miradordeatarfe.es\/index.php?rest_route=\/wp\/v2\/posts\/73337","targetHints":{"allow":["GET"]}}],"collection":[{"href":"https:\/\/miradordeatarfe.es\/index.php?rest_route=\/wp\/v2\/posts"}],"about":[{"href":"https:\/\/miradordeatarfe.es\/index.php?rest_route=\/wp\/v2\/types\/post"}],"author":[{"embeddable":true,"href":"https:\/\/miradordeatarfe.es\/index.php?rest_route=\/wp\/v2\/users\/1"}],"replies":[{"embeddable":true,"href":"https:\/\/miradordeatarfe.es\/index.php?rest_route=%2Fwp%2Fv2%2Fcomments&post=73337"}],"version-history":[{"count":1,"href":"https:\/\/miradordeatarfe.es\/index.php?rest_route=\/wp\/v2\/posts\/73337\/revisions"}],"predecessor-version":[{"id":73339,"href":"https:\/\/miradordeatarfe.es\/index.php?rest_route=\/wp\/v2\/posts\/73337\/revisions\/73339"}],"wp:featuredmedia":[{"embeddable":true,"href":"https:\/\/miradordeatarfe.es\/index.php?rest_route=\/wp\/v2\/media\/73338"}],"wp:attachment":[{"href":"https:\/\/miradordeatarfe.es\/index.php?rest_route=%2Fwp%2Fv2%2Fmedia&parent=73337"}],"wp:term":[{"taxonomy":"category","embeddable":true,"href":"https:\/\/miradordeatarfe.es\/index.php?rest_route=%2Fwp%2Fv2%2Fcategories&post=73337"},{"taxonomy":"post_tag","embeddable":true,"href":"https:\/\/miradordeatarfe.es\/index.php?rest_route=%2Fwp%2Fv2%2Ftags&post=73337"}],"curies":[{"name":"wp","href":"https:\/\/api.w.org\/{rel}","templated":true}]}}