{"id":73356,"date":"2024-12-11T11:00:00","date_gmt":"2024-12-11T10:00:00","guid":{"rendered":"https:\/\/miradordeatarfe.es\/?p=73356"},"modified":"2024-12-10T17:09:10","modified_gmt":"2024-12-10T16:09:10","slug":"presentacion-del-libro-junto-a-mi-de-vuelta-al-corazon-de-inmaculada-ramirez","status":"publish","type":"post","link":"https:\/\/miradordeatarfe.es\/?p=73356","title":{"rendered":"Presentaci\u00f3n del libro \u00abJUNTO A MI: DE VUELTA AL CORAZ\u00d3N\u00bb de Inmaculada Ram\u00edrez"},"content":{"rendered":"\n<p class=\"has-medium-font-size\"><strong>HOY  11 de Diciembre a las 18:00h , te invitamos a vivir un momento muy especial en el Centro Cultural Medina Elvira.<\/strong> <strong>Organiza: Biblioteca P\u00fablica Mariana Pineda y Concejal\u00eda de Cultura del Ayuntamiento de Atarfe.<\/strong><\/p>\n\n\n\n<p>Inmaculada Ram\u00edrez nos presenta su primer libro, escrito con todo su amor, una obra que promete tocar corazones y emocionarnos a todos.Se trata de una publicaci\u00f3n de autoayuda que pretende ofrecer herramientas al lector para superar miedos y encontrar la paz interior<\/p>\n\n\n\n<p>Una cita para disfrutar de la literatura y compartir con su autora el inicio de este emocionante viaje.<\/p>\n\n\n\n<p>Texto y video extraido de la presentaci\u00f3n del libro en Albolote Informaci\u00f3n<\/p>\n\n\n\n<figure class=\"wp-block-embed is-type-video is-provider-youtube wp-block-embed-youtube wp-embed-aspect-16-9 wp-has-aspect-ratio\"><div class=\"wp-block-embed__wrapper\">\n<iframe loading=\"lazy\" title=\"LA ESCRITORA INMACULADA RAM\u00cdREZ LORENTE PRESENTA SU LIBRO  &quot;JUNTO A M\u00cd. DE VUELTA AL CORAZ\u00d3N&quot;\" width=\"640\" height=\"360\" src=\"https:\/\/www.youtube.com\/embed\/9k0jU6BbxvM?feature=oembed\" frameborder=\"0\" allow=\"accelerometer; autoplay; clipboard-write; encrypted-media; gyroscope; picture-in-picture; web-share\" referrerpolicy=\"strict-origin-when-cross-origin\" allowfullscreen><\/iframe>\n<\/div><figcaption class=\"wp-element-caption\"><br \/><em><strong>\u2018Junto a m\u00ed. De vuelta al coraz\u00f3n\u2019<\/strong> es un libro que invita a la reflexi\u00f3n, al cuestionamiento de verdades incuestionables y normas inconscientes que dirigen nuestra vida, invita a reencontrarnos, al viaje interior que es, sin duda, el m\u00e1s fascinante de la vida. La escritora Inmaculada Ram\u00edrez Lorente, nos invita a firmar la paz con nuestra mente y a utilizar herramientas sencillas para conocernos a nosotros mismos y romper nuestros miedos.\u00a0<br \/><br \/>A modo autobiogr\u00e1fico la escritora, pese a su gran miedo al rechazo, comparte sus vivencias personales de sufrimiento, siempre generado por la mente, en esta publicaci\u00f3n amena y profunda.<br \/>Inmaculada Ramirez asegura que este libro es una humilde contribuci\u00f3n a cuestionarnos verdades incuestionables. A tomar responsabilidad sobre la vida. Dice que somos todo lo que necesitamos y solo debemos escucharnos.\u00a0<br \/><br \/>Cada cap\u00edtulo est\u00e1 encabezado por una cita de un personaje famoso de las artes, la historia o la literatura. Su preferida es una frase de Buda que dice: \u201cNi el peor de tus enemigos te puede hacer tanto da\u00f1o como tus propios pensamientos\u201d.\u00a0<br \/><br \/>El libro tambi\u00e9n contiene c\u00f3digos QR para visualizar v\u00eddeos elaborados por la propia autora que tratan el contenido de la publicaci\u00f3n y donde se encuentran diferentes ejercicios de meditaci\u00f3n que har\u00e1n que los lectores tengan una experiencia mucho m\u00e1s profunda del libro.<\/em><br \/><br \/>La publicaci\u00f3n se puede adquirir a trav\u00e9s de Amaz\u00f3n.\u00a0<\/figcaption><\/figure>\n\n\n\n<figure class=\"wp-block-image\"><img data-recalc-dims=\"1\" decoding=\"async\" src=\"https:\/\/i0.wp.com\/www.atarfe.es\/data\/CoreImages\/web-2947.jpg?w=640&#038;ssl=1\" alt=\"\"\/><\/figure>\n\n\n\n\n","protected":false},"excerpt":{"rendered":"<p>HOY 11 de Diciembre a las 18:00h , te invitamos a vivir un momento muy&#8230;<\/p>\n","protected":false},"author":1,"featured_media":73357,"comment_status":"closed","ping_status":"closed","sticky":false,"template":"","format":"standard","meta":{"_coblocks_attr":"","_coblocks_dimensions":"","_coblocks_responsive_height":"","_coblocks_accordion_ie_support":"","jetpack_post_was_ever_published":false,"_jetpack_newsletter_access":"","_jetpack_dont_email_post_to_subs":true,"_jetpack_newsletter_tier_id":0,"_jetpack_memberships_contains_paywalled_content":false,"_jetpack_memberships_contains_paid_content":false,"footnotes":"","jetpack_publicize_message":"","jetpack_publicize_feature_enabled":true,"jetpack_social_post_already_shared":true,"jetpack_social_options":{"image_generator_settings":{"template":"highway","enabled":false},"version":2}},"categories":[1161,186,44],"tags":[],"class_list":["post-73356","post","type-post","status-publish","format-standard","has-post-thumbnail","hentry","category-ciudadania","category-instituciones","category-noticias-de-hoy"],"jetpack_publicize_connections":[],"jetpack_featured_media_url":"https:\/\/i0.wp.com\/miradordeatarfe.es\/wp-content\/uploads\/2024\/12\/imagen9242_0_original.jpg?fit=1002%2C1300&ssl=1","jetpack_likes_enabled":true,"jetpack_sharing_enabled":true,"_links":{"self":[{"href":"https:\/\/miradordeatarfe.es\/index.php?rest_route=\/wp\/v2\/posts\/73356","targetHints":{"allow":["GET"]}}],"collection":[{"href":"https:\/\/miradordeatarfe.es\/index.php?rest_route=\/wp\/v2\/posts"}],"about":[{"href":"https:\/\/miradordeatarfe.es\/index.php?rest_route=\/wp\/v2\/types\/post"}],"author":[{"embeddable":true,"href":"https:\/\/miradordeatarfe.es\/index.php?rest_route=\/wp\/v2\/users\/1"}],"replies":[{"embeddable":true,"href":"https:\/\/miradordeatarfe.es\/index.php?rest_route=%2Fwp%2Fv2%2Fcomments&post=73356"}],"version-history":[{"count":1,"href":"https:\/\/miradordeatarfe.es\/index.php?rest_route=\/wp\/v2\/posts\/73356\/revisions"}],"predecessor-version":[{"id":73358,"href":"https:\/\/miradordeatarfe.es\/index.php?rest_route=\/wp\/v2\/posts\/73356\/revisions\/73358"}],"wp:featuredmedia":[{"embeddable":true,"href":"https:\/\/miradordeatarfe.es\/index.php?rest_route=\/wp\/v2\/media\/73357"}],"wp:attachment":[{"href":"https:\/\/miradordeatarfe.es\/index.php?rest_route=%2Fwp%2Fv2%2Fmedia&parent=73356"}],"wp:term":[{"taxonomy":"category","embeddable":true,"href":"https:\/\/miradordeatarfe.es\/index.php?rest_route=%2Fwp%2Fv2%2Fcategories&post=73356"},{"taxonomy":"post_tag","embeddable":true,"href":"https:\/\/miradordeatarfe.es\/index.php?rest_route=%2Fwp%2Fv2%2Ftags&post=73356"}],"curies":[{"name":"wp","href":"https:\/\/api.w.org\/{rel}","templated":true}]}}