{"id":73376,"date":"2024-12-13T10:42:00","date_gmt":"2024-12-13T09:42:00","guid":{"rendered":"https:\/\/miradordeatarfe.es\/?p=73376"},"modified":"2024-12-12T15:50:41","modified_gmt":"2024-12-12T14:50:41","slug":"letras-navidenas-atarfe","status":"publish","type":"post","link":"https:\/\/miradordeatarfe.es\/?p=73376","title":{"rendered":"ATARFE: LETRAS NAVIDE\u00d1AS CON JUAN PINILLA."},"content":{"rendered":"\n<h2 class=\"wp-block-heading\">JUAN PINILLA Y PEPA MERLO.AL SON DEL TAMBORILERO<\/h2>\n\n\n\n<p>Fecha: 22 diciembre 2024<\/p>\n\n\n\n<p>Lugar: A<a href=\"https:\/\/maps.app.goo.gl\/rYT28PBesTPPTXsf8\" target=\"_blank\" rel=\"noreferrer noopener\">uditorio del Centro Cultural Medina Elvira<\/a><\/p>\n\n\n\n<p>Hora: 19:00 horas<\/p>\n\n\n\n<p>Entrada: Libre hasta completar aforo<\/p>\n\n\n\n<p>Organiza: Ayuntamiento de Atarfe<\/p>\n\n\n\n<p>Colabora: Delegaci\u00f3n de Cultura y Educaci\u00f3n de la Diputaci\u00f3n de Granada<\/p>\n\n\n\n<p>Un a\u00f1o m\u00e1s, la Diputaci\u00f3n de Granada, a trav\u00e9s de la Delegaci\u00f3n de Cultura y Educaci\u00f3n, pone en marcha una&nbsp;<strong>programaci\u00f3n cultural especial para las Navidades 2024<\/strong>, llevando la cultura navide\u00f1a a todos los municipios de la provincia, con propuestas art\u00edsticas profesionales y de calidad, relacionadas con la m\u00fasica, el teatro, la literatura y el flamenco.<\/p>\n\n\n\n<p>Para su realizaci\u00f3n, se ha creado un cat\u00e1logo de actividades, actuaciones y espect\u00e1culos agrupados en seis \u00e1mbitos art\u00edsticos: el concierto \u201cDiva-Navidad\u201d de Mariola Cantarero, actividades de animaci\u00f3n a la lectura bajo el t\u00edtulo \u201cLetras Navide\u00f1as\u201d, flamenco en las \u201cZambombas Navide\u00f1as\u201d, teatro en \u201cNavidades de cuentos\u201d, conciertos en el bloque \u201cM\u00fasica en Navidad\u201d as\u00ed como espect\u00e1culos de magia en las \u201cNavidades m\u00e1gicas\u201d.<\/p>\n\n\n\n<p>Mediante convocatoria p\u00fablica los municipios de la provincia han podido elegir las actividades m\u00e1s adecuadas para enriquecer sus programaciones culturales navide\u00f1as. En esta edici\u00f3n se podr\u00e1n beneficiar cuarenta y cinco municipios con propuestas art\u00edsticas de gran calidad programadas por la Diputaci\u00f3n de Granada que va a destinar 164.000 euros a su ejecuci\u00f3n.<\/p>\n\n\n\n<p>De esta manera la Delegaci\u00f3n de Cultura y Educaci\u00f3n pretende cumplir una triple finalidad: completar aquellas programaciones culturales municipales en esta \u00e9poca navide\u00f1a, apoyar al sector cultural profesional de la provincia y acercar la cultura navide\u00f1a a toda la ciudadan\u00eda, con actividades de alta calidad art\u00edstica y acceso gratuito.<\/p>\n\n\n\n<figure class=\"wp-block-image size-large\"><img data-recalc-dims=\"1\" loading=\"lazy\" decoding=\"async\" width=\"640\" height=\"904\" src=\"https:\/\/i0.wp.com\/miradordeatarfe.es\/wp-content\/uploads\/2024\/12\/LETRAS-NAVIDENAS_Atarfe_page-0001.jpg_1013437040.jpg?resize=640%2C904&#038;ssl=1\" alt=\"\" class=\"wp-image-73377\" srcset=\"https:\/\/i0.wp.com\/miradordeatarfe.es\/wp-content\/uploads\/2024\/12\/LETRAS-NAVIDENAS_Atarfe_page-0001.jpg_1013437040.jpg?resize=725%2C1024&amp;ssl=1 725w, https:\/\/i0.wp.com\/miradordeatarfe.es\/wp-content\/uploads\/2024\/12\/LETRAS-NAVIDENAS_Atarfe_page-0001.jpg_1013437040.jpg?resize=212%2C300&amp;ssl=1 212w, https:\/\/i0.wp.com\/miradordeatarfe.es\/wp-content\/uploads\/2024\/12\/LETRAS-NAVIDENAS_Atarfe_page-0001.jpg_1013437040.jpg?resize=768%2C1085&amp;ssl=1 768w, https:\/\/i0.wp.com\/miradordeatarfe.es\/wp-content\/uploads\/2024\/12\/LETRAS-NAVIDENAS_Atarfe_page-0001.jpg_1013437040.jpg?resize=1087%2C1536&amp;ssl=1 1087w, https:\/\/i0.wp.com\/miradordeatarfe.es\/wp-content\/uploads\/2024\/12\/LETRAS-NAVIDENAS_Atarfe_page-0001.jpg_1013437040.jpg?resize=1024%2C1447&amp;ssl=1 1024w, https:\/\/i0.wp.com\/miradordeatarfe.es\/wp-content\/uploads\/2024\/12\/LETRAS-NAVIDENAS_Atarfe_page-0001.jpg_1013437040.jpg?w=1241&amp;ssl=1 1241w\" sizes=\"auto, (max-width: 640px) 100vw, 640px\" \/><\/figure>\n","protected":false},"excerpt":{"rendered":"<p>JUAN PINILLA Y PEPA MERLO.AL SON DEL TAMBORILERO Fecha: 22 diciembre 2024 Lugar: Auditorio del&#8230;<\/p>\n","protected":false},"author":1,"featured_media":73378,"comment_status":"closed","ping_status":"closed","sticky":false,"template":"","format":"standard","meta":{"_coblocks_attr":"","_coblocks_dimensions":"","_coblocks_responsive_height":"","_coblocks_accordion_ie_support":"","jetpack_post_was_ever_published":false,"_jetpack_newsletter_access":"","_jetpack_dont_email_post_to_subs":true,"_jetpack_newsletter_tier_id":0,"_jetpack_memberships_contains_paywalled_content":false,"_jetpack_memberships_contains_paid_content":false,"footnotes":"","jetpack_publicize_message":"","jetpack_publicize_feature_enabled":true,"jetpack_social_post_already_shared":true,"jetpack_social_options":{"image_generator_settings":{"template":"highway","enabled":false},"version":2}},"categories":[6916,1161,44],"tags":[],"class_list":["post-73376","post","type-post","status-publish","format-standard","has-post-thumbnail","hentry","category-ayuntamiento-de-atarfe","category-ciudadania","category-noticias-de-hoy"],"jetpack_publicize_connections":[],"jetpack_featured_media_url":"https:\/\/i0.wp.com\/miradordeatarfe.es\/wp-content\/uploads\/2024\/12\/3-67009x1-kf2fw.jpg?fit=1131%2C1600&ssl=1","jetpack_likes_enabled":true,"jetpack_sharing_enabled":true,"_links":{"self":[{"href":"https:\/\/miradordeatarfe.es\/index.php?rest_route=\/wp\/v2\/posts\/73376","targetHints":{"allow":["GET"]}}],"collection":[{"href":"https:\/\/miradordeatarfe.es\/index.php?rest_route=\/wp\/v2\/posts"}],"about":[{"href":"https:\/\/miradordeatarfe.es\/index.php?rest_route=\/wp\/v2\/types\/post"}],"author":[{"embeddable":true,"href":"https:\/\/miradordeatarfe.es\/index.php?rest_route=\/wp\/v2\/users\/1"}],"replies":[{"embeddable":true,"href":"https:\/\/miradordeatarfe.es\/index.php?rest_route=%2Fwp%2Fv2%2Fcomments&post=73376"}],"version-history":[{"count":2,"href":"https:\/\/miradordeatarfe.es\/index.php?rest_route=\/wp\/v2\/posts\/73376\/revisions"}],"predecessor-version":[{"id":73438,"href":"https:\/\/miradordeatarfe.es\/index.php?rest_route=\/wp\/v2\/posts\/73376\/revisions\/73438"}],"wp:featuredmedia":[{"embeddable":true,"href":"https:\/\/miradordeatarfe.es\/index.php?rest_route=\/wp\/v2\/media\/73378"}],"wp:attachment":[{"href":"https:\/\/miradordeatarfe.es\/index.php?rest_route=%2Fwp%2Fv2%2Fmedia&parent=73376"}],"wp:term":[{"taxonomy":"category","embeddable":true,"href":"https:\/\/miradordeatarfe.es\/index.php?rest_route=%2Fwp%2Fv2%2Fcategories&post=73376"},{"taxonomy":"post_tag","embeddable":true,"href":"https:\/\/miradordeatarfe.es\/index.php?rest_route=%2Fwp%2Fv2%2Ftags&post=73376"}],"curies":[{"name":"wp","href":"https:\/\/api.w.org\/{rel}","templated":true}]}}