{"id":73382,"date":"2024-12-16T10:12:00","date_gmt":"2024-12-16T09:12:00","guid":{"rendered":"https:\/\/miradordeatarfe.es\/?p=73382"},"modified":"2024-12-15T18:09:02","modified_gmt":"2024-12-15T17:09:02","slug":"los-mayores-no-son-una-carga-son-una-pieza-basica-de-la-demanda-y-el-consumo","status":"publish","type":"post","link":"https:\/\/miradordeatarfe.es\/?p=73382","title":{"rendered":"Los mayores NO son una carga: \u00abSon una pieza b\u00e1sica de la demanda y el consumo\u00bb"},"content":{"rendered":"\n<p><strong>Tienen capacidad para ayudar a su entorno familiar, ahorran, atesoran riqueza, vivienda en propiedad y poder de gasto. La generaci\u00f3n <em>silver<\/em> cada vez est\u00e1 m\u00e1s alejada del clich\u00e9 de ser una r\u00e9mora para la sociedad y suponer una carga. <\/strong><\/p>\n\n\n\n<p>Bien al contrario, los s\u00e9nior cuentan con una calidad de vida que les permite poder seguir aportando a la sociedad m\u00e1s all\u00e1 de su jubilaci\u00f3n.<\/p>\n\n\n\n<p>El<a href=\"https:\/\/documentacion.fundacionmapfre.org\/documentacion\/publico\/es\/media\/group\/1122919.do\" target=\"_blank\" rel=\"noreferrer noopener\">&nbsp;IV Bar\u00f3metro del Consumidor S\u00e9nior,<\/a>&nbsp;elaborado por el&nbsp;<a href=\"https:\/\/ageingnomics.fundacionmapfre.org\/\" target=\"_blank\" rel=\"noreferrer noopener\">Centro de Investigaci\u00f3n Ageingnomics<\/a>&nbsp;(<a href=\"https:\/\/twitter.com\/FM_Ageingnomics\" target=\"_blank\" rel=\"noreferrer noopener\">@FM_Ageingnomics<\/a>) de&nbsp;<a href=\"https:\/\/www.fundacionmapfre.org\/\" target=\"_blank\" rel=\"noreferrer noopener\">Fundaci\u00f3n MAPFRE<\/a>&nbsp;(<a href=\"https:\/\/twitter.com\/fmapfre\" target=\"_blank\" rel=\"noreferrer noopener\">@fmapfre<\/a>) en colaboraci\u00f3n con&nbsp;Google, ha analizado el comportamiento de los mayores espa\u00f1oles como consumidores y, a trav\u00e9s de algunas tendencias, corrobora su poder\u00edo econ\u00f3mico. \u201cLos s\u00e9nior tienen mucho que aportar, de hecho, ya est\u00e1n contribuyendo enormemente a la sociedad. Son un motor econ\u00f3mico y social y constituyen una pieza b\u00e1sica de la demanda y del consumo\u201d, asegur\u00f3 Juan Fern\u00e1ndez Palacios&nbsp;(<a href=\"https:\/\/twitter.com\/JuanFernndezPa3\" target=\"_blank\" rel=\"noreferrer noopener\">@JuanFernndezPa3<\/a>), director del Centro de Investigaci\u00f3n Ageingnomics, durante la presentaci\u00f3n del estudio, que radiograf\u00eda los h\u00e1bitos de consumo de los mayores de 55 a\u00f1os, su capacidad de ahorro, prioridades de gasto, tipo de vivienda en la que residen, h\u00e1bitos tecnol\u00f3gicos&nbsp;o si desean alargar su vida laboral, entre otros muchos indicadores.<\/p>\n\n\n\n<h3 class=\"wp-block-heading\">Una econom\u00eda saneada<\/h3>\n\n\n\n<p>Los hogares de los mayores de 55 a\u00f1os cuentan con una situaci\u00f3n saneada. De hecho, son mayor\u00eda aquellos en los que entra m\u00e1s de un ingreso: casi un 56% de la poblaci\u00f3n s\u00e9nior dispone de m\u00e1s un ingreso en el hogar. Un porcentaje que se mantiene constante en los \u00faltimos a\u00f1os.<\/p>\n\n\n\n<p>En su mayor\u00eda tienen casa en propiedad. Seg\u00fan los datos obtenidos por el bar\u00f3metro durante 2023, casi un 82% son propietarios de una vivienda, mayoritariamente (66%) libre de cargas, es decir, sin pr\u00e9stamos o hipoteca.<\/p>\n\n\n\n<figure class=\"wp-block-image\"><img data-recalc-dims=\"1\" decoding=\"async\" src=\"https:\/\/i0.wp.com\/www.65ymas.com\/uploads\/s1\/16\/22\/01\/5\/ahorro-senior-ok_6_928x621.jpeg?w=640&#038;ssl=1\" alt=\"Los mayores NO son una carga: \u201cSon una pieza b\u00e1sica de la demanda y el consumo&quot;\" title=\"Los mayores NO son una carga: \u201cSon una pieza b\u00e1sica de la demanda y el consumo&quot;\"\/><\/figure>\n\n\n\n<h3 class=\"wp-block-heading\">Ahorro y ayuda al entorno familiar<\/h3>\n\n\n\n<p>Casi la mitad de los s\u00e9nior tiene capacidad de ahorro. En mayor o menor medida, pero un 49% de los mayores de 55 a\u00f1os ahorra cada mes. Este porcentaje ha ido descendiendo en los \u00faltimos a\u00f1os, desde el m\u00e1ximo registrado de 2020, a\u00f1o en el que ahorraron un 56% de los s\u00e9nior. Un a\u00f1o at\u00edpico por la pandemia, que nos tuvo encerrados y con medidas restrictivas que dispar\u00f3 el ahorro de los hogares, seg\u00fan&nbsp;datos del Banco de Espa\u00f1a.<\/p>\n\n\n\n<p>De esos s\u00e9nior que ahorran cada mes, la mitad lo hace hasta un 10% de sus ingresos, un 22% entre un 11 y un 30%. Hay que tener en cuenta que un 25% de los ahorradores no sabe exactamente cu\u00e1nto ahorra. Algo que tiene mucho que ver con el hecho de que, cuando los s\u00e9nior ahorran, no suene hacerlo para un fin determinado, como comprarse un coche, un dispositivo tecnol\u00f3gico o darse un capricho. \u201cEl ahorro se realiza con el fin de obtener seguridad y tranquilidad ante posibles imprevistos, para poder hacer frente a futuras situaciones de enfermedad y dependencia, as\u00ed como para ayudar a familiares\u201d, seg\u00fan recoge el Bar\u00f3metro.<\/p>\n\n\n\n<p>\u201cLos s\u00e9nior son una red de apoyo para el pa\u00eds, porque aportan a toda la econom\u00eda v\u00eda transferencias. El Producto Interior Bruto y la demanda del pa\u00eds, est\u00e1n alimentados, en buena medida, por los s\u00e9nior. Y lo hacen a trav\u00e9s de ese apoyo a sus familias y a otras personas de su entorno cercano\u201d, asegura I\u00f1aki Ortega,&nbsp;(<a href=\"https:\/\/twitter.com\/InakiOrtega\" target=\"_blank\" rel=\"noreferrer noopener\">@InakiOrtega<\/a>) codirector del informe y consejero asesor del Centro de Investigaci\u00f3n Ageingnomics.<\/p>\n\n\n\n<p>El 53% de la poblaci\u00f3n s\u00e9nior ayuda econ\u00f3micamente a miembros de su familia o personas de su entorno cercano. Y son mayor\u00eda los&nbsp;que creen que en el futuro tendr\u00e1n que seguir ayudando a sus seres queridos de la misma manera&nbsp;(48%) o m\u00e1s (30%). Los s\u00e9nior se convierten as\u00ed en una red de apoyo fundamental en las familias espa\u00f1olas.<\/p>\n\n\n\n<p>Aun as\u00ed, durante el 2023 esa ayuda que los mayores brindaron a su entorno fue diez puntos porcentuales inferior a la que prestaron en 2022, cuando se alcanz\u00f3 el m\u00e1ximo, debido a la crisis y a una inflaci\u00f3n que lleg\u00f3 a registrar los dos d\u00edgitos.<\/p>\n\n\n\n<figure class=\"wp-block-image\"><img data-recalc-dims=\"1\" decoding=\"async\" src=\"https:\/\/i0.wp.com\/www.65ymas.com\/uploads\/s1\/16\/22\/01\/9\/partidas-de-gasto-okok_1_621x621.jpeg?w=640&#038;ssl=1\" alt=\"Los mayores NO son una carga: \u201cSon una pieza b\u00e1sica de la demanda y el consumo&quot;\" title=\"Los mayores NO son una carga: \u201cSon una pieza b\u00e1sica de la demanda y el consumo&quot;\"\/><\/figure>\n\n\n\n<h3 class=\"wp-block-heading\">Optimistas y con ganas de viajar, pese a la inflaci\u00f3n<\/h3>\n\n\n\n<p>Ocho de cada diez s\u00e9nior&nbsp;creen que la situaci\u00f3n econ\u00f3mica empeorar\u00e1, que tendr\u00e1n que ayudar m\u00e1s a sus seres cercanos (77,8%), pero al mismo tiempo, el 58% considera que su situaci\u00f3n econ\u00f3mica personal no va a ir a peor en un futuro y la mitad se sienten seguros con su bienestar personal. Y aunque son minor\u00eda los que creen que su econom\u00eda personal va a mejorar, (11%), ese porcentaje dobla al de 2022.<\/p>\n\n\n\n<p>Y eso que los mayores de 55 a\u00f1os han notado, y mucho, el roto en el bolsillo de la cesta de la compra. Seg\u00fan revela el Bar\u00f3metro, \u201cson aplastante mayor\u00eda los s\u00e9nior&nbsp;que han notado bastante o mucho la subida de los precios fruto de la inflaci\u00f3n\u201d, concretamente un 94,5%.<\/p>\n\n\n\n<p>Tal y como revela <a href=\"https:\/\/documentacion.fundacionmapfre.org\/documentacion\/publico\/es\/media\/group\/1122919.do\" rel=\"noreferrer noopener\" target=\"_blank\">el estudio<\/a>, \u201cla generaci\u00f3n plateada tiene dos principales partidas de gasto: alimentos y bebidas no alcoh\u00f3licas; y vivienda, agua, energ\u00eda y suministros b\u00e1sicos\u201d. Dos \u00e1mbitos en los que creen, mayoritariamente, que este a\u00f1o gastar\u00e1n m\u00e1s. Ocho de cada diez&nbsp;espa\u00f1oles s\u00e9nior creen no poder gastar menos en sanidad (85%) ni vivienda (82%) sin ver afectada su calidad de vida. En el otro extremo, m\u00e1s de un 25% prev\u00e9n reducir su gasto en restauraci\u00f3n, art\u00edculos para el hogar, as\u00ed como en ocio y cultura.<\/p>\n\n\n\n<p>Pese al temor por la evoluci\u00f3n futura de la inflaci\u00f3n, los s\u00e9nior espa\u00f1oles siguen apostando por el ocio. Un 76% de los mayores de 55 a\u00f1os tiene previsto realizar alg\u00fan viaje por ocio o turismo a lo largo de este a\u00f1o. Se trata fundamentalmente de viajes dentro de Espa\u00f1a, pero fuera de su propia comunidad aut\u00f3noma (en un 53% de los casos), aunque un 28% prev\u00e9 hacer un viaje internacional.<\/p>\n\n\n\n<p>Sobre el autor:<\/p>\n\n\n\n<p>Beatriz Torija<\/p>\n\n\n\n<p>Beatriz Torija es periodista y documentalista, especializada en informaci\u00f3n econ\u00f3mica. Lleva 20 a\u00f1os contando la actualidad de la econom\u00eda y los mercados financieros a trav\u00e9s de la radio, la televisi\u00f3n y la prensa escrita. Adem\u00e1s, cocina y fotograf\u00eda.<a href=\"https:\/\/www.65ymas.com\/beatriz-torija_147_115.html\">\u2026 saber m\u00e1s sobre el autor<\/a><\/p>\n\n\n\n<p><a href=\"https:\/\/www.65ymas.com\/barometro-consumidor-senior\/mayores-no-son-carga-son-pieza-basica-demanda-consumo_58187_102.html\">https:\/\/www.65ymas.com\/barometro-consumidor-senior\/mayores-no-son-carga-son-pieza-basica-demanda-consumo_58187_102.html<\/a><\/p>\n","protected":false},"excerpt":{"rendered":"<p>Tienen capacidad para ayudar a su entorno familiar, ahorran, atesoran riqueza, vivienda en propiedad y&#8230;<\/p>\n","protected":false},"author":1,"featured_media":73383,"comment_status":"closed","ping_status":"closed","sticky":false,"template":"","format":"standard","meta":{"_coblocks_attr":"","_coblocks_dimensions":"","_coblocks_responsive_height":"","_coblocks_accordion_ie_support":"","jetpack_post_was_ever_published":false,"_jetpack_newsletter_access":"","_jetpack_dont_email_post_to_subs":true,"_jetpack_newsletter_tier_id":0,"_jetpack_memberships_contains_paywalled_content":false,"_jetpack_memberships_contains_paid_content":false,"footnotes":"","jetpack_publicize_message":"","jetpack_publicize_feature_enabled":true,"jetpack_social_post_already_shared":true,"jetpack_social_options":{"image_generator_settings":{"template":"highway","enabled":false},"version":2}},"categories":[1161,186,44,10],"tags":[],"class_list":["post-73382","post","type-post","status-publish","format-standard","has-post-thumbnail","hentry","category-ciudadania","category-instituciones","category-noticias-de-hoy","category-salud"],"jetpack_publicize_connections":[],"jetpack_featured_media_url":"https:\/\/i0.wp.com\/miradordeatarfe.es\/wp-content\/uploads\/2024\/12\/bigstock-benidorm-spain-april-473968067_1_621x621.jpeg?fit=621%2C621&ssl=1","jetpack_likes_enabled":true,"jetpack_sharing_enabled":true,"_links":{"self":[{"href":"https:\/\/miradordeatarfe.es\/index.php?rest_route=\/wp\/v2\/posts\/73382","targetHints":{"allow":["GET"]}}],"collection":[{"href":"https:\/\/miradordeatarfe.es\/index.php?rest_route=\/wp\/v2\/posts"}],"about":[{"href":"https:\/\/miradordeatarfe.es\/index.php?rest_route=\/wp\/v2\/types\/post"}],"author":[{"embeddable":true,"href":"https:\/\/miradordeatarfe.es\/index.php?rest_route=\/wp\/v2\/users\/1"}],"replies":[{"embeddable":true,"href":"https:\/\/miradordeatarfe.es\/index.php?rest_route=%2Fwp%2Fv2%2Fcomments&post=73382"}],"version-history":[{"count":1,"href":"https:\/\/miradordeatarfe.es\/index.php?rest_route=\/wp\/v2\/posts\/73382\/revisions"}],"predecessor-version":[{"id":73384,"href":"https:\/\/miradordeatarfe.es\/index.php?rest_route=\/wp\/v2\/posts\/73382\/revisions\/73384"}],"wp:featuredmedia":[{"embeddable":true,"href":"https:\/\/miradordeatarfe.es\/index.php?rest_route=\/wp\/v2\/media\/73383"}],"wp:attachment":[{"href":"https:\/\/miradordeatarfe.es\/index.php?rest_route=%2Fwp%2Fv2%2Fmedia&parent=73382"}],"wp:term":[{"taxonomy":"category","embeddable":true,"href":"https:\/\/miradordeatarfe.es\/index.php?rest_route=%2Fwp%2Fv2%2Fcategories&post=73382"},{"taxonomy":"post_tag","embeddable":true,"href":"https:\/\/miradordeatarfe.es\/index.php?rest_route=%2Fwp%2Fv2%2Ftags&post=73382"}],"curies":[{"name":"wp","href":"https:\/\/api.w.org\/{rel}","templated":true}]}}