{"id":73392,"date":"2024-12-12T11:07:00","date_gmt":"2024-12-12T10:07:00","guid":{"rendered":"https:\/\/miradordeatarfe.es\/?p=73392"},"modified":"2024-12-12T11:27:05","modified_gmt":"2024-12-12T10:27:05","slug":"los-influenciadorespor-juan-de-dios-villanueva-roa","status":"publish","type":"post","link":"https:\/\/miradordeatarfe.es\/?p=73392","title":{"rendered":"\u00abLOS INFLUENCIADORES\u00bbpor Juan de Dios Villanueva Roa"},"content":{"rendered":"\n<p class=\"has-medium-font-size\"><strong>Ya s\u00e9 que a la gente le va el morbo, la pele\u00edlla, el dime y los diretes\u2026 Le va mientras no est\u00e9 en juego su pan, su trabajo, su salud, su educaci\u00f3n, su casa.<\/strong><\/p>\n\n\n\n<p> Entonces las cosas deber\u00edan cambiar. La cuesti\u00f3n es que all\u00e1 lejos, en los mundos de quienes se creen intocables, las cosas se ven de otra manera. Y aparecen los manejos, llevar las aguas a su terreno, la manipulaci\u00f3n imp\u00fadica de hechos y la venta al p\u00fablico de sucesos que no lo son. <\/p>\n\n\n\n<p>Aderezan con trocitos de verdades enormes mentiras, como digestivos, y se lo hacen tragar a la gente con el biber\u00f3n de estas formas de comunicaci\u00f3n, que no de conocimiento ni de informaci\u00f3n que han llegado fuera de los l\u00edmites de la raz\u00f3n. <\/p>\n\n\n\n<p>Cuando a un pa\u00eds se le echa abajo un resultado electoral por las manipulaciones de estos influenciadores, contratados a miles para divulgar falsedades por las redes hasta el punto de lograr cambiar las votaciones a una mayor\u00eda, mal vamos. <\/p>\n\n\n\n<p>Es preciso fortalecer la educaci\u00f3n en escuelas e institutos, conseguir una ciudadan\u00eda cr\u00edtica, exigente, que sepa de lo que se habla y que cierre sus puertas a los vendedores de humo y falaciosos que por ah\u00ed caminan sin freno. <\/p>\n\n\n\n<p>Y la justicia debe volver a ser tal. Los jueces han de responder a la sagrada misi\u00f3n que esta sociedad les ha otorgado, y actuar con la ley ante quien utilice los medios con fines contrarios a la sociedad y a la propia ley. Sea quien sea y represente a quien represente. La salud democr\u00e1tica en estos momentos ha de elevarse tanto como la salud de los individuos. Ambas caminan muy desmejoradas \u00faltimamente, y eso parece que produce grandes beneficios a quienes de ello quieren vivir.<\/p>\n\n\n\n<p>FOTO: https:\/\/emprendedores.es\/gestion\/falsos-influencers\/<\/p>\n","protected":false},"excerpt":{"rendered":"<p>Ya s\u00e9 que a la gente le va el morbo, la pele\u00edlla, el dime y&#8230;<\/p>\n","protected":false},"author":1,"featured_media":73393,"comment_status":"closed","ping_status":"closed","sticky":false,"template":"","format":"standard","meta":{"_coblocks_attr":"","_coblocks_dimensions":"","_coblocks_responsive_height":"","_coblocks_accordion_ie_support":"","jetpack_post_was_ever_published":false,"_jetpack_newsletter_access":"","_jetpack_dont_email_post_to_subs":true,"_jetpack_newsletter_tier_id":0,"_jetpack_memberships_contains_paywalled_content":false,"_jetpack_memberships_contains_paid_content":false,"footnotes":"","jetpack_publicize_message":"","jetpack_publicize_feature_enabled":true,"jetpack_social_post_already_shared":false,"jetpack_social_options":{"image_generator_settings":{"template":"highway","enabled":false},"version":2}},"categories":[1161,9772,44,6920],"tags":[],"class_list":["post-73392","post","type-post","status-publish","format-standard","has-post-thumbnail","hentry","category-ciudadania","category-opinion-de-juan-de-dios-villanueva","category-noticias-de-hoy","category-tecnologia"],"jetpack_publicize_connections":[],"jetpack_featured_media_url":"https:\/\/i0.wp.com\/miradordeatarfe.es\/wp-content\/uploads\/2024\/12\/influencers.jpeg?fit=1450%2C723&ssl=1","jetpack_likes_enabled":true,"jetpack_sharing_enabled":true,"_links":{"self":[{"href":"https:\/\/miradordeatarfe.es\/index.php?rest_route=\/wp\/v2\/posts\/73392","targetHints":{"allow":["GET"]}}],"collection":[{"href":"https:\/\/miradordeatarfe.es\/index.php?rest_route=\/wp\/v2\/posts"}],"about":[{"href":"https:\/\/miradordeatarfe.es\/index.php?rest_route=\/wp\/v2\/types\/post"}],"author":[{"embeddable":true,"href":"https:\/\/miradordeatarfe.es\/index.php?rest_route=\/wp\/v2\/users\/1"}],"replies":[{"embeddable":true,"href":"https:\/\/miradordeatarfe.es\/index.php?rest_route=%2Fwp%2Fv2%2Fcomments&post=73392"}],"version-history":[{"count":1,"href":"https:\/\/miradordeatarfe.es\/index.php?rest_route=\/wp\/v2\/posts\/73392\/revisions"}],"predecessor-version":[{"id":73394,"href":"https:\/\/miradordeatarfe.es\/index.php?rest_route=\/wp\/v2\/posts\/73392\/revisions\/73394"}],"wp:featuredmedia":[{"embeddable":true,"href":"https:\/\/miradordeatarfe.es\/index.php?rest_route=\/wp\/v2\/media\/73393"}],"wp:attachment":[{"href":"https:\/\/miradordeatarfe.es\/index.php?rest_route=%2Fwp%2Fv2%2Fmedia&parent=73392"}],"wp:term":[{"taxonomy":"category","embeddable":true,"href":"https:\/\/miradordeatarfe.es\/index.php?rest_route=%2Fwp%2Fv2%2Fcategories&post=73392"},{"taxonomy":"post_tag","embeddable":true,"href":"https:\/\/miradordeatarfe.es\/index.php?rest_route=%2Fwp%2Fv2%2Ftags&post=73392"}],"curies":[{"name":"wp","href":"https:\/\/api.w.org\/{rel}","templated":true}]}}