{"id":73401,"date":"2024-12-14T10:40:00","date_gmt":"2024-12-14T09:40:00","guid":{"rendered":"https:\/\/miradordeatarfe.es\/?p=73401"},"modified":"2024-12-11T13:04:50","modified_gmt":"2024-12-11T12:04:50","slug":"73401","status":"publish","type":"post","link":"https:\/\/miradordeatarfe.es\/?p=73401","title":{"rendered":"ESTAS NAVIDADES VISITA EL MERCADILLO SOLIDARIO CONTRA EL C\u00c1NCER"},"content":{"rendered":"\n<p class=\"has-medium-font-size\"><strong>Desde la la Junta Local contra el Cancer de Atarfe se ha organizado su tradicional MERCADILLO BEN\u00c9FICO QUE EST\u00c1 ABIERTO desde el lunes d\u00eda 2 de diciembre y hasta el 10 de enero , como cada a\u00f1o<\/strong>,<\/p>\n\n\n\n<p>Un equipo de voluntariado muy ilusionado os atender\u00e1 durante esos d\u00edas con alegr\u00eda y gratitud. El dinero recaudado va <strong>destinado a programas de investigaci\u00f3n contra la enfermedad del C\u00e1ncer.<\/strong><\/p>\n\n\n\n<p>Gracias a todas las personas que con sus donaciones hacen posible que el VIII Mercadillo Ben\u00e9fico abra sus puertas, agradecemos tambi\u00e9n a los due\u00f1os del local la cesi\u00f3n del espacio y a todas las personas que nos ayudaron a montarlo.<\/p>\n\n\n\n<p><strong>Plantarle cara al C\u00e1ncer es tarea de todos. Todos Contra el C\u00e1ncer.<\/strong><\/p>\n\n\n\n<p>Este a\u00f1o han mejorado con el local para exponer su mercadillo y est\u00e1n en:<\/p>\n\n\n\n<p class=\"has-large-font-size\"><strong>Avenida de Andaluc\u00eda, al lado de Tejidos Contreras.<\/strong><\/p>\n\n\n\n<p>HORARIO:<\/p>\n\n\n\n<p><strong>Lunes a viernes de<\/strong> <strong>10:30 a 13:30 y de 17 a 20 horas.<\/strong><\/p>\n\n\n\n<p><strong>S\u00e1bados de 10:30 a 13:30.<\/strong><\/p>\n\n\n\n<p><strong>Domingos y Festivos Cerrado<\/strong>.<\/p>\n\n\n\n<figure class=\"wp-block-gallery has-nested-images columns-default is-cropped wp-block-gallery-1 is-layout-flex wp-block-gallery-is-layout-flex\">\n<figure class=\"wp-block-image size-large\"><img data-recalc-dims=\"1\" loading=\"lazy\" decoding=\"async\" width=\"640\" height=\"853\" data-id=\"73402\" src=\"https:\/\/i0.wp.com\/miradordeatarfe.es\/wp-content\/uploads\/2024\/12\/468706174_566227556042836_3790768516493607149_n.jpg?resize=640%2C853&#038;ssl=1\" alt=\"\" class=\"wp-image-73402\" srcset=\"https:\/\/i0.wp.com\/miradordeatarfe.es\/wp-content\/uploads\/2024\/12\/468706174_566227556042836_3790768516493607149_n.jpg?resize=768%2C1024&amp;ssl=1 768w, https:\/\/i0.wp.com\/miradordeatarfe.es\/wp-content\/uploads\/2024\/12\/468706174_566227556042836_3790768516493607149_n.jpg?resize=225%2C300&amp;ssl=1 225w, https:\/\/i0.wp.com\/miradordeatarfe.es\/wp-content\/uploads\/2024\/12\/468706174_566227556042836_3790768516493607149_n.jpg?resize=1152%2C1536&amp;ssl=1 1152w, https:\/\/i0.wp.com\/miradordeatarfe.es\/wp-content\/uploads\/2024\/12\/468706174_566227556042836_3790768516493607149_n.jpg?resize=1024%2C1365&amp;ssl=1 1024w, https:\/\/i0.wp.com\/miradordeatarfe.es\/wp-content\/uploads\/2024\/12\/468706174_566227556042836_3790768516493607149_n.jpg?w=1200&amp;ssl=1 1200w\" sizes=\"auto, (max-width: 640px) 100vw, 640px\" \/><\/figure>\n\n\n\n<figure class=\"wp-block-image size-large\"><img data-recalc-dims=\"1\" loading=\"lazy\" decoding=\"async\" width=\"576\" height=\"1024\" data-id=\"73403\" src=\"https:\/\/i0.wp.com\/miradordeatarfe.es\/wp-content\/uploads\/2024\/12\/468772497_566227552709503_69062482284567417_n.jpg?resize=576%2C1024&#038;ssl=1\" alt=\"\" class=\"wp-image-73403\" srcset=\"https:\/\/i0.wp.com\/miradordeatarfe.es\/wp-content\/uploads\/2024\/12\/468772497_566227552709503_69062482284567417_n.jpg?resize=576%2C1024&amp;ssl=1 576w, https:\/\/i0.wp.com\/miradordeatarfe.es\/wp-content\/uploads\/2024\/12\/468772497_566227552709503_69062482284567417_n.jpg?resize=169%2C300&amp;ssl=1 169w, https:\/\/i0.wp.com\/miradordeatarfe.es\/wp-content\/uploads\/2024\/12\/468772497_566227552709503_69062482284567417_n.jpg?resize=768%2C1365&amp;ssl=1 768w, https:\/\/i0.wp.com\/miradordeatarfe.es\/wp-content\/uploads\/2024\/12\/468772497_566227552709503_69062482284567417_n.jpg?resize=864%2C1536&amp;ssl=1 864w, https:\/\/i0.wp.com\/miradordeatarfe.es\/wp-content\/uploads\/2024\/12\/468772497_566227552709503_69062482284567417_n.jpg?resize=1024%2C1820&amp;ssl=1 1024w, https:\/\/i0.wp.com\/miradordeatarfe.es\/wp-content\/uploads\/2024\/12\/468772497_566227552709503_69062482284567417_n.jpg?w=1134&amp;ssl=1 1134w\" sizes=\"auto, (max-width: 576px) 100vw, 576px\" \/><\/figure>\n\n\n\n<figure class=\"wp-block-image size-large\"><img data-recalc-dims=\"1\" loading=\"lazy\" decoding=\"async\" width=\"576\" height=\"1024\" data-id=\"73404\" src=\"https:\/\/i0.wp.com\/miradordeatarfe.es\/wp-content\/uploads\/2024\/12\/468995962_566227652709493_2882140891251682485_n.jpg?resize=576%2C1024&#038;ssl=1\" alt=\"\" class=\"wp-image-73404\" srcset=\"https:\/\/i0.wp.com\/miradordeatarfe.es\/wp-content\/uploads\/2024\/12\/468995962_566227652709493_2882140891251682485_n.jpg?resize=576%2C1024&amp;ssl=1 576w, https:\/\/i0.wp.com\/miradordeatarfe.es\/wp-content\/uploads\/2024\/12\/468995962_566227652709493_2882140891251682485_n.jpg?resize=169%2C300&amp;ssl=1 169w, https:\/\/i0.wp.com\/miradordeatarfe.es\/wp-content\/uploads\/2024\/12\/468995962_566227652709493_2882140891251682485_n.jpg?resize=768%2C1365&amp;ssl=1 768w, https:\/\/i0.wp.com\/miradordeatarfe.es\/wp-content\/uploads\/2024\/12\/468995962_566227652709493_2882140891251682485_n.jpg?resize=864%2C1536&amp;ssl=1 864w, https:\/\/i0.wp.com\/miradordeatarfe.es\/wp-content\/uploads\/2024\/12\/468995962_566227652709493_2882140891251682485_n.jpg?resize=1024%2C1820&amp;ssl=1 1024w, https:\/\/i0.wp.com\/miradordeatarfe.es\/wp-content\/uploads\/2024\/12\/468995962_566227652709493_2882140891251682485_n.jpg?w=1134&amp;ssl=1 1134w\" sizes=\"auto, (max-width: 576px) 100vw, 576px\" \/><\/figure>\n\n\n\n<figure class=\"wp-block-image size-large\"><img data-recalc-dims=\"1\" loading=\"lazy\" decoding=\"async\" width=\"576\" height=\"1024\" data-id=\"73405\" src=\"https:\/\/i0.wp.com\/miradordeatarfe.es\/wp-content\/uploads\/2024\/12\/468201417_566227559376169_2537619062023976770_n.jpg?resize=576%2C1024&#038;ssl=1\" alt=\"\" class=\"wp-image-73405\" srcset=\"https:\/\/i0.wp.com\/miradordeatarfe.es\/wp-content\/uploads\/2024\/12\/468201417_566227559376169_2537619062023976770_n.jpg?resize=576%2C1024&amp;ssl=1 576w, https:\/\/i0.wp.com\/miradordeatarfe.es\/wp-content\/uploads\/2024\/12\/468201417_566227559376169_2537619062023976770_n.jpg?resize=169%2C300&amp;ssl=1 169w, https:\/\/i0.wp.com\/miradordeatarfe.es\/wp-content\/uploads\/2024\/12\/468201417_566227559376169_2537619062023976770_n.jpg?resize=768%2C1365&amp;ssl=1 768w, https:\/\/i0.wp.com\/miradordeatarfe.es\/wp-content\/uploads\/2024\/12\/468201417_566227559376169_2537619062023976770_n.jpg?resize=864%2C1536&amp;ssl=1 864w, https:\/\/i0.wp.com\/miradordeatarfe.es\/wp-content\/uploads\/2024\/12\/468201417_566227559376169_2537619062023976770_n.jpg?resize=1024%2C1820&amp;ssl=1 1024w, https:\/\/i0.wp.com\/miradordeatarfe.es\/wp-content\/uploads\/2024\/12\/468201417_566227559376169_2537619062023976770_n.jpg?w=1134&amp;ssl=1 1134w\" sizes=\"auto, (max-width: 576px) 100vw, 576px\" \/><\/figure>\n<\/figure>\n","protected":false},"excerpt":{"rendered":"<p>Desde la la Junta Local contra el Cancer de Atarfe se ha organizado su tradicional&#8230;<\/p>\n","protected":false},"author":1,"featured_media":73406,"comment_status":"closed","ping_status":"closed","sticky":false,"template":"","format":"standard","meta":{"_coblocks_attr":"","_coblocks_dimensions":"","_coblocks_responsive_height":"","_coblocks_accordion_ie_support":"","jetpack_post_was_ever_published":false,"_jetpack_newsletter_access":"","_jetpack_dont_email_post_to_subs":true,"_jetpack_newsletter_tier_id":0,"_jetpack_memberships_contains_paywalled_content":false,"_jetpack_memberships_contains_paid_content":false,"footnotes":"","jetpack_publicize_message":"","jetpack_publicize_feature_enabled":true,"jetpack_social_post_already_shared":true,"jetpack_social_options":{"image_generator_settings":{"template":"highway","enabled":false},"version":2}},"categories":[1161,186,44,10799],"tags":[],"class_list":["post-73401","post","type-post","status-publish","format-standard","has-post-thumbnail","hentry","category-ciudadania","category-instituciones","category-noticias-de-hoy","category-voluntariado"],"jetpack_publicize_connections":[],"jetpack_featured_media_url":"https:\/\/i0.wp.com\/miradordeatarfe.es\/wp-content\/uploads\/2024\/12\/468361025_566227659376159_1131304671521530996_n.jpg?fit=1368%2C1824&ssl=1","jetpack_likes_enabled":true,"jetpack_sharing_enabled":true,"_links":{"self":[{"href":"https:\/\/miradordeatarfe.es\/index.php?rest_route=\/wp\/v2\/posts\/73401","targetHints":{"allow":["GET"]}}],"collection":[{"href":"https:\/\/miradordeatarfe.es\/index.php?rest_route=\/wp\/v2\/posts"}],"about":[{"href":"https:\/\/miradordeatarfe.es\/index.php?rest_route=\/wp\/v2\/types\/post"}],"author":[{"embeddable":true,"href":"https:\/\/miradordeatarfe.es\/index.php?rest_route=\/wp\/v2\/users\/1"}],"replies":[{"embeddable":true,"href":"https:\/\/miradordeatarfe.es\/index.php?rest_route=%2Fwp%2Fv2%2Fcomments&post=73401"}],"version-history":[{"count":3,"href":"https:\/\/miradordeatarfe.es\/index.php?rest_route=\/wp\/v2\/posts\/73401\/revisions"}],"predecessor-version":[{"id":73410,"href":"https:\/\/miradordeatarfe.es\/index.php?rest_route=\/wp\/v2\/posts\/73401\/revisions\/73410"}],"wp:featuredmedia":[{"embeddable":true,"href":"https:\/\/miradordeatarfe.es\/index.php?rest_route=\/wp\/v2\/media\/73406"}],"wp:attachment":[{"href":"https:\/\/miradordeatarfe.es\/index.php?rest_route=%2Fwp%2Fv2%2Fmedia&parent=73401"}],"wp:term":[{"taxonomy":"category","embeddable":true,"href":"https:\/\/miradordeatarfe.es\/index.php?rest_route=%2Fwp%2Fv2%2Fcategories&post=73401"},{"taxonomy":"post_tag","embeddable":true,"href":"https:\/\/miradordeatarfe.es\/index.php?rest_route=%2Fwp%2Fv2%2Ftags&post=73401"}],"curies":[{"name":"wp","href":"https:\/\/api.w.org\/{rel}","templated":true}]}}