{"id":73414,"date":"2024-12-13T11:00:11","date_gmt":"2024-12-13T10:00:11","guid":{"rendered":"https:\/\/miradordeatarfe.es\/?p=73414"},"modified":"2024-12-12T11:26:46","modified_gmt":"2024-12-12T10:26:46","slug":"atarfe-hoy-gala-de-navidad-a-beneficio-de-la-asociacion-contra-el-cancer","status":"publish","type":"post","link":"https:\/\/miradordeatarfe.es\/?p=73414","title":{"rendered":"ATARFE: HOY GALA DE NAVIDAD A BENEFICIO DE LA ASOCIACI\u00d3N CONTRA EL CANCER"},"content":{"rendered":"\n<p class=\"has-medium-font-size\"><strong>No te pierdas la Gala de Navidad a Beneficio de la Asociaci\u00f3n Espa\u00f1ola Contra el C\u00e1ncer.<br \/>D\u00eda 13 de diciembre a las 19.30 en el Centro Cultural Medina Elvira<\/strong> <strong>con la coreograf\u00eda de Rocio garc\u00eda Costela<\/strong><\/p>\n\n\n\n<p class=\"has-medium-font-size\">La Asociaci\u00f3n contra el C\u00e1ncer como otras entidades ayuda a pacientes y familiares durante la enfermedad a  trav\u00e9s de programas de asesoramiento de recursos y autocuidados,  atenci\u00f3n sanitaria, psicol\u00f3gica y social, alojamiento en pisos y  residencias durante el tratamiento, orientaci\u00f3n laboral, voluntariado de  acompa\u00f1amiento y campamento para ni\u00f1os con c\u00e1ncer. Adem\u00e1s, financia  programas de investigaci\u00f3n (prevenci\u00f3n, diagn\u00f3stico precoz,  clasificaci\u00f3n, tratamientos, resistencias y met\u00e1stasis)<br \/><br \/>Precio de la entrada 4\u20ac<br \/>Venta anticipada : Mercadillo Ben\u00e9fico Aecc.<br \/>Ada. Andaluc\u00eda N.\u00ba 19.<br \/>Horario: Lunes a viernes 10:30 a 13:30<br \/>17.00 a 20:00<br \/>S\u00e1bados 10:30 a13:30<br \/>Domingos y Festivos Cerrado.<br \/><br \/>TODOS CONTRA EL C\u00c1NCER<\/p>\n\n\n\n<figure class=\"wp-block-image size-large\"><img data-recalc-dims=\"1\" loading=\"lazy\" decoding=\"async\" width=\"640\" height=\"905\" src=\"https:\/\/i0.wp.com\/miradordeatarfe.es\/wp-content\/uploads\/2024\/12\/468604446_567927112539547_5639073757693230777_n.jpg?resize=640%2C905&#038;ssl=1\" alt=\"\" class=\"wp-image-73415\" srcset=\"https:\/\/i0.wp.com\/miradordeatarfe.es\/wp-content\/uploads\/2024\/12\/468604446_567927112539547_5639073757693230777_n.jpg?resize=724%2C1024&amp;ssl=1 724w, https:\/\/i0.wp.com\/miradordeatarfe.es\/wp-content\/uploads\/2024\/12\/468604446_567927112539547_5639073757693230777_n.jpg?resize=212%2C300&amp;ssl=1 212w, https:\/\/i0.wp.com\/miradordeatarfe.es\/wp-content\/uploads\/2024\/12\/468604446_567927112539547_5639073757693230777_n.jpg?resize=768%2C1086&amp;ssl=1 768w, https:\/\/i0.wp.com\/miradordeatarfe.es\/wp-content\/uploads\/2024\/12\/468604446_567927112539547_5639073757693230777_n.jpg?resize=1086%2C1536&amp;ssl=1 1086w, https:\/\/i0.wp.com\/miradordeatarfe.es\/wp-content\/uploads\/2024\/12\/468604446_567927112539547_5639073757693230777_n.jpg?resize=1024%2C1449&amp;ssl=1 1024w, https:\/\/i0.wp.com\/miradordeatarfe.es\/wp-content\/uploads\/2024\/12\/468604446_567927112539547_5639073757693230777_n.jpg?w=1131&amp;ssl=1 1131w\" sizes=\"auto, (max-width: 640px) 100vw, 640px\" \/><\/figure>\n","protected":false},"excerpt":{"rendered":"<p>No te pierdas la Gala de Navidad a Beneficio de la Asociaci\u00f3n Espa\u00f1ola Contra el&#8230;<\/p>\n","protected":false},"author":1,"featured_media":73416,"comment_status":"closed","ping_status":"closed","sticky":false,"template":"","format":"standard","meta":{"_coblocks_attr":"","_coblocks_dimensions":"","_coblocks_responsive_height":"","_coblocks_accordion_ie_support":"","jetpack_post_was_ever_published":false,"_jetpack_newsletter_access":"","_jetpack_dont_email_post_to_subs":true,"_jetpack_newsletter_tier_id":0,"_jetpack_memberships_contains_paywalled_content":false,"_jetpack_memberships_contains_paid_content":false,"footnotes":"","jetpack_publicize_message":"","jetpack_publicize_feature_enabled":true,"jetpack_social_post_already_shared":true,"jetpack_social_options":{"image_generator_settings":{"template":"highway","enabled":false},"version":2}},"categories":[1],"tags":[],"class_list":["post-73414","post","type-post","status-publish","format-standard","has-post-thumbnail","hentry","category-uncategorized"],"jetpack_publicize_connections":[],"jetpack_featured_media_url":"https:\/\/i0.wp.com\/miradordeatarfe.es\/wp-content\/uploads\/2024\/12\/468604446_567927112539547_5639073757693230777_nb.jpg?fit=1130%2C1091&ssl=1","jetpack_likes_enabled":true,"jetpack_sharing_enabled":true,"_links":{"self":[{"href":"https:\/\/miradordeatarfe.es\/index.php?rest_route=\/wp\/v2\/posts\/73414","targetHints":{"allow":["GET"]}}],"collection":[{"href":"https:\/\/miradordeatarfe.es\/index.php?rest_route=\/wp\/v2\/posts"}],"about":[{"href":"https:\/\/miradordeatarfe.es\/index.php?rest_route=\/wp\/v2\/types\/post"}],"author":[{"embeddable":true,"href":"https:\/\/miradordeatarfe.es\/index.php?rest_route=\/wp\/v2\/users\/1"}],"replies":[{"embeddable":true,"href":"https:\/\/miradordeatarfe.es\/index.php?rest_route=%2Fwp%2Fv2%2Fcomments&post=73414"}],"version-history":[{"count":1,"href":"https:\/\/miradordeatarfe.es\/index.php?rest_route=\/wp\/v2\/posts\/73414\/revisions"}],"predecessor-version":[{"id":73417,"href":"https:\/\/miradordeatarfe.es\/index.php?rest_route=\/wp\/v2\/posts\/73414\/revisions\/73417"}],"wp:featuredmedia":[{"embeddable":true,"href":"https:\/\/miradordeatarfe.es\/index.php?rest_route=\/wp\/v2\/media\/73416"}],"wp:attachment":[{"href":"https:\/\/miradordeatarfe.es\/index.php?rest_route=%2Fwp%2Fv2%2Fmedia&parent=73414"}],"wp:term":[{"taxonomy":"category","embeddable":true,"href":"https:\/\/miradordeatarfe.es\/index.php?rest_route=%2Fwp%2Fv2%2Fcategories&post=73414"},{"taxonomy":"post_tag","embeddable":true,"href":"https:\/\/miradordeatarfe.es\/index.php?rest_route=%2Fwp%2Fv2%2Ftags&post=73414"}],"curies":[{"name":"wp","href":"https:\/\/api.w.org\/{rel}","templated":true}]}}