{"id":73419,"date":"2024-12-14T11:00:00","date_gmt":"2024-12-14T10:00:00","guid":{"rendered":"https:\/\/miradordeatarfe.es\/?p=73419"},"modified":"2024-12-11T13:53:05","modified_gmt":"2024-12-11T12:53:05","slug":"hoy-concierto-por-la-banda-provincial-federband-de-granada","status":"publish","type":"post","link":"https:\/\/miradordeatarfe.es\/?p=73419","title":{"rendered":"HOY CONCIERTO POR LA BANDA PROVINCIAL FEDERBAND DE GRANADA"},"content":{"rendered":"\n<p class=\"has-medium-font-size\"><strong>A LAS 20H EN EL CENTRO CULTURAL MEDINA ELVIRA DE ATARFE Y DIRIGIDO POR S\u00c4UL G\u00d3MEZ SOLER  LA BANDA ACTUAR\u00c1 CON LA PARTICIPACI\u00d3N DE LA ASOCIACI\u00d3N ART\u00cdSTICA Y CULTURAL CIUDAD DE ATARFE<\/strong><\/p>\n\n\n\n<p><strong>\u00bfQu\u00e9 es Federband?<\/strong><\/p>\n\n\n\n<p>Es as\u00ed conocida a la <strong>Federaci\u00f3n Andaluza de Bandas de M\u00fasica no profesionales<\/strong> a la que pertenece la <strong>Banda Sinf\u00f3nica Municipal de M\u00fasica Ciudad Atarfe<\/strong><\/p>\n\n\n\n<p>Se constituye como una organizaci\u00f3n sin \u00e1nimo de lucro de car\u00e1cter civil, con el prop\u00f3sito de coordinar e integrar el movimiento asociativo musical y cultural de la Comunidad Aut\u00f3noma de Andaluc\u00eda, representado por sus Sociedades Musicales con sus Escuelas y sus Bandas de M\u00fasica, entidades que tradicionalmente han contribuido a conservar una parte importante del patrimonio cultural y musical de nuestros pueblos.<\/p>\n\n\n\n<figure class=\"wp-block-image size-large\"><img data-recalc-dims=\"1\" loading=\"lazy\" decoding=\"async\" width=\"640\" height=\"930\" src=\"https:\/\/i0.wp.com\/miradordeatarfe.es\/wp-content\/uploads\/2024\/12\/Imagen-de-WhatsApp-2024-12-11-a-las-13.45.42_82e5712b.jpg?resize=640%2C930&#038;ssl=1\" alt=\"\" class=\"wp-image-73420\" srcset=\"https:\/\/i0.wp.com\/miradordeatarfe.es\/wp-content\/uploads\/2024\/12\/Imagen-de-WhatsApp-2024-12-11-a-las-13.45.42_82e5712b.jpg?resize=705%2C1024&amp;ssl=1 705w, https:\/\/i0.wp.com\/miradordeatarfe.es\/wp-content\/uploads\/2024\/12\/Imagen-de-WhatsApp-2024-12-11-a-las-13.45.42_82e5712b.jpg?resize=206%2C300&amp;ssl=1 206w, https:\/\/i0.wp.com\/miradordeatarfe.es\/wp-content\/uploads\/2024\/12\/Imagen-de-WhatsApp-2024-12-11-a-las-13.45.42_82e5712b.jpg?resize=768%2C1116&amp;ssl=1 768w, https:\/\/i0.wp.com\/miradordeatarfe.es\/wp-content\/uploads\/2024\/12\/Imagen-de-WhatsApp-2024-12-11-a-las-13.45.42_82e5712b.jpg?resize=1057%2C1536&amp;ssl=1 1057w, https:\/\/i0.wp.com\/miradordeatarfe.es\/wp-content\/uploads\/2024\/12\/Imagen-de-WhatsApp-2024-12-11-a-las-13.45.42_82e5712b.jpg?resize=1024%2C1488&amp;ssl=1 1024w, https:\/\/i0.wp.com\/miradordeatarfe.es\/wp-content\/uploads\/2024\/12\/Imagen-de-WhatsApp-2024-12-11-a-las-13.45.42_82e5712b.jpg?w=1209&amp;ssl=1 1209w\" sizes=\"auto, (max-width: 640px) 100vw, 640px\" \/><\/figure>\n","protected":false},"excerpt":{"rendered":"<p>A LAS 20H EN EL CENTRO CULTURAL MEDINA ELVIRA DE ATARFE Y DIRIGIDO POR S\u00c4UL&#8230;<\/p>\n","protected":false},"author":1,"featured_media":73421,"comment_status":"closed","ping_status":"closed","sticky":false,"template":"","format":"standard","meta":{"_coblocks_attr":"","_coblocks_dimensions":"","_coblocks_responsive_height":"","_coblocks_accordion_ie_support":"","jetpack_post_was_ever_published":false,"_jetpack_newsletter_access":"","_jetpack_dont_email_post_to_subs":true,"_jetpack_newsletter_tier_id":0,"_jetpack_memberships_contains_paywalled_content":false,"_jetpack_memberships_contains_paid_content":false,"footnotes":"","jetpack_publicize_message":"","jetpack_publicize_feature_enabled":true,"jetpack_social_post_already_shared":true,"jetpack_social_options":{"image_generator_settings":{"template":"highway","enabled":false},"version":2}},"categories":[12,186,44],"tags":[],"class_list":["post-73419","post","type-post","status-publish","format-standard","has-post-thumbnail","hentry","category-cultura","category-instituciones","category-noticias-de-hoy"],"jetpack_publicize_connections":[],"jetpack_featured_media_url":"https:\/\/i0.wp.com\/miradordeatarfe.es\/wp-content\/uploads\/2024\/12\/Imagen-de-WhatsApp-2024-12-11-a-las-13.45.42_82e5712baa.jpg?fit=952%2C881&ssl=1","jetpack_likes_enabled":true,"jetpack_sharing_enabled":true,"_links":{"self":[{"href":"https:\/\/miradordeatarfe.es\/index.php?rest_route=\/wp\/v2\/posts\/73419","targetHints":{"allow":["GET"]}}],"collection":[{"href":"https:\/\/miradordeatarfe.es\/index.php?rest_route=\/wp\/v2\/posts"}],"about":[{"href":"https:\/\/miradordeatarfe.es\/index.php?rest_route=\/wp\/v2\/types\/post"}],"author":[{"embeddable":true,"href":"https:\/\/miradordeatarfe.es\/index.php?rest_route=\/wp\/v2\/users\/1"}],"replies":[{"embeddable":true,"href":"https:\/\/miradordeatarfe.es\/index.php?rest_route=%2Fwp%2Fv2%2Fcomments&post=73419"}],"version-history":[{"count":2,"href":"https:\/\/miradordeatarfe.es\/index.php?rest_route=\/wp\/v2\/posts\/73419\/revisions"}],"predecessor-version":[{"id":73423,"href":"https:\/\/miradordeatarfe.es\/index.php?rest_route=\/wp\/v2\/posts\/73419\/revisions\/73423"}],"wp:featuredmedia":[{"embeddable":true,"href":"https:\/\/miradordeatarfe.es\/index.php?rest_route=\/wp\/v2\/media\/73421"}],"wp:attachment":[{"href":"https:\/\/miradordeatarfe.es\/index.php?rest_route=%2Fwp%2Fv2%2Fmedia&parent=73419"}],"wp:term":[{"taxonomy":"category","embeddable":true,"href":"https:\/\/miradordeatarfe.es\/index.php?rest_route=%2Fwp%2Fv2%2Fcategories&post=73419"},{"taxonomy":"post_tag","embeddable":true,"href":"https:\/\/miradordeatarfe.es\/index.php?rest_route=%2Fwp%2Fv2%2Ftags&post=73419"}],"curies":[{"name":"wp","href":"https:\/\/api.w.org\/{rel}","templated":true}]}}